{"id":2076,"date":"2021-04-06T09:11:03","date_gmt":"2021-04-06T07:11:03","guid":{"rendered":"http:\/\/agora.xtec.cat\/iemarmediterrania\/?p=2076"},"modified":"2021-04-25T17:01:16","modified_gmt":"2021-04-25T15:01:16","slug":"marxem-de-viatge-amb-mar-mediterrania","status":"publish","type":"post","link":"https:\/\/agora.xtec.cat\/iemarmediterrania\/general\/marxem-de-viatge-amb-mar-mediterrania\/","title":{"rendered":"Marxem de viatge amb Mar Mediterr\u00e0nia"},"content":{"rendered":"<p style=\"text-align: justify;\"><span style=\"font-weight: 400;\">Durant aquest curs l\u2019alumnat de 1r d\u2019ESO de l\u2019Institut escola Mar Mediterr\u00e0nia est\u00e0 duent a terme el projecte ling\u00fc\u00edstic que inclou continguts de les assignatures de catal\u00e0, castell\u00e0 i angl\u00e8s. Durant el projecte l\u2019alumnat desenvolupa una ag\u00e8ncia de viatges en equips cooperatius i organitzen un viatge per un tipus de clients molt concrets (estudiants, gent gran, fam\u00edlies\u2026) que tenen interessos diversos: viatge gastron\u00f2mic, cultural, d\u2019esports d\u2019aventura o una lluna de mel, entre d\u2019altres.<\/span><\/p>\n<p style=\"text-align: justify;\"><span style=\"font-weight: 400;\">L\u2019alumnat, no nom\u00e9s crea l\u2019ag\u00e8ncia de viatges i organitza un viatge per uns clients determinats, sin\u00f3 que tamb\u00e9 desenvolupa una p\u00e0gina web pr\u00f2pia i crea anuncis de r\u00e0dio i per YouTube per publicitar els seus serveis.<\/span><\/p>\n<p style=\"text-align: justify;\"><span style=\"font-weight: 400;\">Per plantejar la creaci\u00f3 de l\u2019ag\u00e8ncia de viatges hem comptat amb el suport extern dels professionals de l\u2019ag\u00e8ncia de viatges mataronina VALUA TRAVEL. A part de realitzar una videoconfer\u00e8ncia amb cada un dels grups bombolla, han estat sempre disponibles perqu\u00e8 l\u2019alumnat els consultes dubtes i per orientar-lo en la tasca encomanada.\u00a0<\/span><\/p>\n<p style=\"text-align: justify;\"><span style=\"font-weight: 400;\">Tamb\u00e9 volem agrair l\u2019assessorament de Katy Villanueva, experta en m\u00e0rqueting, haver participat del projecte oferint una classe magistral sobre publicitat i m\u00e0rqueting enfocada al turisme.\u00a0<\/span><\/p>\n<p style=\"text-align: justify;\">Aqu\u00ed us deixem els flyers, els v\u00eddeos promocionals i els anuncis de r\u00e0dio. Tota una feinada! Felicitats!<\/p>\n\n<h2><a href=\"https:\/\/drive.google.com\/file\/d\/1qRiqK7lAxapH80H80XUu5spJ4Xg6s469\/view?usp=sharing\"><strong><span style=\"color: #0000ff;\"><em>MATAR\u00d3\u00a0\u00a0<\/em><\/span><\/strong><\/a><\/h2>\n<h2><span style=\"color: #0000ff;\"><em><a style=\"color: #0000ff;\" href=\"https:\/\/drive.google.com\/file\/d\/1iJhzBjcjQvBxcCRrDaS0MqsODrl-IRUu\/view?usp=sharing\">LA CIUTAT DE MATAR\u00d3<\/a><\/em><\/span><\/h2>\n<h2><span style=\"color: #0000ff;\"><em><strong><a style=\"color: #0000ff;\" href=\"https:\/\/drive.google.com\/file\/d\/1gP-92OUSHbxCCov3-tZpUaftliOtqz_U\/view?usp=sharing\">GO TRAVEL<\/a><\/strong><\/em><\/span><\/h2>\n<h2><span style=\"color: #0000ff;\"><em><strong><a style=\"color: #0000ff;\" href=\"https:\/\/drive.google.com\/file\/d\/1FBIatK-utkT_89NadRi-2hg2rEtsi8ZL\/view?usp=sharing\">AG\u00c8NCIA DE MATAR\u00d3<\/a><\/strong><\/em><\/span><\/h2>\n<h2><span style=\"color: #0000ff;\"><em><strong><a style=\"color: #0000ff;\" href=\"https:\/\/drive.google.com\/file\/d\/1KmU0n-rpXLj0XNs_1y87Bfz0oiSZQxDs\/view?usp=sharing\">MEDITERR\u00c0NIA VIATGES<\/a><\/strong><\/em><\/span><\/h2>\n<h2><span style=\"color: #0000ff;\"><em><strong><a style=\"color: #0000ff;\" href=\"https:\/\/drive.google.com\/file\/d\/1U-vlrECNrFdqu27HCo2Y6bP7r_8_I9n1\/view?usp=sharing\">KAHIA VIATGES<\/a><\/strong><\/em><\/span><\/h2>\n<h2><span style=\"color: #0000ff;\"><em><strong><a style=\"color: #0000ff;\" href=\"https:\/\/drive.google.com\/file\/d\/14b9T76Y36PIzYgETgR9yGVrijBpPp0uz\/view?usp=sharing\">AG\u00c8NCIA DE VIATGES<\/a><\/strong><\/em><\/span><\/h2>\n<h2><strong><span style=\"color: #339966;\"><a style=\"color: #339966;\" href=\"https:\/\/sites.google.com\/xtec.cat\/latorredebabel\/mediter%C3%A0dio\/reserva-del-2008?authuser=1\">ANUNCIS DE R\u00c0DIO<\/a><\/span><\/strong><\/h2>\n","protected":false},"excerpt":{"rendered":"<p>Durant aquest curs l\u2019alumnat de 1r d\u2019ESO de l\u2019Institut escola Mar Mediterr\u00e0nia est\u00e0 duent a terme el projecte ling\u00fc\u00edstic que inclou continguts de les assignatures de catal\u00e0, castell\u00e0 i angl\u00e8s. Durant el projecte l\u2019alumnat desenvolupa una ag\u00e8ncia de viatges en equips cooperatius i organitzen un&hellip;  <a href=\"https:\/\/agora.xtec.cat\/iemarmediterrania\/general\/marxem-de-viatge-amb-mar-mediterrania\/\" title=\"Read Marxem de viatge amb Mar Mediterr\u00e0nia\">Llegeix m\u00e9s\u00bb<\/a><\/p>\n","protected":false},"author":1,"featured_media":2102,"comment_status":"open","ping_status":"closed","sticky":false,"template":"","format":"standard","meta":{"_bbp_topic_count":0,"_bbp_reply_count":0,"_bbp_total_topic_count":0,"_bbp_total_reply_count":0,"_bbp_voice_count":0,"_bbp_anonymous_reply_count":0,"_bbp_topic_count_hidden":0,"_bbp_reply_count_hidden":0,"_bbp_forum_subforum_count":0,"footnotes":""},"categories":[1,112,156],"tags":[],"class_list":["post-2076","post","type-post","status-publish","format-standard","has-post-thumbnail","hentry","category-general","category-portada","category-secundaria"],"post_mailing_queue_ids":[],"_links":{"self":[{"href":"https:\/\/agora.xtec.cat\/iemarmediterrania\/wp-json\/wp\/v2\/posts\/2076","targetHints":{"allow":["GET"]}}],"collection":[{"href":"https:\/\/agora.xtec.cat\/iemarmediterrania\/wp-json\/wp\/v2\/posts"}],"about":[{"href":"https:\/\/agora.xtec.cat\/iemarmediterrania\/wp-json\/wp\/v2\/types\/post"}],"author":[{"embeddable":true,"href":"https:\/\/agora.xtec.cat\/iemarmediterrania\/wp-json\/wp\/v2\/users\/1"}],"replies":[{"embeddable":true,"href":"https:\/\/agora.xtec.cat\/iemarmediterrania\/wp-json\/wp\/v2\/comments?post=2076"}],"version-history":[{"count":3,"href":"https:\/\/agora.xtec.cat\/iemarmediterrania\/wp-json\/wp\/v2\/posts\/2076\/revisions"}],"predecessor-version":[{"id":2117,"href":"https:\/\/agora.xtec.cat\/iemarmediterrania\/wp-json\/wp\/v2\/posts\/2076\/revisions\/2117"}],"wp:featuredmedia":[{"embeddable":true,"href":"https:\/\/agora.xtec.cat\/iemarmediterrania\/wp-json\/wp\/v2\/media\/2102"}],"wp:attachment":[{"href":"https:\/\/agora.xtec.cat\/iemarmediterrania\/wp-json\/wp\/v2\/media?parent=2076"}],"wp:term":[{"taxonomy":"category","embeddable":true,"href":"https:\/\/agora.xtec.cat\/iemarmediterrania\/wp-json\/wp\/v2\/categories?post=2076"},{"taxonomy":"post_tag","embeddable":true,"href":"https:\/\/agora.xtec.cat\/iemarmediterrania\/wp-json\/wp\/v2\/tags?post=2076"}],"curies":[{"name":"wp","href":"https:\/\/api.w.org\/{rel}","templated":true}]}}