{"id":1928,"date":"2020-10-29T09:45:09","date_gmt":"2020-10-29T08:45:09","guid":{"rendered":"http:\/\/agora.xtec.cat\/iemarmediterrania\/?p=1928"},"modified":"2020-12-10T12:38:39","modified_gmt":"2020-12-10T11:38:39","slug":"treballs-de-sintesi-de-2n-i-3r-de-leso","status":"publish","type":"post","link":"https:\/\/agora.xtec.cat\/iemarmediterrania\/general\/treballs-de-sintesi-de-2n-i-3r-de-leso\/","title":{"rendered":"Treballs de s\u00edntesi de 2n i 3r de l&#8217;ESO"},"content":{"rendered":"<p>En aquest nou article us volem presentar els programes de r\u00e0dio que ha realitzat l&#8217;alumnat de 2n i 3r de l&#8217;ESO aquest principi de curs. Han fet un estudi sobre la COVID-19, les pand\u00e8mies al llarg de la hist\u00f2ria i els nombrosos aspectes sanitaris, tecnol\u00f2gics i, fins i tot, art\u00edstics i literaris que l&#8217;envolten. El resultat de dues setmanes de recerca ha estat la realitzaci\u00f3 dels programes r\u00e0dio que podeu escoltar a continuaci\u00f3. <strong>Recordeu que podeu accedir-hi des del men\u00fa que teniu dalt a l&#8217;esquerra: BIBLIOTECA Y R\u00c0DIO<\/strong><\/p>\n<p>Estem a l&#8217;aire!<\/p>\n<p><a href=\"https:\/\/sites.google.com\/xtec.cat\/latorredebabel\/mediter%C3%A0dio\/reserva-del-2007?authuser=1\">2n de l&#8217;ESO<\/a><\/p>\n<p><a href=\"https:\/\/sites.google.com\/xtec.cat\/latorredebabel\/mediter%C3%A0dio\/reserva-del-2006?authuser=1\">3r de l&#8217;ESO<\/a><\/p>\n","protected":false},"excerpt":{"rendered":"<p>En aquest nou article us volem presentar els programes de r\u00e0dio que ha realitzat l&#8217;alumnat de 2n i 3r de l&#8217;ESO aquest principi de curs. Han fet un estudi sobre la COVID-19, les pand\u00e8mies al llarg de la hist\u00f2ria i els nombrosos aspectes sanitaris, tecnol\u00f2gics&hellip;  <a href=\"https:\/\/agora.xtec.cat\/iemarmediterrania\/general\/treballs-de-sintesi-de-2n-i-3r-de-leso\/\" title=\"Read Treballs de s\u00edntesi de 2n i 3r de l&#8217;ESO\">Llegeix m\u00e9s\u00bb<\/a><\/p>\n","protected":false},"author":1,"featured_media":1605,"comment_status":"open","ping_status":"closed","sticky":false,"template":"","format":"standard","meta":{"_bbp_topic_count":0,"_bbp_reply_count":0,"_bbp_total_topic_count":0,"_bbp_total_reply_count":0,"_bbp_voice_count":0,"_bbp_anonymous_reply_count":0,"_bbp_topic_count_hidden":0,"_bbp_reply_count_hidden":0,"_bbp_forum_subforum_count":0,"footnotes":""},"categories":[1,112,156],"tags":[],"class_list":["post-1928","post","type-post","status-publish","format-standard","has-post-thumbnail","hentry","category-general","category-portada","category-secundaria"],"post_mailing_queue_ids":[],"_links":{"self":[{"href":"https:\/\/agora.xtec.cat\/iemarmediterrania\/wp-json\/wp\/v2\/posts\/1928","targetHints":{"allow":["GET"]}}],"collection":[{"href":"https:\/\/agora.xtec.cat\/iemarmediterrania\/wp-json\/wp\/v2\/posts"}],"about":[{"href":"https:\/\/agora.xtec.cat\/iemarmediterrania\/wp-json\/wp\/v2\/types\/post"}],"author":[{"embeddable":true,"href":"https:\/\/agora.xtec.cat\/iemarmediterrania\/wp-json\/wp\/v2\/users\/1"}],"replies":[{"embeddable":true,"href":"https:\/\/agora.xtec.cat\/iemarmediterrania\/wp-json\/wp\/v2\/comments?post=1928"}],"version-history":[{"count":1,"href":"https:\/\/agora.xtec.cat\/iemarmediterrania\/wp-json\/wp\/v2\/posts\/1928\/revisions"}],"predecessor-version":[{"id":1929,"href":"https:\/\/agora.xtec.cat\/iemarmediterrania\/wp-json\/wp\/v2\/posts\/1928\/revisions\/1929"}],"wp:featuredmedia":[{"embeddable":true,"href":"https:\/\/agora.xtec.cat\/iemarmediterrania\/wp-json\/wp\/v2\/media\/1605"}],"wp:attachment":[{"href":"https:\/\/agora.xtec.cat\/iemarmediterrania\/wp-json\/wp\/v2\/media?parent=1928"}],"wp:term":[{"taxonomy":"category","embeddable":true,"href":"https:\/\/agora.xtec.cat\/iemarmediterrania\/wp-json\/wp\/v2\/categories?post=1928"},{"taxonomy":"post_tag","embeddable":true,"href":"https:\/\/agora.xtec.cat\/iemarmediterrania\/wp-json\/wp\/v2\/tags?post=1928"}],"curies":[{"name":"wp","href":"https:\/\/api.w.org\/{rel}","templated":true}]}}