{"id":1518,"date":"2020-02-26T13:28:06","date_gmt":"2020-02-26T12:28:06","guid":{"rendered":"http:\/\/agora.xtec.cat\/iemarmediterrania\/?p=1518"},"modified":"2020-02-26T13:28:41","modified_gmt":"2020-02-26T12:28:41","slug":"noves-adquisicions-per-la-biblioteca","status":"publish","type":"post","link":"https:\/\/agora.xtec.cat\/iemarmediterrania\/general\/noves-adquisicions-per-la-biblioteca\/","title":{"rendered":"Noves adquisicions per la biblioteca"},"content":{"rendered":"<p>Amb les noves adquisicions de llibres sobre coeducaci\u00f3 i les donacions rebudes en mat\u00e8ria de novel\u00b7la juvenil s&#8217;han ubicat nous prestatges per a la seva localitzaci\u00f3 i visualitzaci\u00f3 m\u00e9s amigable per part dels usuaris.<\/p>\n<p>&nbsp;<\/p>\n<p><a href=\"https:\/\/agora.xtec.cat\/iemarmediterrania\/wp-content\/uploads\/usu1896\/2020\/02\/coeducacio\u0301.jpg\"><img loading=\"lazy\" decoding=\"async\" class=\"alignnone wp-image-1519\" src=\"https:\/\/agora.xtec.cat\/iemarmediterrania\/wp-content\/uploads\/usu1896\/2020\/02\/coeducacio\u0301-760x1024.jpg\" alt=\"\" width=\"865\" height=\"1165\" srcset=\"https:\/\/agora.xtec.cat\/iemarmediterrania\/wp-content\/uploads\/usu1896\/2020\/02\/coeducacio\u0301-760x1024.jpg 760w, https:\/\/agora.xtec.cat\/iemarmediterrania\/wp-content\/uploads\/usu1896\/2020\/02\/coeducacio\u0301-223x300.jpg 223w, https:\/\/agora.xtec.cat\/iemarmediterrania\/wp-content\/uploads\/usu1896\/2020\/02\/coeducacio\u0301-768x1035.jpg 768w, https:\/\/agora.xtec.cat\/iemarmediterrania\/wp-content\/uploads\/usu1896\/2020\/02\/coeducacio\u0301.jpg 1186w\" sizes=\"auto, (max-width: 865px) 100vw, 865px\" \/><\/a> <a href=\"https:\/\/agora.xtec.cat\/iemarmediterrania\/wp-content\/uploads\/usu1896\/2020\/02\/novel\u00b7la-juvenil.jpg\"><img loading=\"lazy\" decoding=\"async\" class=\"alignnone wp-image-1520\" src=\"https:\/\/agora.xtec.cat\/iemarmediterrania\/wp-content\/uploads\/usu1896\/2020\/02\/novel\u00b7la-juvenil-760x1024.jpg\" alt=\"\" width=\"866\" height=\"1167\" srcset=\"https:\/\/agora.xtec.cat\/iemarmediterrania\/wp-content\/uploads\/usu1896\/2020\/02\/novel\u00b7la-juvenil-760x1024.jpg 760w, https:\/\/agora.xtec.cat\/iemarmediterrania\/wp-content\/uploads\/usu1896\/2020\/02\/novel\u00b7la-juvenil-223x300.jpg 223w, https:\/\/agora.xtec.cat\/iemarmediterrania\/wp-content\/uploads\/usu1896\/2020\/02\/novel\u00b7la-juvenil-768x1035.jpg 768w, https:\/\/agora.xtec.cat\/iemarmediterrania\/wp-content\/uploads\/usu1896\/2020\/02\/novel\u00b7la-juvenil.jpg 1186w\" sizes=\"auto, (max-width: 866px) 100vw, 866px\" \/><\/a><\/p>\n","protected":false},"excerpt":{"rendered":"<p>Amb les noves adquisicions de llibres sobre coeducaci\u00f3 i les donacions rebudes en mat\u00e8ria de novel\u00b7la juvenil s&#8217;han ubicat nous prestatges per a la seva localitzaci\u00f3 i visualitzaci\u00f3 m\u00e9s amigable per part dels usuaris.<br \/>\n&nbsp;<br \/>\n<a href=\"https:\/\/agora.xtec.cat\/iemarmediterrania\/wp-content\/uploads\/usu1896\/2020\/02\/coeducacio\u0301.jpg\"><\/a> <a href=\"https:\/\/agora.xtec.cat\/iemarmediterrania\/wp-content\/uploads\/usu1896\/2020\/02\/novel\u00b7la-juvenil.jpg\"><\/a><\/p>\n","protected":false},"author":1,"featured_media":0,"comment_status":"open","ping_status":"closed","sticky":false,"template":"","format":"standard","meta":{"_bbp_topic_count":0,"_bbp_reply_count":0,"_bbp_total_topic_count":0,"_bbp_total_reply_count":0,"_bbp_voice_count":0,"_bbp_anonymous_reply_count":0,"_bbp_topic_count_hidden":0,"_bbp_reply_count_hidden":0,"_bbp_forum_subforum_count":0,"footnotes":""},"categories":[1,112,113,156],"tags":[],"class_list":["post-1518","post","type-post","status-publish","format-standard","hentry","category-general","category-portada","category-primaria","category-secundaria"],"post_mailing_queue_ids":[],"_links":{"self":[{"href":"https:\/\/agora.xtec.cat\/iemarmediterrania\/wp-json\/wp\/v2\/posts\/1518","targetHints":{"allow":["GET"]}}],"collection":[{"href":"https:\/\/agora.xtec.cat\/iemarmediterrania\/wp-json\/wp\/v2\/posts"}],"about":[{"href":"https:\/\/agora.xtec.cat\/iemarmediterrania\/wp-json\/wp\/v2\/types\/post"}],"author":[{"embeddable":true,"href":"https:\/\/agora.xtec.cat\/iemarmediterrania\/wp-json\/wp\/v2\/users\/1"}],"replies":[{"embeddable":true,"href":"https:\/\/agora.xtec.cat\/iemarmediterrania\/wp-json\/wp\/v2\/comments?post=1518"}],"version-history":[{"count":2,"href":"https:\/\/agora.xtec.cat\/iemarmediterrania\/wp-json\/wp\/v2\/posts\/1518\/revisions"}],"predecessor-version":[{"id":1522,"href":"https:\/\/agora.xtec.cat\/iemarmediterrania\/wp-json\/wp\/v2\/posts\/1518\/revisions\/1522"}],"wp:attachment":[{"href":"https:\/\/agora.xtec.cat\/iemarmediterrania\/wp-json\/wp\/v2\/media?parent=1518"}],"wp:term":[{"taxonomy":"category","embeddable":true,"href":"https:\/\/agora.xtec.cat\/iemarmediterrania\/wp-json\/wp\/v2\/categories?post=1518"},{"taxonomy":"post_tag","embeddable":true,"href":"https:\/\/agora.xtec.cat\/iemarmediterrania\/wp-json\/wp\/v2\/tags?post=1518"}],"curies":[{"name":"wp","href":"https:\/\/api.w.org\/{rel}","templated":true}]}}