{"id":1106,"date":"2019-04-11T22:15:13","date_gmt":"2019-04-11T20:15:13","guid":{"rendered":"http:\/\/agora.xtec.cat\/iemarmediterrania\/?p=1106"},"modified":"2022-04-08T12:07:53","modified_gmt":"2022-04-08T10:07:53","slug":"campanya-de-donacio-de-sang-a-lie-mar-mediterrania","status":"publish","type":"post","link":"https:\/\/agora.xtec.cat\/iemarmediterrania\/general\/campanya-de-donacio-de-sang-a-lie-mar-mediterrania\/","title":{"rendered":"Campanya de donaci\u00f3 de sang a l&#8217;IE Mar Mediterr\u00e0nia"},"content":{"rendered":"<p><span style=\"font-weight: 400;\">La campanya de donaci\u00f3 de sang ja s&#8217;acosta&#8230;<\/span><\/p>\n<h3><b>El dimecres 20 d&#8217;abril de 16:00h a 20:00h al gimn\u00e0s del nostre l&#8217;Institut Escola.<\/b><\/h3>\n<p><span style=\"font-weight: 400;\">La campanya de sang \u00e9s un projecte interdisciplinar de centre en la qual participen els infants des de p3 fins als alumnes de 4t de la ESO. Cada etapa amb una tasca a realitzar. Enguany\u00a0 celebrem la 3ra edici\u00f3 l\u2019IE Mar Mediterr\u00e0nia la distribuci\u00f3 del projecte ha estat la seg\u00fcent:<\/span><\/p>\n<p><span style=\"font-weight: 400;\">L\u2019etapa d\u2019Educaci\u00f3 Infantil, han fet la decoraci\u00f3 del gimn\u00e0s, els alumnes de l\u2019etapa inicial, han dissenyat el <a href=\"https:\/\/agora.xtec.cat\/iemarmediterrania\/wp-content\/uploads\/usu1896\/2022\/04\/POSTER-2.jpg\">dibuix<\/a> que surt als cartells i flayer publicitaris i ajudaran a decorar l\u2019entrada del gimn\u00e0s.<\/span><\/p>\n<p><span style=\"font-weight: 400;\">A l\u2019etapa de cicle mitj\u00e0, han ideat l\u2019eslog\u00e0n \u201cCOMPARTIM SANG, DONEM VIDA\u201d, al mateix temps que han elaborat un\u00a0 super detall (regalet) pels donants que se&#8217;ls donar\u00e0 un cop finalitzin la seva donaci\u00f3.\u00a0 Tancant l\u2019etapa de de prim\u00e0ria a cicle superior, s&#8217;encarregaran de dur a terme una<\/span><a href=\"https:\/\/youtu.be\/DGQWG1wrI0k\"> <span style=\"font-weight: 400;\">representaci\u00f3 teatral <\/span><\/a><span style=\"font-weight: 400;\">\u00a0de la campanya als alumnes d\u2019infantil, aix\u00ec com de difondre la publicitat als mitjans de comunicaci\u00f3.<\/span><\/p>\n<p><span style=\"font-weight: 400;\">Pel que fa a l\u2019etapa d\u2019Educaci\u00f3 Secund\u00e0ria (ESO), s\u2019han encarregat de fer les cartes informatives a les fam\u00edlies, elaborar la can\u00e7\u00f3, fer<\/span><a href=\"https:\/\/youtu.be\/wpHUAAf48mM\"> <span style=\"font-weight: 400;\">l\u2019espot publicitari,<\/span><\/a><span style=\"font-weight: 400;\">ser presents a una xerrada per part d\u2019una formadora del Banc de Sang, elaborar una enquesta que es realitzar\u00e0 als donant\u00a0 un cop finalitzin la seva donaci\u00f3, penjar cartells pel barri, repartir flayer al ciutadans,\u00a0 i en el mateix dia de campanya acompanyar als donant en el proc\u00e9s ( des del carrer al gimn\u00e0s, donar enquesta inicial, refrigeri, enquest final, \u2026)<\/span><\/p>\n<p><span style=\"font-weight: 400;\">des de l\u2019Institut Escola Mar Mediterr\u00e0nia us convidem a participar en la campanya de donaci\u00f3 sang, la qual forma part dels projectes que realitzem en el centre.<\/span><\/p>\n<p><span style=\"font-weight: 400;\">Diuen que \u201csi salves una vida ets un heroi, per\u00f2 si en salves moltes ets donant\u201d, aix\u00ed que no us ho penseu m\u00e9s: veniu a donar sang i regaleu vida!<\/span><\/p>\n<p><span style=\"font-weight: 400;\">\u00a0<\/span><\/p>\n<p><span style=\"font-weight: 400;\">La donaci\u00f3 tindr\u00e0 lloc el dia 20 d\u2019abril de 16\u201900h a 20\u201900h al gimn\u00e0s del IE Mar Mediterr\u00e0nia (Passeig de Ramon Berenguer III, 130), per\u00f2 abans de venir recordeu que, per donar sang, cal que tingueu de 18 a 65 anys; heu de pesar 50 quilos o m\u00e9s i han d\u2019haver transcorregut dos mesos des de la darrera vegada que vau donar sang. Tanmateix, no en podreu donar si esteu embarassades, si fa menys de quatre mesos que us heu fet un tatuatge o si esteu prenent antibi\u00f2tics. Si teniu algun tipus de malaltia, caldr\u00e0 que ho consulteu amb l\u2019equip t\u00e8cnic. Tamb\u00e9 us recordem que no \u00e9s necessari venir en dej\u00fa.<\/span><\/p>\n<p><span style=\"font-weight: 400;\">Recordeu que per mesures de seguretat s\u2019ha de reservar hora a l\u2019aplicaci\u00f3<\/span><a href=\"https:\/\/donarsang.gencat.cat\/es\/quiero-donar\/cita\/recogida\/poblacion\/9759\/mataro\/20-04-2022\/\"> <span style=\"font-weight: 400;\">https:\/\/donarsang.gencat.cat\/es\/quiero-donar\/cita\/recogida\/poblacion\/9759\/mataro\/20-04-2022\/<\/span><\/a><\/p>\n<p>&nbsp;<\/p>\n","protected":false},"excerpt":{"rendered":"<p>Com ja portem anunciant un temps des de les xarxes socials, aquest curs engeguem un projecte transversal de centre que ens implica a tots en l&#8217;organitzaci\u00f3 d&#8217;una campanya de donaci\u00f3 de sang.<\/p>\n<p>Ara ja descomptem els dies, ja que la donaci\u00f3 de sang tindr\u00e0 lloc:<\/p>\n<p>El dimecres 24 d&#8217;abril de 15:30h a 19:30h al gimn\u00e0s del nostre l&#8217;Institut Escola.&hellip;  <a href=\"https:\/\/agora.xtec.cat\/iemarmediterrania\/general\/campanya-de-donacio-de-sang-a-lie-mar-mediterrania\/\" title=\"Read Campanya de donaci\u00f3 de sang a l&#8217;IE Mar Mediterr\u00e0nia\">Llegeix m\u00e9s\u00bb<\/a><\/p>\n","protected":false},"author":1,"featured_media":0,"comment_status":"open","ping_status":"closed","sticky":false,"template":"","format":"standard","meta":{"_bbp_topic_count":0,"_bbp_reply_count":0,"_bbp_total_topic_count":0,"_bbp_total_reply_count":0,"_bbp_voice_count":0,"_bbp_anonymous_reply_count":0,"_bbp_topic_count_hidden":0,"_bbp_reply_count_hidden":0,"_bbp_forum_subforum_count":0,"footnotes":""},"categories":[1,112],"tags":[146,149,148,147,150],"class_list":["post-1106","post","type-post","status-publish","format-standard","hentry","category-general","category-portada","tag-campanyadonaciodesang","tag-donaciodesangescoles","tag-donarsang","tag-donarsangesunbatecdevida","tag-projectestransversals"],"post_mailing_queue_ids":[],"_links":{"self":[{"href":"https:\/\/agora.xtec.cat\/iemarmediterrania\/wp-json\/wp\/v2\/posts\/1106","targetHints":{"allow":["GET"]}}],"collection":[{"href":"https:\/\/agora.xtec.cat\/iemarmediterrania\/wp-json\/wp\/v2\/posts"}],"about":[{"href":"https:\/\/agora.xtec.cat\/iemarmediterrania\/wp-json\/wp\/v2\/types\/post"}],"author":[{"embeddable":true,"href":"https:\/\/agora.xtec.cat\/iemarmediterrania\/wp-json\/wp\/v2\/users\/1"}],"replies":[{"embeddable":true,"href":"https:\/\/agora.xtec.cat\/iemarmediterrania\/wp-json\/wp\/v2\/comments?post=1106"}],"version-history":[{"count":3,"href":"https:\/\/agora.xtec.cat\/iemarmediterrania\/wp-json\/wp\/v2\/posts\/1106\/revisions"}],"predecessor-version":[{"id":2287,"href":"https:\/\/agora.xtec.cat\/iemarmediterrania\/wp-json\/wp\/v2\/posts\/1106\/revisions\/2287"}],"wp:attachment":[{"href":"https:\/\/agora.xtec.cat\/iemarmediterrania\/wp-json\/wp\/v2\/media?parent=1106"}],"wp:term":[{"taxonomy":"category","embeddable":true,"href":"https:\/\/agora.xtec.cat\/iemarmediterrania\/wp-json\/wp\/v2\/categories?post=1106"},{"taxonomy":"post_tag","embeddable":true,"href":"https:\/\/agora.xtec.cat\/iemarmediterrania\/wp-json\/wp\/v2\/tags?post=1106"}],"curies":[{"name":"wp","href":"https:\/\/api.w.org\/{rel}","templated":true}]}}