{"id":1073,"date":"2019-02-04T13:21:01","date_gmt":"2019-02-04T12:21:01","guid":{"rendered":"http:\/\/agora.xtec.cat\/iemarmediterrania\/?p=1073"},"modified":"2019-02-04T13:21:01","modified_gmt":"2019-02-04T12:21:01","slug":"portes-obertes-ie-mar-mediterrania","status":"publish","type":"post","link":"https:\/\/agora.xtec.cat\/iemarmediterrania\/portada\/portes-obertes-ie-mar-mediterrania\/","title":{"rendered":"PORTES OBERTES IE MAR MEDITERR\u00c0NIA"},"content":{"rendered":"<h1 style=\"text-align: center;\"><strong><span style=\"color: #33cccc;\">PORTES OBERTES IE MAR MEDITERR\u00c0NIA<\/span><\/strong><\/h1>\n<h2 style=\"text-align: center;\"><strong><span style=\"color: #000080;\">Diumenge 17 de mar\u00e7 d&#8217;11 a 13:30h<\/span><\/strong><\/h2>\n<p>&nbsp;<\/p>\n<p><span style=\"color: #003366;\">Com cada curs a aquestes al\u00e7ades, definim la nostra jornada de PORTES OBERTES que enguany ser\u00e0 el diumenge 17 de mar\u00e7 del 2019 d&#8217;11 a 13:30h.<\/span><\/p>\n<p><span style=\"color: #003366;\">Aquesta jornada est\u00e0 oberta a tota la comunitat educativa i a les fam\u00edlies interessades en inscriure els seus fills al centre.<\/span><\/p>\n<p><span style=\"color: #003366;\">Durant aquell mat\u00ed, els mestres del centre acompanyaran les fam\u00edlies per fer una visita per les instal\u00b7lacions i es realitzaran xerrades informatives.<\/span><\/p>\n","protected":false},"excerpt":{"rendered":"<p>PORTES OBERTES IE MAR MEDITERR\u00c0NIA<br \/>\nDiumenge 17 de mar\u00e7 d&#8217;11 a 13:30h<br \/>\n&nbsp;<br \/>\nCom cada curs a aquestes al\u00e7ades, definim la nostra jornada de PORTES OBERTES que enguany ser\u00e0 el diumenge 17 de mar\u00e7 del 2019 d&#8217;11 a 13:30h.<br \/>\nAquesta jornada est\u00e0 oberta a tota la comunitat educativa i&hellip;  <a href=\"https:\/\/agora.xtec.cat\/iemarmediterrania\/portada\/portes-obertes-ie-mar-mediterrania\/\" title=\"Read PORTES OBERTES IE MAR MEDITERR\u00c0NIA\">Llegeix m\u00e9s\u00bb<\/a><\/p>\n","protected":false},"author":1,"featured_media":0,"comment_status":"open","ping_status":"closed","sticky":false,"template":"","format":"standard","meta":{"_bbp_topic_count":0,"_bbp_reply_count":0,"_bbp_total_topic_count":0,"_bbp_total_reply_count":0,"_bbp_voice_count":0,"_bbp_anonymous_reply_count":0,"_bbp_topic_count_hidden":0,"_bbp_reply_count_hidden":0,"_bbp_forum_subforum_count":0,"footnotes":""},"categories":[112],"tags":[144,145,143],"class_list":["post-1073","post","type-post","status-publish","format-standard","hentry","category-portada","tag-jornadaportesobertes","tag-marc2019","tag-portesobertes"],"post_mailing_queue_ids":[],"_links":{"self":[{"href":"https:\/\/agora.xtec.cat\/iemarmediterrania\/wp-json\/wp\/v2\/posts\/1073","targetHints":{"allow":["GET"]}}],"collection":[{"href":"https:\/\/agora.xtec.cat\/iemarmediterrania\/wp-json\/wp\/v2\/posts"}],"about":[{"href":"https:\/\/agora.xtec.cat\/iemarmediterrania\/wp-json\/wp\/v2\/types\/post"}],"author":[{"embeddable":true,"href":"https:\/\/agora.xtec.cat\/iemarmediterrania\/wp-json\/wp\/v2\/users\/1"}],"replies":[{"embeddable":true,"href":"https:\/\/agora.xtec.cat\/iemarmediterrania\/wp-json\/wp\/v2\/comments?post=1073"}],"version-history":[{"count":1,"href":"https:\/\/agora.xtec.cat\/iemarmediterrania\/wp-json\/wp\/v2\/posts\/1073\/revisions"}],"predecessor-version":[{"id":1074,"href":"https:\/\/agora.xtec.cat\/iemarmediterrania\/wp-json\/wp\/v2\/posts\/1073\/revisions\/1074"}],"wp:attachment":[{"href":"https:\/\/agora.xtec.cat\/iemarmediterrania\/wp-json\/wp\/v2\/media?parent=1073"}],"wp:term":[{"taxonomy":"category","embeddable":true,"href":"https:\/\/agora.xtec.cat\/iemarmediterrania\/wp-json\/wp\/v2\/categories?post=1073"},{"taxonomy":"post_tag","embeddable":true,"href":"https:\/\/agora.xtec.cat\/iemarmediterrania\/wp-json\/wp\/v2\/tags?post=1073"}],"curies":[{"name":"wp","href":"https:\/\/api.w.org\/{rel}","templated":true}]}}