{"id":3908,"date":"2022-06-01T16:44:42","date_gmt":"2022-06-01T14:44:42","guid":{"rendered":"https:\/\/agora.xtec.cat\/ielloret\/?p=3908"},"modified":"2022-06-08T12:00:13","modified_gmt":"2022-06-08T10:00:13","slug":"unio-dels-carrils-bicis-de-lloret-gracies-als-alumnes-de-lie-lloret","status":"publish","type":"post","link":"https:\/\/agora.xtec.cat\/ielloret\/general\/unio-dels-carrils-bicis-de-lloret-gracies-als-alumnes-de-lie-lloret\/","title":{"rendered":"Uni\u00f3 dels carrils bicis de Lloret gr\u00e0cies als alumnes de l&#8217;IE Lloret"},"content":{"rendered":"<p><a href=\"https:\/\/agora.xtec.cat\/ielloret\/wp-content\/uploads\/usu443\/2022\/06\/WhatsApp-Image-2022-05-27-at-13.11.45-7.jpeg\"><img loading=\"lazy\" decoding=\"async\" class=\"alignnone size-large wp-image-3909\" src=\"https:\/\/agora.xtec.cat\/ielloret\/wp-content\/uploads\/usu443\/2022\/06\/WhatsApp-Image-2022-05-27-at-13.11.45-7-1024x769.jpeg\" alt=\"\" width=\"1024\" height=\"769\" srcset=\"https:\/\/agora.xtec.cat\/ielloret\/wp-content\/uploads\/usu443\/2022\/06\/WhatsApp-Image-2022-05-27-at-13.11.45-7-1024x769.jpeg 1024w, https:\/\/agora.xtec.cat\/ielloret\/wp-content\/uploads\/usu443\/2022\/06\/WhatsApp-Image-2022-05-27-at-13.11.45-7-300x225.jpeg 300w, https:\/\/agora.xtec.cat\/ielloret\/wp-content\/uploads\/usu443\/2022\/06\/WhatsApp-Image-2022-05-27-at-13.11.45-7-768x576.jpeg 768w, https:\/\/agora.xtec.cat\/ielloret\/wp-content\/uploads\/usu443\/2022\/06\/WhatsApp-Image-2022-05-27-at-13.11.45-7-1536x1153.jpeg 1536w, https:\/\/agora.xtec.cat\/ielloret\/wp-content\/uploads\/usu443\/2022\/06\/WhatsApp-Image-2022-05-27-at-13.11.45-7-200x150.jpeg 200w, https:\/\/agora.xtec.cat\/ielloret\/wp-content\/uploads\/usu443\/2022\/06\/WhatsApp-Image-2022-05-27-at-13.11.45-7.jpeg 2048w\" sizes=\"auto, (max-width: 1024px) 100vw, 1024px\" \/><\/a><\/p>\n<p>&nbsp;<\/p>\n<p><span style=\"font-weight: 400;\">Enguany l\u2019alumnat de 3r d\u2019ESO ha realitzat un projecte d\u2019obra i servei emmarcat en l\u2019acci\u00f3 educativa de servei comunitari.<\/span><\/p>\n<p>&nbsp;<\/p>\n<p><span style=\"font-weight: 400;\">El projecte ha tingut per objectius fomentar i promoure entre l&#8217;alumnat:<\/span><\/p>\n<p>&nbsp;<\/p>\n<ul>\n<li style=\"font-weight: 400;\" aria-level=\"1\"><span style=\"font-weight: 400;\">Els valors de la sostenibilitat.<\/span><\/li>\n<li style=\"font-weight: 400;\" aria-level=\"1\"><span style=\"font-weight: 400;\">La sensaci\u00f3 de pertinen\u00e7a i arrelament a la localitat.<\/span><\/li>\n<li style=\"font-weight: 400;\" aria-level=\"1\"><span style=\"font-weight: 400;\">La participaci\u00f3 ciutadana activa, conscient i democr\u00e0tica.<\/span><\/li>\n<li style=\"font-weight: 400;\" aria-level=\"1\"><span style=\"font-weight: 400;\">Donar resposta a les necessitats socials emergents.\u00a0<\/span><\/li>\n<li style=\"font-weight: 400;\" aria-level=\"1\"><span style=\"font-weight: 400;\">El treball en xarxa i la coresponsabilitzaci\u00f3.<\/span><\/li>\n<li style=\"font-weight: 400;\" aria-level=\"1\"><span style=\"font-weight: 400;\">La mentalitat de millora constant.<\/span><\/li>\n<\/ul>\n<p>&nbsp;<\/p>\n<p><span style=\"font-weight: 400;\">A m\u00e9s, ha proporcionat l\u2019adquisici\u00f3 de coneixements en mat\u00e8ries com les ci\u00e8ncies socials, l\u2019educaci\u00f3 f\u00edsica i l\u2019educaci\u00f3 eticoc\u00edvica.<\/span><\/p>\n<p>&nbsp;<\/p>\n<p><span style=\"font-weight: 400;\">LA l\u2019IE som una comunitat molt sensibilitzada amb el medi ambient, fet pel qual utilitzem diariament i amb gran aprofitament els aparcaments de bicicletes a dins l\u2019Institut Escola que l\u2019Ajuntament va instal\u00b7lar com a resultat del PMUS (Pla de Mobilitat Sostenible) de Lloret de Mar 2014-2019.<\/span><\/p>\n<p>Publicacions a on es fan ress\u00f2 del treball fet pels alumnes:<\/p>\n<p><a href=\"https:\/\/drive.google.com\/drive\/folders\/1cU-20lcPrIOJSm1_IfcfqV741lBnahsP?usp=sharing\">Diari de Girona<\/a><\/p>\n<p><a href=\"https:\/\/www.novaradiolloret.org\/el-grup-de-3r-deso-de-lie-presenta-a-lalcalde-un-projecte-de-millora-dels-carrils-bici\/\">Nova r\u00e0dio Lloret amb alumnes i alcalde<\/a><\/p>\n<p><a href=\"https:\/\/www.google.com\/url?q=https:\/\/www.novaradiolloret.org\/lajuntament-unira-tots-els-carrils-bici-de-lloret-tal-com-demana-lalumnat-de-lie\/&amp;sa=D&amp;source=docs&amp;ust=1654531159888851&amp;usg=AOvVaw2C6fSL2HDMMKzwys-7PMic\">Nova r\u00e0dio Lloret amb alumnes i professors<\/a><\/p>\n<p>A continuaci\u00f3 podeu veure en fotos, la trobada entre els alumnes de l&#8217;IE Lloret i l&#8217;alcaldia<\/p>\n<p><a href=\"https:\/\/drive.google.com\/drive\/folders\/1cU-20lcPrIOJSm1_IfcfqV741lBnahsP?usp=sharing\"><img loading=\"lazy\" decoding=\"async\" class=\"alignnone wp-image-1458\" src=\"https:\/\/agora.xtec.cat\/ielloret\/wp-content\/uploads\/usu443\/2018\/09\/drive.jpg\" alt=\"\" width=\"79\" height=\"79\" srcset=\"https:\/\/agora.xtec.cat\/ielloret\/wp-content\/uploads\/usu443\/2018\/09\/drive.jpg 225w, https:\/\/agora.xtec.cat\/ielloret\/wp-content\/uploads\/usu443\/2018\/09\/drive-150x150.jpg 150w\" sizes=\"auto, (max-width: 79px) 100vw, 79px\" \/><\/a><\/p>\n","protected":false},"excerpt":{"rendered":"<p><a href=\"https:\/\/agora.xtec.cat\/ielloret\/wp-content\/uploads\/usu443\/2022\/06\/WhatsApp-Image-2022-05-27-at-13.11.45-7.jpeg\"><\/a><br \/>\n&nbsp;<br \/>\nEnguany l\u2019alumnat de 3r d\u2019ESO ha realitzat un projecte d\u2019obra i servei emmarcat en l\u2019acci\u00f3 educativa de servei comunitari.<br \/>\n&nbsp;<br \/>\nEl projecte ha tingut per objectius fomentar i promoure entre l&#8217;alumnat:<br \/>\n&nbsp;<\/p>\n<ul>\n<li style=\"font-weight: 400;\" aria-level=\"1\">Els valors de la sostenibilitat.<\/li>\n<li style=\"font-weight: 400;\" aria-level=\"1\">La sensaci\u00f3 de pertinen\u00e7a i arrelament&hellip;  <a href=\"https:\/\/agora.xtec.cat\/ielloret\/general\/unio-dels-carrils-bicis-de-lloret-gracies-als-alumnes-de-lie-lloret\/\" title=\"Read Uni\u00f3 dels carrils bicis de Lloret gr\u00e0cies als alumnes de l&#8217;IE Lloret\">Llegeix m\u00e9s\u00bb<\/a><br \/>\n","protected":false},"author":6,"featured_media":0,"comment_status":"open","ping_status":"closed","sticky":false,"template":"","format":"standard","meta":{"_bbp_topic_count":0,"_bbp_reply_count":0,"_bbp_total_topic_count":0,"_bbp_total_reply_count":0,"_bbp_voice_count":0,"_bbp_anonymous_reply_count":0,"_bbp_topic_count_hidden":0,"_bbp_reply_count_hidden":0,"_bbp_forum_subforum_count":0,"footnotes":""},"categories":[1,4],"tags":[137,128],"class_list":["post-3908","post","type-post","status-publish","format-standard","hentry","category-general","category-portada","tag-maig2022","tag-mobils-edu"],"post_mailing_queue_ids":[],"_links":{"self":[{"href":"https:\/\/agora.xtec.cat\/ielloret\/wp-json\/wp\/v2\/posts\/3908","targetHints":{"allow":["GET"]}}],"collection":[{"href":"https:\/\/agora.xtec.cat\/ielloret\/wp-json\/wp\/v2\/posts"}],"about":[{"href":"https:\/\/agora.xtec.cat\/ielloret\/wp-json\/wp\/v2\/types\/post"}],"author":[{"embeddable":true,"href":"https:\/\/agora.xtec.cat\/ielloret\/wp-json\/wp\/v2\/users\/6"}],"replies":[{"embeddable":true,"href":"https:\/\/agora.xtec.cat\/ielloret\/wp-json\/wp\/v2\/comments?post=3908"}],"version-history":[{"count":2,"href":"https:\/\/agora.xtec.cat\/ielloret\/wp-json\/wp\/v2\/posts\/3908\/revisions"}],"predecessor-version":[{"id":3911,"href":"https:\/\/agora.xtec.cat\/ielloret\/wp-json\/wp\/v2\/posts\/3908\/revisions\/3911"}],"wp:attachment":[{"href":"https:\/\/agora.xtec.cat\/ielloret\/wp-json\/wp\/v2\/media?parent=3908"}],"wp:term":[{"taxonomy":"category","embeddable":true,"href":"https:\/\/agora.xtec.cat\/ielloret\/wp-json\/wp\/v2\/categories?post=3908"},{"taxonomy":"post_tag","embeddable":true,"href":"https:\/\/agora.xtec.cat\/ielloret\/wp-json\/wp\/v2\/tags?post=3908"}],"curies":[{"name":"wp","href":"https:\/\/api.w.org\/{rel}","templated":true}]}}