{"id":2259,"date":"2019-03-25T20:50:35","date_gmt":"2019-03-25T19:50:35","guid":{"rendered":"http:\/\/agora.xtec.cat\/ielloret\/?p=2259"},"modified":"2019-04-08T12:09:34","modified_gmt":"2019-04-08T10:09:34","slug":"els-alumnes-de-secundaria-collaboren-amb-la-campanya-bufa-la-bombolla","status":"publish","type":"post","link":"https:\/\/agora.xtec.cat\/ielloret\/sec\/els-alumnes-de-secundaria-collaboren-amb-la-campanya-bufa-la-bombolla\/","title":{"rendered":"Els alumnes de secund\u00e0ria col\u00b7laboren amb la campanya Bufa la bombolla!"},"content":{"rendered":"<p>Dimecres passat, els alumnes de secund\u00e0ria aprofitant el Dia de la Felicitat i despr\u00e9s de fer diverses activitats organitzades pel Departament d&#8217;Orientaci\u00f3, van bufar bombolles de sab\u00f3 al pati. Van col\u00b7laborar aix\u00ed en una campanya de Barcelona PID Fundation per a la difusi\u00f3 i recerca de les immunodefici\u00e8ncies prim\u00e0ries. Els infants que les pateixen es coneixen com a nens i nenes bombolla i amb aquesta campanya es vol visibilitzar aquesta malaltia. Si voleu m\u00e9s informaci\u00f3 o col\u00b7laborar amb la campanya aqui teniu el link, cliqueu per saber-ne m\u00e9s: https:\/\/bufalabombolla.org\/<\/p>\n<p>Fotos\u00a0 <a href=\"https:\/\/photos.app.goo.gl\/D5yos8vw1k45ZJy17\"><img loading=\"lazy\" decoding=\"async\" class=\"alignnone wp-image-1026\" src=\"https:\/\/agora.xtec.cat\/ielloret\/wp-content\/uploads\/usu443\/2018\/03\/descarga.png\" alt=\"\" width=\"86\" height=\"48\" \/><\/a><\/p>\n<p><iframe loading=\"lazy\" title=\"L IE bufa la bombolla per les immunodefici\u00e8ncies prim\u00e0ries!\" width=\"500\" height=\"281\" src=\"https:\/\/www.youtube.com\/embed\/JdVBTPVS4Zs?feature=oembed\" frameborder=\"0\" allow=\"accelerometer; autoplay; clipboard-write; encrypted-media; gyroscope; picture-in-picture; web-share\" referrerpolicy=\"strict-origin-when-cross-origin\" allowfullscreen><\/iframe><\/p>\n","protected":false},"excerpt":{"rendered":"<p>Dimecres passat, els alumnes de secund\u00e0ria aprofitant el Dia de la Felicitat i despr\u00e9s de fer diverses activitats organitzades pel Departament d&#8217;Orientaci\u00f3, van bufar bombolles de sab\u00f3 al pati. Van col\u00b7laborar aix\u00ed en una campanya de Barcelona PID Fundation per a la difusi\u00f3 i recerca&hellip;  <a href=\"https:\/\/agora.xtec.cat\/ielloret\/sec\/els-alumnes-de-secundaria-collaboren-amb-la-campanya-bufa-la-bombolla\/\" title=\"Read Els alumnes de secund\u00e0ria col\u00b7laboren amb la campanya Bufa la bombolla!\">Llegeix m\u00e9s\u00bb<\/a><\/p>\n","protected":false},"author":7,"featured_media":0,"comment_status":"open","ping_status":"closed","sticky":false,"template":"","format":"standard","meta":{"_bbp_topic_count":0,"_bbp_reply_count":0,"_bbp_total_topic_count":0,"_bbp_total_reply_count":0,"_bbp_voice_count":0,"_bbp_anonymous_reply_count":0,"_bbp_topic_count_hidden":0,"_bbp_reply_count_hidden":0,"_bbp_forum_subforum_count":0,"footnotes":""},"categories":[62],"tags":[90],"class_list":["post-2259","post","type-post","status-publish","format-standard","hentry","category-sec","tag-marc2019"],"post_mailing_queue_ids":[],"_links":{"self":[{"href":"https:\/\/agora.xtec.cat\/ielloret\/wp-json\/wp\/v2\/posts\/2259","targetHints":{"allow":["GET"]}}],"collection":[{"href":"https:\/\/agora.xtec.cat\/ielloret\/wp-json\/wp\/v2\/posts"}],"about":[{"href":"https:\/\/agora.xtec.cat\/ielloret\/wp-json\/wp\/v2\/types\/post"}],"author":[{"embeddable":true,"href":"https:\/\/agora.xtec.cat\/ielloret\/wp-json\/wp\/v2\/users\/7"}],"replies":[{"embeddable":true,"href":"https:\/\/agora.xtec.cat\/ielloret\/wp-json\/wp\/v2\/comments?post=2259"}],"version-history":[{"count":2,"href":"https:\/\/agora.xtec.cat\/ielloret\/wp-json\/wp\/v2\/posts\/2259\/revisions"}],"predecessor-version":[{"id":2276,"href":"https:\/\/agora.xtec.cat\/ielloret\/wp-json\/wp\/v2\/posts\/2259\/revisions\/2276"}],"wp:attachment":[{"href":"https:\/\/agora.xtec.cat\/ielloret\/wp-json\/wp\/v2\/media?parent=2259"}],"wp:term":[{"taxonomy":"category","embeddable":true,"href":"https:\/\/agora.xtec.cat\/ielloret\/wp-json\/wp\/v2\/categories?post=2259"},{"taxonomy":"post_tag","embeddable":true,"href":"https:\/\/agora.xtec.cat\/ielloret\/wp-json\/wp\/v2\/tags?post=2259"}],"curies":[{"name":"wp","href":"https:\/\/api.w.org\/{rel}","templated":true}]}}