{"id":987,"date":"2013-02-01T00:08:41","date_gmt":"2013-01-31T23:08:41","guid":{"rendered":"http:\/\/ielesvinyes.net\/?p=987"},"modified":"2013-02-01T00:08:41","modified_gmt":"2013-01-31T23:08:41","slug":"lexposicio-dels-automats","status":"publish","type":"post","link":"https:\/\/agora.xtec.cat\/ielesvinyes\/general\/lexposicio-dels-automats\/","title":{"rendered":"L&#039;exposici\u00f3 dels aut\u00f2mats"},"content":{"rendered":"<figure style=\"width: 240px\" class=\"wp-caption alignleft\"><a title=\"Aut\u00f2mats P5-B (8) por Institut Escola Les Vinyes, en Flickr\" href=\"http:\/\/www.flickr.com\/photos\/ielesvinyes\/8426789400\/\"><img loading=\"lazy\" decoding=\"async\" class=\" \" alt=\"Aut\u00f2mats P5-B (8)\" src=\"http:\/\/farm9.staticflickr.com\/8497\/8426789400_6ffc400d6c_m.jpg\" width=\"240\" height=\"180\" \/><\/a><figcaption class=\"wp-caption-text\">Visita d&#8217;educaci\u00f3 infantil<\/figcaption><\/figure>\n<p>Aquesta setmana tots els alumnes d&#8217;educaci\u00f3 infantil i d&#8217;educaci\u00f3 secund\u00e0ria han visitat l&#8217;exposici\u00f3 sobre els aut\u00f2mats que tenim al centre. De la ma del seu creador, en Llu\u00eds Ribas, hem fet la visita, amb contes i demostracions. En Llu\u00eds Ribas \u00e9s el conservador del <a href=\"http:\/\/www.barcelonaturisme.com\/Museu-dels-Automats-del-Tibidabo\/_vf-SMlY1yIuKQTV1aq49kAo1OWJ1ZmyqqQJYAzWzlWzc_59wQueA4IgGHUHirZeO\" target=\"_blank\">Museu d&#8217;Aut\u00f2mats del\u00a0Tibidabo<\/a>.<\/p>\n<p>Els petits han escoltat un conte i han conegut els aut\u00f2mats protagonistes en funcionament al llarg de la narraci\u00f3. S&#8217;han meravellat amb els seus moviments i han fet bones preguntes a en Llu\u00eds.<\/p>\n<figure style=\"width: 240px\" class=\"wp-caption alignright\"><a title=\"Presentaci\u00f3 de l'exposici\u00f2 Aut\u00f2mats a Les Vinyes por Institut Escola Les Vinyes, en Flickr\" href=\"http:\/\/www.flickr.com\/photos\/ielesvinyes\/8413223135\/\"><img loading=\"lazy\" decoding=\"async\" alt=\"Presentaci\u00f3 de l'exposici\u00f2 Aut\u00f2mats a Les Vinyes\" src=\"http:\/\/farm9.staticflickr.com\/8183\/8413223135_5e7ce12ccc_m.jpg\" width=\"240\" height=\"180\" \/><\/a><figcaption class=\"wp-caption-text\">Alumnes de 1r d&#8217;ESO<\/figcaption><\/figure>\n<p>Els grans de l&#8217;ESO, han copsat els elements importants dels\u00a0aut\u00f2mats, des de\u00a0materials\u00a0fins a mecanismes b\u00e0sics passant pel seu significat cultural i est\u00e8tic. Tot ben il\u00b7lustrat amb els aut\u00f2mats en moviment en cada cas.<\/p>\n<p>Els alumnes de l&#8217;ESO <a href=\"http:\/\/eso.ielesvinyes.net\/tag\/automats\/\" target=\"_blank\">seguiran aprofundint<\/a> en el tema a trav\u00e9s de la pel\u00b7l\u00edcula i la novel\u00b7la &#8220;La invenci\u00f3 d&#8217;Hugo Cabret&#8221;, de la creaci\u00f3 de m\u00fasiques &#8220;autom\u00e0tiques&#8221; o de l&#8217;estudi dels aut\u00f2mats que ens envolten. Que en s\u00f3n molts m\u00e9s dels que no semblen!<\/p>\n<figure style=\"width: 240px\" class=\"wp-caption alignleft\"><a title=\"Visita aut\u00f2mats P3 (24) por Institut Escola Les Vinyes, en Flickr\" href=\"http:\/\/www.flickr.com\/photos\/ielesvinyes\/8432691573\/\"><img loading=\"lazy\" decoding=\"async\" alt=\"Visita aut\u00f2mats P3 (24)\" src=\"http:\/\/farm9.staticflickr.com\/8213\/8432691573_17968da8a5_m.jpg\" width=\"240\" height=\"180\" \/><\/a><figcaption class=\"wp-caption-text\">L&#8217;ocell del conte amb els de P3<\/figcaption><\/figure>\n<p>No us perdeu l&#8217;entrevista &#8220;<a href=\"http:\/\/revista.ielesvinyes.net\/2013\/01\/31\/lluis-ribas-de-professor-a-creador\/\" target=\"_blank\">Llu\u00eds Ribas de professor a creador<\/a>&#8221; que hem publicat a <strong>La verema<\/strong>, la revista del centre.<\/p>\n<p>Encara seguim treballant i pensant. I els aut\u00f2mats ens depararan bones sorpreses la propera setmana a l&#8217;educaci\u00f3 Infantil. \u00c9s un secret&#8230; Ja us contarem!<\/p>\n","protected":false},"excerpt":{"rendered":"<p>Aquesta setmana tots els alumnes d&#8217;educaci\u00f3 infantil i d&#8217;educaci\u00f3 secund\u00e0ria han visitat l&#8217;exposici\u00f3 sobre els aut\u00f2mats que tenim al centre. De la ma del seu creador, en Llu\u00eds Ribas, hem fet la visita, amb contes i demostracions. En Llu\u00eds Ribas \u00e9s el conservador del Museu d&#8217;Aut\u00f2mats del\u00a0Tibidabo. Els petits han escoltat un conte i han [&hellip;]<\/p>\n","protected":false},"author":1,"featured_media":0,"comment_status":"open","ping_status":"open","sticky":false,"template":"","format":"standard","meta":{"_bbp_topic_count":0,"_bbp_reply_count":0,"_bbp_total_topic_count":0,"_bbp_total_reply_count":0,"_bbp_voice_count":0,"_bbp_anonymous_reply_count":0,"_bbp_topic_count_hidden":0,"_bbp_reply_count_hidden":0,"_bbp_forum_subforum_count":0,"site-sidebar-layout":"default","site-content-layout":"","ast-site-content-layout":"","site-content-style":"default","site-sidebar-style":"default","ast-global-header-display":"","ast-banner-title-visibility":"","ast-main-header-display":"","ast-hfb-above-header-display":"","ast-hfb-below-header-display":"","ast-hfb-mobile-header-display":"","site-post-title":"","ast-breadcrumbs-content":"","ast-featured-img":"","footer-sml-layout":"","theme-transparent-header-meta":"","adv-header-id-meta":"","stick-header-meta":"","header-above-stick-meta":"","header-main-stick-meta":"","header-below-stick-meta":"","astra-migrate-meta-layouts":"default","ast-page-background-enabled":"default","ast-page-background-meta":{"desktop":{"background-color":"var(--ast-global-color-4)","background-image":"","background-repeat":"repeat","background-position":"center center","background-size":"auto","background-attachment":"scroll","background-type":"","background-media":"","overlay-type":"","overlay-color":"","overlay-opacity":"","overlay-gradient":""},"tablet":{"background-color":"","background-image":"","background-repeat":"repeat","background-position":"center center","background-size":"auto","background-attachment":"scroll","background-type":"","background-media":"","overlay-type":"","overlay-color":"","overlay-opacity":"","overlay-gradient":""},"mobile":{"background-color":"","background-image":"","background-repeat":"repeat","background-position":"center center","background-size":"auto","background-attachment":"scroll","background-type":"","background-media":"","overlay-type":"","overlay-color":"","overlay-opacity":"","overlay-gradient":""}},"ast-content-background-meta":{"desktop":{"background-color":"var(--ast-global-color-5)","background-image":"","background-repeat":"repeat","background-position":"center center","background-size":"auto","background-attachment":"scroll","background-type":"","background-media":"","overlay-type":"","overlay-color":"","overlay-opacity":"","overlay-gradient":""},"tablet":{"background-color":"var(--ast-global-color-5)","background-image":"","background-repeat":"repeat","background-position":"center center","background-size":"auto","background-attachment":"scroll","background-type":"","background-media":"","overlay-type":"","overlay-color":"","overlay-opacity":"","overlay-gradient":""},"mobile":{"background-color":"var(--ast-global-color-5)","background-image":"","background-repeat":"repeat","background-position":"center center","background-size":"auto","background-attachment":"scroll","background-type":"","background-media":"","overlay-type":"","overlay-color":"","overlay-opacity":"","overlay-gradient":""}},"footnotes":""},"categories":[1,301],"tags":[170,208],"class_list":["post-987","post","type-post","status-publish","format-standard","hentry","category-general","category-secundaria","tag-automats","tag-exposicio"],"post_mailing_queue_ids":[],"_links":{"self":[{"href":"https:\/\/agora.xtec.cat\/ielesvinyes\/wp-json\/wp\/v2\/posts\/987","targetHints":{"allow":["GET"]}}],"collection":[{"href":"https:\/\/agora.xtec.cat\/ielesvinyes\/wp-json\/wp\/v2\/posts"}],"about":[{"href":"https:\/\/agora.xtec.cat\/ielesvinyes\/wp-json\/wp\/v2\/types\/post"}],"author":[{"embeddable":true,"href":"https:\/\/agora.xtec.cat\/ielesvinyes\/wp-json\/wp\/v2\/users\/1"}],"replies":[{"embeddable":true,"href":"https:\/\/agora.xtec.cat\/ielesvinyes\/wp-json\/wp\/v2\/comments?post=987"}],"version-history":[{"count":0,"href":"https:\/\/agora.xtec.cat\/ielesvinyes\/wp-json\/wp\/v2\/posts\/987\/revisions"}],"wp:attachment":[{"href":"https:\/\/agora.xtec.cat\/ielesvinyes\/wp-json\/wp\/v2\/media?parent=987"}],"wp:term":[{"taxonomy":"category","embeddable":true,"href":"https:\/\/agora.xtec.cat\/ielesvinyes\/wp-json\/wp\/v2\/categories?post=987"},{"taxonomy":"post_tag","embeddable":true,"href":"https:\/\/agora.xtec.cat\/ielesvinyes\/wp-json\/wp\/v2\/tags?post=987"}],"curies":[{"name":"wp","href":"https:\/\/api.w.org\/{rel}","templated":true}]}}