{"id":974,"date":"2013-01-30T05:02:02","date_gmt":"2013-01-30T04:02:02","guid":{"rendered":"http:\/\/ielesvinyes.net\/?p=974"},"modified":"2013-01-30T05:02:02","modified_gmt":"2013-01-30T04:02:02","slug":"bon-dia-escolar-de-la-pau-i-la-no-violencia","status":"publish","type":"post","link":"https:\/\/agora.xtec.cat\/ielesvinyes\/general\/bon-dia-escolar-de-la-pau-i-la-no-violencia\/","title":{"rendered":"Bon dia escolar de la Pau i la no viol\u00e8ncia"},"content":{"rendered":"<p><a href=\"http:\/\/agora.xtec.cat\/ielesvinyes\/wp-content\/uploads\/usu1433\/2013\/01\/diapau.jpg\"><img loading=\"lazy\" decoding=\"async\" class=\" wp-image-982 alignleft\" alt=\"diapau\" src=\"http:\/\/agora.xtec.cat\/ielesvinyes\/wp-content\/uploads\/usu1433\/2013\/01\/diapau.jpg\" width=\"276\" height=\"184\" \/><\/a>Bon dia, vinyataires! El curs passat vam fer <a href=\"http:\/\/www.flickr.com\/photos\/ielesvinyes\/sets\/72157629119827723\/detail\/\" target=\"_blank\">una lectura i una destrucci\u00f3 simb\u00f2lica de murs<\/a>. Aquest any us proposem una mica de reflexi\u00f3 al voltant de la Pau: escriure una frase que reculli, breument, el sentir de la classe sobre aquest tema. <span style=\"color: #339966;\"><strong>Feu doble click<\/strong><\/span> i poseu el vostre pensament. <strong>Qu\u00e8 tinguem un bon dia!<\/strong><\/p>\n<p><iframe loading=\"lazy\" style=\"padding: 0; margin: 0; border: none;\" src=\"http:\/\/wallwisher.com\/embed\/7oavfxnadg\" height=\"480\" width=\"100%\" frameborder=\"0\"><\/iframe><\/p>\n<div style=\"border-top: 2px solid #a7d23a; padding: 8px; margin: 0; font-size: 12px; text-align: right;\"><a style=\"color: #41555f; text-decoration: none;\" href=\"http:\/\/wallwisher.com\">Created with Wallwisher<img decoding=\"async\" style=\"margin: 0 0 0 10px; padding: 0; border: none; width: 16px; height: 16px;\" alt=\"\" src=\"http:\/\/wallwisher.com\/favicon.ico\" \/><\/a><\/div>\n","protected":false},"excerpt":{"rendered":"<p>Bon dia, vinyataires! El curs passat vam fer una lectura i una destrucci\u00f3 simb\u00f2lica de murs. Aquest any us proposem una mica de reflexi\u00f3 al voltant de la Pau: escriure una frase que reculli, breument, el sentir de la classe sobre aquest tema. Feu doble click i poseu el vostre pensament. Qu\u00e8 tinguem un bon [&hellip;]<\/p>\n","protected":false},"author":1,"featured_media":0,"comment_status":"open","ping_status":"open","sticky":false,"template":"","format":"standard","meta":{"_bbp_topic_count":0,"_bbp_reply_count":0,"_bbp_total_topic_count":0,"_bbp_total_reply_count":0,"_bbp_voice_count":0,"_bbp_anonymous_reply_count":0,"_bbp_topic_count_hidden":0,"_bbp_reply_count_hidden":0,"_bbp_forum_subforum_count":0,"site-sidebar-layout":"default","site-content-layout":"","ast-site-content-layout":"","site-content-style":"default","site-sidebar-style":"default","ast-global-header-display":"","ast-banner-title-visibility":"","ast-main-header-display":"","ast-hfb-above-header-display":"","ast-hfb-below-header-display":"","ast-hfb-mobile-header-display":"","site-post-title":"","ast-breadcrumbs-content":"","ast-featured-img":"","footer-sml-layout":"","theme-transparent-header-meta":"","adv-header-id-meta":"","stick-header-meta":"","header-above-stick-meta":"","header-main-stick-meta":"","header-below-stick-meta":"","astra-migrate-meta-layouts":"default","ast-page-background-enabled":"default","ast-page-background-meta":{"desktop":{"background-color":"var(--ast-global-color-4)","background-image":"","background-repeat":"repeat","background-position":"center center","background-size":"auto","background-attachment":"scroll","background-type":"","background-media":"","overlay-type":"","overlay-color":"","overlay-opacity":"","overlay-gradient":""},"tablet":{"background-color":"","background-image":"","background-repeat":"repeat","background-position":"center center","background-size":"auto","background-attachment":"scroll","background-type":"","background-media":"","overlay-type":"","overlay-color":"","overlay-opacity":"","overlay-gradient":""},"mobile":{"background-color":"","background-image":"","background-repeat":"repeat","background-position":"center center","background-size":"auto","background-attachment":"scroll","background-type":"","background-media":"","overlay-type":"","overlay-color":"","overlay-opacity":"","overlay-gradient":""}},"ast-content-background-meta":{"desktop":{"background-color":"var(--ast-global-color-5)","background-image":"","background-repeat":"repeat","background-position":"center center","background-size":"auto","background-attachment":"scroll","background-type":"","background-media":"","overlay-type":"","overlay-color":"","overlay-opacity":"","overlay-gradient":""},"tablet":{"background-color":"var(--ast-global-color-5)","background-image":"","background-repeat":"repeat","background-position":"center center","background-size":"auto","background-attachment":"scroll","background-type":"","background-media":"","overlay-type":"","overlay-color":"","overlay-opacity":"","overlay-gradient":""},"mobile":{"background-color":"var(--ast-global-color-5)","background-image":"","background-repeat":"repeat","background-position":"center center","background-size":"auto","background-attachment":"scroll","background-type":"","background-media":"","overlay-type":"","overlay-color":"","overlay-opacity":"","overlay-gradient":""}},"footnotes":""},"categories":[1,301],"tags":[317],"class_list":["post-974","post","type-post","status-publish","format-standard","hentry","category-general","category-secundaria","tag-dia-de-la-pau"],"post_mailing_queue_ids":[],"_links":{"self":[{"href":"https:\/\/agora.xtec.cat\/ielesvinyes\/wp-json\/wp\/v2\/posts\/974","targetHints":{"allow":["GET"]}}],"collection":[{"href":"https:\/\/agora.xtec.cat\/ielesvinyes\/wp-json\/wp\/v2\/posts"}],"about":[{"href":"https:\/\/agora.xtec.cat\/ielesvinyes\/wp-json\/wp\/v2\/types\/post"}],"author":[{"embeddable":true,"href":"https:\/\/agora.xtec.cat\/ielesvinyes\/wp-json\/wp\/v2\/users\/1"}],"replies":[{"embeddable":true,"href":"https:\/\/agora.xtec.cat\/ielesvinyes\/wp-json\/wp\/v2\/comments?post=974"}],"version-history":[{"count":0,"href":"https:\/\/agora.xtec.cat\/ielesvinyes\/wp-json\/wp\/v2\/posts\/974\/revisions"}],"wp:attachment":[{"href":"https:\/\/agora.xtec.cat\/ielesvinyes\/wp-json\/wp\/v2\/media?parent=974"}],"wp:term":[{"taxonomy":"category","embeddable":true,"href":"https:\/\/agora.xtec.cat\/ielesvinyes\/wp-json\/wp\/v2\/categories?post=974"},{"taxonomy":"post_tag","embeddable":true,"href":"https:\/\/agora.xtec.cat\/ielesvinyes\/wp-json\/wp\/v2\/tags?post=974"}],"curies":[{"name":"wp","href":"https:\/\/api.w.org\/{rel}","templated":true}]}}