{"id":924,"date":"2013-01-23T19:56:04","date_gmt":"2013-01-23T18:56:04","guid":{"rendered":"http:\/\/ielesvinyes.net\/?p=924"},"modified":"2013-01-23T19:56:04","modified_gmt":"2013-01-23T18:56:04","slug":"constitucio-del-nou-consell-escolar-del-centre","status":"publish","type":"post","link":"https:\/\/agora.xtec.cat\/ielesvinyes\/general\/constitucio-del-nou-consell-escolar-del-centre\/","title":{"rendered":"Constituci\u00f3 del nou Consell escolar del centre"},"content":{"rendered":"<p>Aquesta tarda ha tingut lloc la constituci\u00f3 del nou Consell escolar del centre, fruit del\u00a0proc\u00e9s\u00a0electoral dut a terme al llarg d&#8217;aquestes darreres setmanes. El nou consell estar\u00e0 format pels seg\u00fcents membres:<\/p>\n<p style=\"padding-left: 30px;\">Presidenta: Rosa Sard\u00e0 Margarit<br \/>\nCap d\u2019estudis: Boris Mir Pons<br \/>\nSecret\u00e0ria: N\u00faria Orte Garc\u00eda<br \/>\nMestres d\u2019 educaci\u00f3 Infantil:<br \/>\n&#8211; Noem\u00ed Navarro Rif\u00e0<br \/>\n&#8211; Anna M\u00aa Sadurn\u00ed Carrasco<br \/>\nProfessors d\u2019Educaci\u00f3 secund\u00e0ria:<br \/>\n&#8211; Mar\u00e7al Botey Bigord\u00e0<br \/>\n&#8211; Olga Culler\u00e9 Candini<br \/>\nRepresentant AMPA: Eva L\u00f3pez Mart\u00ednez<br \/>\nRepresentant pares i mares d\u2019 Educaci\u00f3 infantil: Mireia Fuster Barrera<br \/>\nRepresentant pares i mares d\u2019 Educaci\u00f3 Secund\u00e0ria: Imma Bautista Molino<br \/>\nRepresentant Ajuntament: Dolors Conde, Regidora d&#8217;Ensenyament<br \/>\nRepresentant PAS: Jos\u00e9 Manuel Garc\u00eda<\/p>\n<p>Volem\u00a0agrair\u00a0a totes les persones que han\u00a0participat\u00a0en aquest\u00a0proc\u00e9s b\u00e9 presentant la seva candidatura, b\u00e9 formant part de les taules electorals o votant, paper important i molt decisiu.\u00a0<strong>Desitgem\u00a0una bona feina al Consell escolar i empenta i seny per a dur a terme tots els reptes educatius que t\u00e9 plantejats el nostre Institut Escola.<\/strong><\/p>\n<h5 style=\"text-align: center;\"><a href=\"http:\/\/ielesvinyes.net\/2013\/01\/23\/constitucio-del-nou-consell-escolar-del-centre\/consell-escolar-2\/\" rel=\"attachment wp-att-925\"><img loading=\"lazy\" decoding=\"async\" class=\"size-full wp-image-925 alignnone\" alt=\"consell escolar\" src=\"http:\/\/agora.xtec.cat\/ielesvinyes\/wp-content\/uploads\/usu1433\/2013\/01\/consell-escolar1.jpg\" width=\"722\" height=\"383\" \/><\/a>Reuni\u00f3 constituent del Consell escolar de\u00a0l&#8217;Institut\u00a0Escola Les Vinyes<\/h5>\n<p>&nbsp;<\/p>\n","protected":false},"excerpt":{"rendered":"<p>Aquesta tarda ha tingut lloc la constituci\u00f3 del nou Consell escolar del centre, fruit del\u00a0proc\u00e9s\u00a0electoral dut a terme al llarg d&#8217;aquestes darreres setmanes. El nou consell estar\u00e0 format pels seg\u00fcents membres: Presidenta: Rosa Sard\u00e0 Margarit Cap d\u2019estudis: Boris Mir Pons Secret\u00e0ria: N\u00faria Orte Garc\u00eda Mestres d\u2019 educaci\u00f3 Infantil: &#8211; Noem\u00ed Navarro Rif\u00e0 &#8211; Anna M\u00aa [&hellip;]<\/p>\n","protected":false},"author":1,"featured_media":0,"comment_status":"open","ping_status":"open","sticky":false,"template":"","format":"standard","meta":{"_bbp_topic_count":0,"_bbp_reply_count":0,"_bbp_total_topic_count":0,"_bbp_total_reply_count":0,"_bbp_voice_count":0,"_bbp_anonymous_reply_count":0,"_bbp_topic_count_hidden":0,"_bbp_reply_count_hidden":0,"_bbp_forum_subforum_count":0,"site-sidebar-layout":"default","site-content-layout":"","ast-site-content-layout":"","site-content-style":"default","site-sidebar-style":"default","ast-global-header-display":"","ast-banner-title-visibility":"","ast-main-header-display":"","ast-hfb-above-header-display":"","ast-hfb-below-header-display":"","ast-hfb-mobile-header-display":"","site-post-title":"","ast-breadcrumbs-content":"","ast-featured-img":"","footer-sml-layout":"","theme-transparent-header-meta":"","adv-header-id-meta":"","stick-header-meta":"","header-above-stick-meta":"","header-main-stick-meta":"","header-below-stick-meta":"","astra-migrate-meta-layouts":"default","ast-page-background-enabled":"default","ast-page-background-meta":{"desktop":{"background-color":"var(--ast-global-color-4)","background-image":"","background-repeat":"repeat","background-position":"center center","background-size":"auto","background-attachment":"scroll","background-type":"","background-media":"","overlay-type":"","overlay-color":"","overlay-opacity":"","overlay-gradient":""},"tablet":{"background-color":"","background-image":"","background-repeat":"repeat","background-position":"center center","background-size":"auto","background-attachment":"scroll","background-type":"","background-media":"","overlay-type":"","overlay-color":"","overlay-opacity":"","overlay-gradient":""},"mobile":{"background-color":"","background-image":"","background-repeat":"repeat","background-position":"center center","background-size":"auto","background-attachment":"scroll","background-type":"","background-media":"","overlay-type":"","overlay-color":"","overlay-opacity":"","overlay-gradient":""}},"ast-content-background-meta":{"desktop":{"background-color":"var(--ast-global-color-5)","background-image":"","background-repeat":"repeat","background-position":"center center","background-size":"auto","background-attachment":"scroll","background-type":"","background-media":"","overlay-type":"","overlay-color":"","overlay-opacity":"","overlay-gradient":""},"tablet":{"background-color":"var(--ast-global-color-5)","background-image":"","background-repeat":"repeat","background-position":"center center","background-size":"auto","background-attachment":"scroll","background-type":"","background-media":"","overlay-type":"","overlay-color":"","overlay-opacity":"","overlay-gradient":""},"mobile":{"background-color":"var(--ast-global-color-5)","background-image":"","background-repeat":"repeat","background-position":"center center","background-size":"auto","background-attachment":"scroll","background-type":"","background-media":"","overlay-type":"","overlay-color":"","overlay-opacity":"","overlay-gradient":""}},"footnotes":""},"categories":[1,301],"tags":[316],"class_list":["post-924","post","type-post","status-publish","format-standard","hentry","category-general","category-secundaria","tag-consell-escolar"],"post_mailing_queue_ids":[],"_links":{"self":[{"href":"https:\/\/agora.xtec.cat\/ielesvinyes\/wp-json\/wp\/v2\/posts\/924","targetHints":{"allow":["GET"]}}],"collection":[{"href":"https:\/\/agora.xtec.cat\/ielesvinyes\/wp-json\/wp\/v2\/posts"}],"about":[{"href":"https:\/\/agora.xtec.cat\/ielesvinyes\/wp-json\/wp\/v2\/types\/post"}],"author":[{"embeddable":true,"href":"https:\/\/agora.xtec.cat\/ielesvinyes\/wp-json\/wp\/v2\/users\/1"}],"replies":[{"embeddable":true,"href":"https:\/\/agora.xtec.cat\/ielesvinyes\/wp-json\/wp\/v2\/comments?post=924"}],"version-history":[{"count":0,"href":"https:\/\/agora.xtec.cat\/ielesvinyes\/wp-json\/wp\/v2\/posts\/924\/revisions"}],"wp:attachment":[{"href":"https:\/\/agora.xtec.cat\/ielesvinyes\/wp-json\/wp\/v2\/media?parent=924"}],"wp:term":[{"taxonomy":"category","embeddable":true,"href":"https:\/\/agora.xtec.cat\/ielesvinyes\/wp-json\/wp\/v2\/categories?post=924"},{"taxonomy":"post_tag","embeddable":true,"href":"https:\/\/agora.xtec.cat\/ielesvinyes\/wp-json\/wp\/v2\/tags?post=924"}],"curies":[{"name":"wp","href":"https:\/\/api.w.org\/{rel}","templated":true}]}}