{"id":890,"date":"2013-01-10T16:39:37","date_gmt":"2013-01-10T15:39:37","guid":{"rendered":"http:\/\/ielesvinyes.net\/?p=890"},"modified":"2013-01-10T16:39:37","modified_gmt":"2013-01-10T15:39:37","slug":"eleccions-al-consell-escolar","status":"publish","type":"post","link":"https:\/\/agora.xtec.cat\/ielesvinyes\/general\/eleccions-al-consell-escolar\/","title":{"rendered":"Eleccions al Consell Escolar"},"content":{"rendered":"<p>El Consell escolar de l&#8217;Institut Escola \u00e9s l&#8217;\u00f2rgan col\u00b7legiat de participaci\u00f3 de la comunitat escolar en el govern del centre. En el consell escolar hi ha representats tots els col\u00b7lectius que intervenen en la comunitat educativa: director o directora, professorat, alumnat, personal d&#8217;administraci\u00f3 i serveis i representants municipals.<\/p>\n<p>Com en tots els centres p\u00fablics, la funci\u00f3 principal del consell escolar de Les Vinyes \u00e9s <strong>debatre i aprovar tots aquells temes importants per al funcionament i l&#8217;organitzaci\u00f3 del centre<\/strong>: el projecte educatiu, el pla i la mem\u00f2ria anual de centre, el pressupost, etc. \u00c9s doncs, un moment important per a tots els centres i especialment per a nosaltres que estem posant les bases per un nou centre, amb tot el que aix\u00f2 suposa.<\/p>\n<p><a href=\"http:\/\/ielesvinyes.net\/2013\/01\/10\/eleccions-al-consell-escolar\/consell-escolar\/\" rel=\"attachment wp-att-892\"><img loading=\"lazy\" decoding=\"async\" class=\"aligncenter size-full wp-image-892\" alt=\"consell escolar\" src=\"http:\/\/agora.xtec.cat\/ielesvinyes\/wp-content\/uploads\/usu1433\/2013\/01\/consell-escolar.jpg\" width=\"449\" height=\"90\" \/><\/a><\/p>\n<p>Com ja sabeu, el proc\u00e9s electoral es va iniciar el 3 de desembre de 2012 i, un cop formalitzades les candidatures, cal fer la votaci\u00f3 pr\u00f2piament dita en tots els \u00e0mbits educatius. Els docents del centre ho farem en un claustre\u00a0espec\u00edfic\u00a0el proper dilluns 14, el mateix dia que tamb\u00e9 ho faran les fam\u00edlies del centre.<\/p>\n<p>Recordeu, doncs, <strong>tots els pares i mares dels alumnes que<span style=\"color: #ff0000;\"> el proper dilluns dia 14, de 16.30h a 19.30h, tindran lloc les votacions<\/span> per tal\u00a0d&#8217;elegir\u00a0els\/les representants vostres al Consell Escolar del Centre.<\/strong><\/p>\n<p><object id=\"big_player\" width=\"600\" height=\"400\" classid=\"clsid:d27cdb6e-ae6d-11cf-96b8-444553540000\" codebase=\"http:\/\/download.macromedia.com\/pub\/shockwave\/cabs\/flash\/swflash.cab#version=6,0,40,0\"><param name=\"allowScriptAccess\" value=\"always\" \/><param name=\"allowFullScreen\" value=\"true\" \/><param name=\"quality\" value=\"high\" \/><param name=\"wmode\" value=\"transparent\" \/><param name=\"src\" value=\"http:\/\/www20.gencat.cat\/docs\/big\/big_player.swf?id=6584255009121112\" \/><param name=\"allowscriptaccess\" value=\"always\" \/><param name=\"allowfullscreen\" value=\"true\" \/><embed id=\"big_player\" width=\"600\" height=\"400\" type=\"application\/x-shockwave-flash\" src=\"http:\/\/www20.gencat.cat\/docs\/big\/big_player.swf?id=6584255009121112\" allowScriptAccess=\"always\" allowFullScreen=\"true\" quality=\"high\" wmode=\"transparent\" allowscriptaccess=\"always\" allowfullscreen=\"true\" \/><\/object><script type=\"text\/javascript\" src=\"http:\/\/www.gencat.cat\/big\/flashVersionValidator.js\"><\/script><\/p>\n<p><strong><span style=\"color: #800080;\">NO HI FALTEU! \ud83d\ude42<\/span><\/strong><\/p>\n","protected":false},"excerpt":{"rendered":"<p>El Consell escolar de l&#8217;Institut Escola \u00e9s l&#8217;\u00f2rgan col\u00b7legiat de participaci\u00f3 de la comunitat escolar en el govern del centre. En el consell escolar hi ha representats tots els col\u00b7lectius que intervenen en la comunitat educativa: director o directora, professorat, alumnat, personal d&#8217;administraci\u00f3 i serveis i representants municipals. Com en tots els centres p\u00fablics, la [&hellip;]<\/p>\n","protected":false},"author":1,"featured_media":0,"comment_status":"open","ping_status":"open","sticky":false,"template":"","format":"standard","meta":{"_bbp_topic_count":0,"_bbp_reply_count":0,"_bbp_total_topic_count":0,"_bbp_total_reply_count":0,"_bbp_voice_count":0,"_bbp_anonymous_reply_count":0,"_bbp_topic_count_hidden":0,"_bbp_reply_count_hidden":0,"_bbp_forum_subforum_count":0,"site-sidebar-layout":"default","site-content-layout":"","ast-site-content-layout":"","site-content-style":"default","site-sidebar-style":"default","ast-global-header-display":"","ast-banner-title-visibility":"","ast-main-header-display":"","ast-hfb-above-header-display":"","ast-hfb-below-header-display":"","ast-hfb-mobile-header-display":"","site-post-title":"","ast-breadcrumbs-content":"","ast-featured-img":"","footer-sml-layout":"","theme-transparent-header-meta":"","adv-header-id-meta":"","stick-header-meta":"","header-above-stick-meta":"","header-main-stick-meta":"","header-below-stick-meta":"","astra-migrate-meta-layouts":"default","ast-page-background-enabled":"default","ast-page-background-meta":{"desktop":{"background-color":"var(--ast-global-color-4)","background-image":"","background-repeat":"repeat","background-position":"center center","background-size":"auto","background-attachment":"scroll","background-type":"","background-media":"","overlay-type":"","overlay-color":"","overlay-opacity":"","overlay-gradient":""},"tablet":{"background-color":"","background-image":"","background-repeat":"repeat","background-position":"center center","background-size":"auto","background-attachment":"scroll","background-type":"","background-media":"","overlay-type":"","overlay-color":"","overlay-opacity":"","overlay-gradient":""},"mobile":{"background-color":"","background-image":"","background-repeat":"repeat","background-position":"center center","background-size":"auto","background-attachment":"scroll","background-type":"","background-media":"","overlay-type":"","overlay-color":"","overlay-opacity":"","overlay-gradient":""}},"ast-content-background-meta":{"desktop":{"background-color":"var(--ast-global-color-5)","background-image":"","background-repeat":"repeat","background-position":"center center","background-size":"auto","background-attachment":"scroll","background-type":"","background-media":"","overlay-type":"","overlay-color":"","overlay-opacity":"","overlay-gradient":""},"tablet":{"background-color":"var(--ast-global-color-5)","background-image":"","background-repeat":"repeat","background-position":"center center","background-size":"auto","background-attachment":"scroll","background-type":"","background-media":"","overlay-type":"","overlay-color":"","overlay-opacity":"","overlay-gradient":""},"mobile":{"background-color":"var(--ast-global-color-5)","background-image":"","background-repeat":"repeat","background-position":"center center","background-size":"auto","background-attachment":"scroll","background-type":"","background-media":"","overlay-type":"","overlay-color":"","overlay-opacity":"","overlay-gradient":""}},"footnotes":""},"categories":[1,301],"tags":[316,200],"class_list":["post-890","post","type-post","status-publish","format-standard","hentry","category-general","category-secundaria","tag-consell-escolar","tag-eleccions"],"post_mailing_queue_ids":[],"_links":{"self":[{"href":"https:\/\/agora.xtec.cat\/ielesvinyes\/wp-json\/wp\/v2\/posts\/890","targetHints":{"allow":["GET"]}}],"collection":[{"href":"https:\/\/agora.xtec.cat\/ielesvinyes\/wp-json\/wp\/v2\/posts"}],"about":[{"href":"https:\/\/agora.xtec.cat\/ielesvinyes\/wp-json\/wp\/v2\/types\/post"}],"author":[{"embeddable":true,"href":"https:\/\/agora.xtec.cat\/ielesvinyes\/wp-json\/wp\/v2\/users\/1"}],"replies":[{"embeddable":true,"href":"https:\/\/agora.xtec.cat\/ielesvinyes\/wp-json\/wp\/v2\/comments?post=890"}],"version-history":[{"count":0,"href":"https:\/\/agora.xtec.cat\/ielesvinyes\/wp-json\/wp\/v2\/posts\/890\/revisions"}],"wp:attachment":[{"href":"https:\/\/agora.xtec.cat\/ielesvinyes\/wp-json\/wp\/v2\/media?parent=890"}],"wp:term":[{"taxonomy":"category","embeddable":true,"href":"https:\/\/agora.xtec.cat\/ielesvinyes\/wp-json\/wp\/v2\/categories?post=890"},{"taxonomy":"post_tag","embeddable":true,"href":"https:\/\/agora.xtec.cat\/ielesvinyes\/wp-json\/wp\/v2\/tags?post=890"}],"curies":[{"name":"wp","href":"https:\/\/api.w.org\/{rel}","templated":true}]}}