{"id":881,"date":"2013-01-15T10:33:48","date_gmt":"2013-01-15T09:33:48","guid":{"rendered":"http:\/\/ielesvinyes.net\/?p=881"},"modified":"2013-01-15T10:33:48","modified_gmt":"2013-01-15T09:33:48","slug":"la-biblioteca-del-centre","status":"publish","type":"post","link":"https:\/\/agora.xtec.cat\/ielesvinyes\/etapes\/secundaria\/la-biblioteca-del-centre\/","title":{"rendered":"La biblioteca del centre"},"content":{"rendered":"<p>Hola comunitat educativa, pares i mares, avis i avies, amics i amigues&#8230;,<\/p>\n<p>En aquesta publicaci\u00f3 hi ha una mostra del treball que fet a partir del <strong>Projecte Punt Edu i \u00a0la nostra biblioteca<\/strong>\u00a0tal com l&#8217;anem fent entre tots. \u00a0Vam iniciar\u00a0aquest\u00a0projecte, \u00a0com tots sabeu, el curs 2011-2012 i encara ens falten moltes coses, per\u00f2 els pares estan col.laborant molt i ens regalen molts llibres i participen molt amb nosaltres.<\/p>\n<p>De moment parlem de l&#8217;\u00fas de: P3, P4, P5, 1er. I 2n. de l&#8217;ESO<\/p>\n<p><strong><span style=\"color: #339966;\">ESPAIS DE LA BIBLIOTECA, ESPAI PER \u00a0A LA LECTURA I EL CONEIXEMENT PER AL GAUDI I L&#8217;ENTRETENIMENT<\/span>.<\/strong><\/p>\n<p>1.- Aqu\u00ed teniu el\u00a0<strong>RAC\u00d3 D&#8217;INFANTIL<\/strong>. Angle m\u00e9s llumin\u00f3s on hem disposat unes prestatgeries i unes tauletes \u00a0a l&#8217;al\u00e7ada dels petits de P-3, P-4 i P-5. Hi van un cop a la setmana (una tarda) a llegir. Tant a l&#8217;aula com a la biblioteca van pares, avis i alumnes de l&#8217;ESO a contar-los hist\u00f2ries, contes i fem teatre.<\/p>\n<p><img decoding=\"async\" alt=\"biblioteca (1)\" src=\"http:\/\/farm9.staticflickr.com\/8062\/8208627886_6749e2fd87_s.jpg\" \/><img decoding=\"async\" alt=\"biblioteca (2)\" src=\"http:\/\/farm9.staticflickr.com\/8210\/8207536723_bce9054163_s.jpg\" \/><img decoding=\"async\" alt=\"BIBLIOTECA P4-A 2012-2013 (1)\" src=\"http:\/\/farm9.staticflickr.com\/8499\/8276222110_bc180d4ca2_s.jpg\" \/><img decoding=\"async\" alt=\"BIBLIOTECA P4-A 2012-2013 (2)\" src=\"http:\/\/farm9.staticflickr.com\/8080\/8276221586_875ae99bbe_s.jpg\" \/><img decoding=\"async\" alt=\"BIBLIOTECA P4-A 2012-2013 (6)\" src=\"http:\/\/farm9.staticflickr.com\/8078\/8276218298_2cc2beb9b2_s.jpg\" \/><\/p>\n<p>2.- Aqu\u00ed tenim\u00a0<strong>L&#8217;ESPAI de REVISTA<\/strong>, tenim l&#8217;equip de redacci\u00f3 de 1er. i 2on d&#8217;ESO (barrejats), ho fem en una d&#8217;optativa (dues hores). Posem totes les taules de la biblioteca juntes i discutim les not\u00edcies que porten, les que triaran per escriure-les i per qu\u00e8, les seves fonts&#8230; i despr\u00e9s passem a l&#8217;aula d&#8217;inform\u00e0tica a redactar-les.<\/p>\n<p><img decoding=\"async\" alt=\"Optativa Revista\" src=\"http:\/\/farm9.staticflickr.com\/8065\/8163897694_5222cfb3ac_s.jpg\" \/><img decoding=\"async\" alt=\"Optativa Revista\" src=\"http:\/\/farm9.staticflickr.com\/8063\/8163869151_0e938f4008_s.jpg\" \/><img decoding=\"async\" alt=\"Optativa Revista\" src=\"http:\/\/farm9.staticflickr.com\/8346\/8163905606_08e8773433_s.jpg\" \/><img decoding=\"async\" alt=\"Optativa Revista\" src=\"http:\/\/farm8.staticflickr.com\/7276\/8163878201_8374959d63_s.jpg\" \/><img decoding=\"async\" alt=\"Optativa Revista\" src=\"http:\/\/farm9.staticflickr.com\/8058\/8163913692_4a0ceb6551_s.jpg\" \/><\/p>\n<p>3.- A la biblioteca fem\u00a0<strong>LECTURA DE TEATRE<\/strong>\u00a0en veu alta i despr\u00e9s la representem al gimn\u00e0s, tenim una optativa de teatre que treballa el cos, l&#8217;expressi\u00f3 i la dicci\u00f3. Al menys tres cops per curs, ho tenim dintre del Pla de lectura, del projecte d&#8217;expressi\u00f3 art\u00edstica i animaci\u00f3 lectora.<\/p>\n<p><img decoding=\"async\" alt=\"Obra de teatre\" src=\"http:\/\/farm8.staticflickr.com\/7140\/8155412604_7aa3ab3aa5_s.jpg\" \/><img decoding=\"async\" alt=\"La tardor - Obre de teatre\" src=\"http:\/\/farm9.staticflickr.com\/8339\/8155389857_bb55fb8ae6_s.jpg\" \/><img decoding=\"async\" alt=\"Optativa Teatre\" src=\"http:\/\/farm9.staticflickr.com\/8058\/8163902921_409f560907_s.jpg\" \/><img decoding=\"async\" alt=\"Optativa Teatre\" src=\"http:\/\/farm8.staticflickr.com\/7260\/8163938938_c677c89e7b_s.jpg\" \/><img decoding=\"async\" alt=\"Optativa Teatre\" src=\"http:\/\/farm9.staticflickr.com\/8345\/8163926916_2dbce7b350_s.jpg\" \/><img decoding=\"async\" alt=\"Optativa Teatre\" src=\"http:\/\/farm9.staticflickr.com\/8198\/8163894793_19f810c4ba_s.jpg\" \/><\/p>\n<p><strong>4.- ESPAI PEL CINEMA.\u00a0<\/strong>Aquest any <a href=\"http:\/\/eso.ielesvinyes.net\/tag\/reiartur2012\/\" target=\"_blank\">hem fet una\u00a0pel\u00b7l\u00edcula<\/a>\u00a0basada en &#8220;El rei Artur i els cavallers de la taula rodona&#8221;,\u00a0pr\u00e8viament\u00a0la vam llegir en veu alta tots junts a la biblioteca,vam fer els di\u00e0legs, la pre-producci\u00f3, les gravacions i la post-producci\u00f3.<a href=\"http:\/\/eso.ielesvinyes.net\/2012\/12\/la-llegenda-arturica-the-movie\/\" target=\"_blank\"> Ja la tenim penjada a la web<\/a>.<\/p>\n<p><img decoding=\"async\" alt=\"Projecte Llegenda art\u00farica - Introducci\u00f3 de Rosa Sard\u00e0, directora del centre\" src=\"http:\/\/farm9.staticflickr.com\/8481\/8261387108_2d15b9bca0_s.jpg\" \/><img decoding=\"async\" alt=\"Projecte Llegenda art\u00farica 2012 - Rodatge making of\" src=\"http:\/\/farm9.staticflickr.com\/8339\/8250730266_ed36dd475f_s.jpg\" \/><img decoding=\"async\" alt=\"Projecte Llegenda art\u00farica 2012 - Rodatge exteriors\" src=\"http:\/\/farm9.staticflickr.com\/8059\/8249662907_2b0e59b2ff_s.jpg\" \/><img decoding=\"async\" alt=\"Projecte Llegenda art\u00farica - Tasques dels guionistes\" src=\"http:\/\/farm9.staticflickr.com\/8203\/8261358552_86bcbb3316_s.jpg\" \/><img decoding=\"async\" alt=\"Projecte Llegenda art\u00farica- Presentaci\u00f3 a les fam\u00edlies\" src=\"http:\/\/farm9.staticflickr.com\/8198\/8261349874_75d5d18b14_s.jpg\" \/><img decoding=\"async\" alt=\"Projecte Llegenda art\u00farica- Presentaci\u00f3 a les fam\u00edlies\" src=\"http:\/\/farm9.staticflickr.com\/8079\/8261341480_425ac41464_s.jpg\" \/><\/p>\n<p>5.- Fem 1 hora de\u00a0<strong>LECTURA A L&#8217;AULA,\u00a0<\/strong>perqu\u00e8 hem donat prioritat a la lectura i dediquem part de l&#8217;horari a la lectura, aix\u00ed que una hora a la setmana els alumnes llegeixen a classe i expliquen les novel.les optatives o les que llegeixen per lliure durant 20&#8242; per tal de donar-les a con\u00e8ixer als seus companys\/es. Aix\u00f2 a 1er. i 2on i tamb\u00e9 a infantil s&#8217;utilitza aquests temps de lectura per a iniciar-los. Aquest espai \u00e9s una AMPLIACI\u00d3 de la biblioteca.<\/p>\n<p><img decoding=\"async\" alt=\"Animaci\u00f3 lectora\" src=\"http:\/\/farm8.staticflickr.com\/7186\/6943351117_8e77e33842_s.jpg\" \/><img decoding=\"async\" alt=\"Animaci\u00f3 lectora\" src=\"http:\/\/farm8.staticflickr.com\/7180\/6797235524_a58a5ffeb5_s.jpg\" \/><img decoding=\"async\" alt=\"Animaci\u00f3 lectora\" src=\"http:\/\/farm8.staticflickr.com\/7068\/6943351281_2f238e4164_s.jpg\" \/><img decoding=\"async\" alt=\"Animaci\u00f3 lectora\" src=\"http:\/\/farm8.staticflickr.com\/7070\/6797235708_8b6233a356_s.jpg\" \/><img decoding=\"async\" alt=\"Animaci\u00f3 lectora\" src=\"http:\/\/farm8.staticflickr.com\/7182\/6943351521_dce42c72b3_s.jpg\" \/><\/p>\n<p><strong>6.- ESPAI PER A L&#8217;HORA DEL CONTE<\/strong>. Un cop al mes els alumnes de l&#8217;ESO expliquen contes als mes menuts, en el\u00a0<strong>RAC\u00d3 D&#8217;INFANTIL, s&#8217;utilitzen altres espais que serveixin<\/strong><strong>.<\/strong><\/p>\n<p><img decoding=\"async\" alt=\"els tres porquets l\u00e0mines\" src=\"http:\/\/farm8.staticflickr.com\/7180\/6918021197_55a17cf5e6_s.jpg\" \/><img decoding=\"async\" alt=\"els tres porquets l\u00e0mines (5)\" src=\"http:\/\/farm8.staticflickr.com\/7069\/6918045125_171abf3013_s.jpg\" \/><img decoding=\"async\" alt=\"Els tres porquets Sandra 1r ESO\" src=\"http:\/\/farm8.staticflickr.com\/7203\/6918191721_c6c6879cf3_s.jpg\" \/><img decoding=\"async\" alt=\"Els tres porquets Sandra 1r ESO (3)\" src=\"http:\/\/farm8.staticflickr.com\/7200\/6918209937_85f5eb7173_s.jpg\" \/><img decoding=\"async\" alt=\"La rateta que escombrava l'escaleta Cristina 1r ESO (1)\" src=\"http:\/\/farm8.staticflickr.com\/7196\/6918236127_10f2a32172_s.jpg\" \/><img decoding=\"async\" alt=\"La rateta que escombrava l'escaleta Cristina 1r ESO (2)\" src=\"http:\/\/farm8.staticflickr.com\/7042\/6918243797_7ae1142239_s.jpg\" \/><img decoding=\"async\" alt=\"La Blancaneus i els set nans Andrea 1r ESO (16)\" src=\"http:\/\/farm9.staticflickr.com\/8001\/7166750126_38e2539f9f_s.jpg\" \/><\/p>\n<p><strong>7.- ESPAI PER A CONFER\u00c8NCIES.\u00a0<\/strong>La biblioteca no \u00e9s gaire gran per\u00f2 d\u00f3na molt de si, constantment l&#8217;estem transformant: apartem les taules vorejant les parets i fem una sala de confer\u00e8ncies; com treballem per projectes, a cada projecte o treball globalitzat ens ve un o dos conferenciants: sobre ci\u00e8ncies, tecnologia, art (literatura, pl\u00e0stica&#8230;), mitjans de comunicaci\u00f3&#8230; ESPAI PER AL CONEIXEMENT (EXPERTS A LA BIBLIOTECA).<\/p>\n<p><img decoding=\"async\" alt=\"Carles D\u00edaz, c\u00e0mera en acci\u00f3!\" src=\"http:\/\/farm9.staticflickr.com\/8061\/8203941886_5a7b02685c_s.jpg\" \/><img decoding=\"async\" alt=\"Carles D\u00edaz, c\u00e0mera en acci\u00f3!\" src=\"http:\/\/farm9.staticflickr.com\/8061\/8203939362_f86018cb0b_s.jpg\" \/><img decoding=\"async\" alt=\"Carles D\u00edaz, c\u00e0mera en acci\u00f3!\" src=\"http:\/\/farm9.staticflickr.com\/8340\/8202846169_b81d7f14df_s.jpg\" \/><img decoding=\"async\" alt=\"Carles D\u00edaz, c\u00e0mera en acci\u00f3!\" src=\"http:\/\/farm9.staticflickr.com\/8485\/8203932518_63c94a55d6_s.jpg\" \/><img decoding=\"async\" alt=\"Confer\u00e8ncia ADF\" src=\"http:\/\/farm9.staticflickr.com\/8062\/8243291883_da8edb048c_s.jpg\" \/><img decoding=\"async\" alt=\"Confer\u00e8ncia ADF\" src=\"http:\/\/farm9.staticflickr.com\/8485\/8244364498_c75b1d6d6d_s.jpg\" \/><\/p>\n<p><strong>8.- ESPAI D&#8217;EXPOSICIONS ORALS DELS TREBALL GLOBALITZATS I DELS PROJECTES.\u00a0<\/strong>Els alumnes fan exposicions orals despr\u00e9s de cada treball i al final de cada PROJECTE TRIMESTRAL convidem els pares per a que escoltin els seus fills com a conferenciants, el lloc d&#8217;exposicions \u00e9s la biblioteca.<\/p>\n<p><img decoding=\"async\" alt=\"Projecte Herbari virtual - Assaig general\" src=\"http:\/\/farm9.staticflickr.com\/8067\/8250589298_4edfa220af_s.jpg\" \/><img decoding=\"async\" alt=\"Projecte Herbari virtual 2012 - Presentaci\u00f3 a les fam\u00edlies\" src=\"http:\/\/farm9.staticflickr.com\/8337\/8250635552_e21c279996_s.jpg\" \/><img decoding=\"async\" alt=\"Projecte Herbari virtual 2012 - Presentaci\u00f3 a les fam\u00edlies\" src=\"http:\/\/farm9.staticflickr.com\/8337\/8250635552_e21c279996_s.jpg\" \/><img decoding=\"async\" alt=\"Projecte Herbari virtual 2012 - Presentaci\u00f3 a les fam\u00edlies\" src=\"http:\/\/farm9.staticflickr.com\/8070\/8250615084_3db5353308_s.jpg\" \/><img decoding=\"async\" alt=\"Projecte Herbari virtual 2012 - Presentaci\u00f3 a les fam\u00edlies\" src=\"http:\/\/farm9.staticflickr.com\/8210\/8250583176_8921b1051e_s.jpg\" \/><\/p>\n<p><strong>9.- ESPAI DE PR\u00c9STEC I LECTURA (HORA DEL PATI).\u00a0<\/strong>A l&#8217;hora dels patis, jo mateixa tinc les gu\u00e0rdies posades per a poder fer el servei de pr\u00e9stec i que els i les alumnes es quedin a llegir. Aquest any hem fet una forta despesa (amb l&#8217;ajut del Puntedu) per a comprar tots els t\u00edtols de lectures obligat\u00f2ries i optatives de l&#8217;ESO. D&#8217;aquesta manera els alumnes tenen els llibres que necessiten i, ben organitzats, la majoria poden no haver de comprar els llibres. I pel que estic observant aquesta facilitat anima els alumnes a que facin m\u00e9s lectures. Altrament vam convidar els pares a regalar els llibres que tinguessin per casa per a nens\/es de 3 a 16 anys i la resposta ha estat exemplar. Fa molt de goig veure els alumnes que arriben a la biblioteca amb una bossa amb els llibres que han llegit des que van a l&#8217;escola. Actualment tenim un servei quasi complet de lectura per als nostres alumnes.<\/p>\n<p><strong>10.- ESPAI D&#8217;EXPOSICIONS DE LLIBRES.\u00a0<\/strong>Per Sant Jordi i per nadal, de moment, hem fet exposicions de llibres, entre els que tenim i els que ens deixa la biblioteca municipal que col.labora molt i molt b\u00e9.\u00a0Malauradament\u00a0no tinc fotos: l&#8217;any passat vam fer diversos homenatges: a Josep Pla, a Pere Calders, a\u00a0Avel\u00b7l\u00ed\u00a0Art\u00eds Gener, a Dickens, a Teresa P\u00e0mies i a Cervantes<\/p>\n<p>De moment, aquests s\u00f3n els usos i els espais que es van configurant a la nostra biblioteca, que \u00e9s molt din\u00e0mica i com la movem constantment, hem decidit que no sigui feixuga de mobles, hem comprat cadires plegables poc pesades i taules tamb\u00e9 poc pesades, de moment no n&#8217;hem rebut de la Generalitat, encara. Segur que aniran sortint m\u00e9s possibilitats per a la nostra biblioteca pol\u00edglota i vers\u00e0til, animada i cada vegada m\u00e9s visitada.<\/p>\n<p>Acceptem tots els suggeriments que ens doneu.<\/p>\n<p><strong>I no deixeu de visitar <a href=\"http:\/\/biblioteca.ielesvinyes.net\/\" target=\"_blank\">la web de la biblioteca<\/a>!\u00a0<\/strong><\/p>\n<p>Maria Beneyto<br \/>\nCoordinadora de la biblioteca<\/p>\n","protected":false},"excerpt":{"rendered":"<p>Hola comunitat educativa, pares i mares, avis i avies, amics i amigues&#8230;, En aquesta publicaci\u00f3 hi ha una mostra del treball que fet a partir del Projecte Punt Edu i \u00a0la nostra biblioteca\u00a0tal com l&#8217;anem fent entre tots. \u00a0Vam iniciar\u00a0aquest\u00a0projecte, \u00a0com tots sabeu, el curs 2011-2012 i encara ens falten moltes coses, per\u00f2 els pares [&hellip;]<\/p>\n","protected":false},"author":1,"featured_media":0,"comment_status":"open","ping_status":"open","sticky":false,"template":"","format":"standard","meta":{"_bbp_topic_count":0,"_bbp_reply_count":0,"_bbp_total_topic_count":0,"_bbp_total_reply_count":0,"_bbp_voice_count":0,"_bbp_anonymous_reply_count":0,"_bbp_topic_count_hidden":0,"_bbp_reply_count_hidden":0,"_bbp_forum_subforum_count":0,"site-sidebar-layout":"default","site-content-layout":"","ast-site-content-layout":"","site-content-style":"default","site-sidebar-style":"default","ast-global-header-display":"","ast-banner-title-visibility":"","ast-main-header-display":"","ast-hfb-above-header-display":"","ast-hfb-below-header-display":"","ast-hfb-mobile-header-display":"","site-post-title":"","ast-breadcrumbs-content":"","ast-featured-img":"","footer-sml-layout":"","theme-transparent-header-meta":"","adv-header-id-meta":"","stick-header-meta":"","header-above-stick-meta":"","header-main-stick-meta":"","header-below-stick-meta":"","astra-migrate-meta-layouts":"default","ast-page-background-enabled":"default","ast-page-background-meta":{"desktop":{"background-color":"var(--ast-global-color-4)","background-image":"","background-repeat":"repeat","background-position":"center center","background-size":"auto","background-attachment":"scroll","background-type":"","background-media":"","overlay-type":"","overlay-color":"","overlay-opacity":"","overlay-gradient":""},"tablet":{"background-color":"","background-image":"","background-repeat":"repeat","background-position":"center center","background-size":"auto","background-attachment":"scroll","background-type":"","background-media":"","overlay-type":"","overlay-color":"","overlay-opacity":"","overlay-gradient":""},"mobile":{"background-color":"","background-image":"","background-repeat":"repeat","background-position":"center center","background-size":"auto","background-attachment":"scroll","background-type":"","background-media":"","overlay-type":"","overlay-color":"","overlay-opacity":"","overlay-gradient":""}},"ast-content-background-meta":{"desktop":{"background-color":"var(--ast-global-color-5)","background-image":"","background-repeat":"repeat","background-position":"center center","background-size":"auto","background-attachment":"scroll","background-type":"","background-media":"","overlay-type":"","overlay-color":"","overlay-opacity":"","overlay-gradient":""},"tablet":{"background-color":"var(--ast-global-color-5)","background-image":"","background-repeat":"repeat","background-position":"center center","background-size":"auto","background-attachment":"scroll","background-type":"","background-media":"","overlay-type":"","overlay-color":"","overlay-opacity":"","overlay-gradient":""},"mobile":{"background-color":"var(--ast-global-color-5)","background-image":"","background-repeat":"repeat","background-position":"center center","background-size":"auto","background-attachment":"scroll","background-type":"","background-media":"","overlay-type":"","overlay-color":"","overlay-opacity":"","overlay-gradient":""}},"footnotes":""},"categories":[301],"tags":[176,315],"class_list":["post-881","post","type-post","status-publish","format-standard","hentry","category-secundaria","tag-biblioteca","tag-primerbalanc"],"post_mailing_queue_ids":[],"_links":{"self":[{"href":"https:\/\/agora.xtec.cat\/ielesvinyes\/wp-json\/wp\/v2\/posts\/881","targetHints":{"allow":["GET"]}}],"collection":[{"href":"https:\/\/agora.xtec.cat\/ielesvinyes\/wp-json\/wp\/v2\/posts"}],"about":[{"href":"https:\/\/agora.xtec.cat\/ielesvinyes\/wp-json\/wp\/v2\/types\/post"}],"author":[{"embeddable":true,"href":"https:\/\/agora.xtec.cat\/ielesvinyes\/wp-json\/wp\/v2\/users\/1"}],"replies":[{"embeddable":true,"href":"https:\/\/agora.xtec.cat\/ielesvinyes\/wp-json\/wp\/v2\/comments?post=881"}],"version-history":[{"count":0,"href":"https:\/\/agora.xtec.cat\/ielesvinyes\/wp-json\/wp\/v2\/posts\/881\/revisions"}],"wp:attachment":[{"href":"https:\/\/agora.xtec.cat\/ielesvinyes\/wp-json\/wp\/v2\/media?parent=881"}],"wp:term":[{"taxonomy":"category","embeddable":true,"href":"https:\/\/agora.xtec.cat\/ielesvinyes\/wp-json\/wp\/v2\/categories?post=881"},{"taxonomy":"post_tag","embeddable":true,"href":"https:\/\/agora.xtec.cat\/ielesvinyes\/wp-json\/wp\/v2\/tags?post=881"}],"curies":[{"name":"wp","href":"https:\/\/api.w.org\/{rel}","templated":true}]}}