{"id":8592,"date":"2026-04-24T11:58:45","date_gmt":"2026-04-24T09:58:45","guid":{"rendered":"https:\/\/agora.xtec.cat\/ielesvinyes\/?p=8592"},"modified":"2026-04-24T12:05:13","modified_gmt":"2026-04-24T10:05:13","slug":"acompanyament-en-la-sexualitat-i-el-benestar-emocional","status":"publish","type":"post","link":"https:\/\/agora.xtec.cat\/ielesvinyes\/general\/acompanyament-en-la-sexualitat-i-el-benestar-emocional\/","title":{"rendered":"Acompanyament en la sexualitat i el benestar emocional"},"content":{"rendered":"\n<figure class=\"wp-block-image size-large\"><a href=\"https:\/\/agora.xtec.cat\/ielesvinyes\/wp-content\/uploads\/usu1433\/2026\/04\/WhatsApp-Image-2026-04-24-at-11.11.06.jpeg\"><img loading=\"lazy\" decoding=\"async\" width=\"724\" height=\"1024\" src=\"https:\/\/agora.xtec.cat\/ielesvinyes\/wp-content\/uploads\/usu1433\/2026\/04\/WhatsApp-Image-2026-04-24-at-11.11.06-724x1024.jpeg\" alt=\"\" class=\"wp-image-8593\" srcset=\"https:\/\/agora.xtec.cat\/ielesvinyes\/wp-content\/uploads\/usu1433\/2026\/04\/WhatsApp-Image-2026-04-24-at-11.11.06-724x1024.jpeg 724w, https:\/\/agora.xtec.cat\/ielesvinyes\/wp-content\/uploads\/usu1433\/2026\/04\/WhatsApp-Image-2026-04-24-at-11.11.06-212x300.jpeg 212w, https:\/\/agora.xtec.cat\/ielesvinyes\/wp-content\/uploads\/usu1433\/2026\/04\/WhatsApp-Image-2026-04-24-at-11.11.06-768x1086.jpeg 768w, https:\/\/agora.xtec.cat\/ielesvinyes\/wp-content\/uploads\/usu1433\/2026\/04\/WhatsApp-Image-2026-04-24-at-11.11.06-1086x1536.jpeg 1086w, https:\/\/agora.xtec.cat\/ielesvinyes\/wp-content\/uploads\/usu1433\/2026\/04\/WhatsApp-Image-2026-04-24-at-11.11.06.jpeg 1414w\" sizes=\"auto, (max-width: 724px) 100vw, 724px\" \/><\/a><\/figure>\n\n\n<p>Des de l&#8217;AFA IE Les Vinyes, us volem convidar a la segona i \u00faltima xerrada de Marta Pujol, per a fam\u00edlies d&#8217;adolescents i pre-adolescents sobre com acompanyar-los amb eines i confian\u00e7a. Tindr\u00e0 lloc el 6 de Maig a les 17, a l&#8217; IE Les Vinyes.<\/p>\n<p>L\u2019adolesc\u00e8ncia \u00e9s una etapa fascinant, intensa i plena de canvis. Un moment en qu\u00e8 els nois i noies viuen un aut\u00e8ntic canvi de paradigma: noves influ\u00e8ncies externes, transformacions corporals, canvis emocionals i motivacionals\u2026 i, al mateix temps, una necessitat creixent d\u2019autonomia i identitat pr\u00f2pia.<\/p>\n<p>Per a moltes fam\u00edlies, aix\u00f2 pot generar dubtes, inseguretat o la sensaci\u00f3 que \u201cres del que f\u00e8iem abans funciona\u201d. Precisament per aix\u00f2 neix aquesta confer\u00e8ncia: per oferir un espai clar, pr\u00e0ctic i proper que ajudi a entendre qu\u00e8 est\u00e0 passant i com acompanyar-los amb serenitat i eines \u00fatils.<\/p>\n<p>Qu\u00e8 treballarem durant la confer\u00e8ncia? Les caracter\u00edstiques clau de l\u2019etapa adolescent i preadolescent Comprendre qu\u00e8 passa a nivell cerebral, emocional i social per poder interpretar millor les seves reaccions i necessitats.<\/p>\n<p>Les influ\u00e8ncies actuals: Xarxes socials, grup d\u2019iguals, pressions externes\u2026 Quins impactes tenen i com podem gestionar-los des de casa.<\/p>\n<p>Eines pr\u00e0ctiques per a l\u2019acompanyament: Estrat\u00e8gies concretes per comunicar-nos millor, posar l\u00edmits saludables, fomentar l\u2019autonomia i crear un vincle de confian\u00e7a.<\/p>\n<p>Espai de preguntes i inquietuds: Un moment obert perqu\u00e8 les fam\u00edlies puguin compartir all\u00f2 que els preocupa i rebre orientaci\u00f3 personalitzada.<\/p>\n<p>Com a objectiu final, les fam\u00edlies sortiran amb una mirada m\u00e9s tranquil\u00b7la, informada i pr\u00e0ctica sobre com acompanyar els seus fills i filles en aquesta etapa tan decisiva<\/p>\n<p>Pots insciure&#8217;t a la xarrada a trav\u00e9s d&#8217;<a href=\"https:\/\/docs.google.com\/forms\/d\/e\/1FAIpQLSfYqDB8ElJPjZfhJ1x7oPO3I1f2pSZydFtskF-4LwUO9qTgAg\/viewform?pli=1&amp;pli=1\" target=\"_blank\" rel=\"noopener\">aquest formulari.<\/a><\/p>","protected":false},"excerpt":{"rendered":"<p>6 de maig de 2026.<br \/>\nDe 17h. a 19h. a l&#8217;IE Les Vinyes.<br \/>\nAbordarem l&#8217;adolesc\u00e8ncia com una etapa plena de canvis, que poden generar dubtes a les fam\u00edlies.<\/p>\n","protected":false},"author":52,"featured_media":8541,"comment_status":"open","ping_status":"open","sticky":false,"template":"","format":"standard","meta":{"_bbp_topic_count":0,"_bbp_reply_count":0,"_bbp_total_topic_count":0,"_bbp_total_reply_count":0,"_bbp_voice_count":0,"_bbp_anonymous_reply_count":0,"_bbp_topic_count_hidden":0,"_bbp_reply_count_hidden":0,"_bbp_forum_subforum_count":0,"site-sidebar-layout":"default","site-content-layout":"","ast-site-content-layout":"default","site-content-style":"default","site-sidebar-style":"default","ast-global-header-display":"","ast-banner-title-visibility":"","ast-main-header-display":"","ast-hfb-above-header-display":"","ast-hfb-below-header-display":"","ast-hfb-mobile-header-display":"","site-post-title":"","ast-breadcrumbs-content":"","ast-featured-img":"","footer-sml-layout":"","theme-transparent-header-meta":"","adv-header-id-meta":"","stick-header-meta":"","header-above-stick-meta":"","header-main-stick-meta":"","header-below-stick-meta":"","astra-migrate-meta-layouts":"set","ast-page-background-enabled":"default","ast-page-background-meta":{"desktop":{"background-color":"var(--ast-global-color-4)","background-image":"","background-repeat":"repeat","background-position":"center center","background-size":"auto","background-attachment":"scroll","background-type":"","background-media":"","overlay-type":"","overlay-color":"","overlay-opacity":"","overlay-gradient":""},"tablet":{"background-color":"","background-image":"","background-repeat":"repeat","background-position":"center center","background-size":"auto","background-attachment":"scroll","background-type":"","background-media":"","overlay-type":"","overlay-color":"","overlay-opacity":"","overlay-gradient":""},"mobile":{"background-color":"","background-image":"","background-repeat":"repeat","background-position":"center center","background-size":"auto","background-attachment":"scroll","background-type":"","background-media":"","overlay-type":"","overlay-color":"","overlay-opacity":"","overlay-gradient":""}},"ast-content-background-meta":{"desktop":{"background-color":"var(--ast-global-color-5)","background-image":"","background-repeat":"repeat","background-position":"center center","background-size":"auto","background-attachment":"scroll","background-type":"","background-media":"","overlay-type":"","overlay-color":"","overlay-opacity":"","overlay-gradient":""},"tablet":{"background-color":"var(--ast-global-color-5)","background-image":"","background-repeat":"repeat","background-position":"center center","background-size":"auto","background-attachment":"scroll","background-type":"","background-media":"","overlay-type":"","overlay-color":"","overlay-opacity":"","overlay-gradient":""},"mobile":{"background-color":"var(--ast-global-color-5)","background-image":"","background-repeat":"repeat","background-position":"center center","background-size":"auto","background-attachment":"scroll","background-type":"","background-media":"","overlay-type":"","overlay-color":"","overlay-opacity":"","overlay-gradient":""}},"footnotes":""},"categories":[543,31,1],"tags":[],"class_list":["post-8592","post","type-post","status-publish","format-standard","has-post-thumbnail","hentry","category-2025-26","category-afa","category-general"],"post_mailing_queue_ids":[],"_links":{"self":[{"href":"https:\/\/agora.xtec.cat\/ielesvinyes\/wp-json\/wp\/v2\/posts\/8592","targetHints":{"allow":["GET"]}}],"collection":[{"href":"https:\/\/agora.xtec.cat\/ielesvinyes\/wp-json\/wp\/v2\/posts"}],"about":[{"href":"https:\/\/agora.xtec.cat\/ielesvinyes\/wp-json\/wp\/v2\/types\/post"}],"author":[{"embeddable":true,"href":"https:\/\/agora.xtec.cat\/ielesvinyes\/wp-json\/wp\/v2\/users\/52"}],"replies":[{"embeddable":true,"href":"https:\/\/agora.xtec.cat\/ielesvinyes\/wp-json\/wp\/v2\/comments?post=8592"}],"version-history":[{"count":4,"href":"https:\/\/agora.xtec.cat\/ielesvinyes\/wp-json\/wp\/v2\/posts\/8592\/revisions"}],"predecessor-version":[{"id":8597,"href":"https:\/\/agora.xtec.cat\/ielesvinyes\/wp-json\/wp\/v2\/posts\/8592\/revisions\/8597"}],"wp:featuredmedia":[{"embeddable":true,"href":"https:\/\/agora.xtec.cat\/ielesvinyes\/wp-json\/wp\/v2\/media\/8541"}],"wp:attachment":[{"href":"https:\/\/agora.xtec.cat\/ielesvinyes\/wp-json\/wp\/v2\/media?parent=8592"}],"wp:term":[{"taxonomy":"category","embeddable":true,"href":"https:\/\/agora.xtec.cat\/ielesvinyes\/wp-json\/wp\/v2\/categories?post=8592"},{"taxonomy":"post_tag","embeddable":true,"href":"https:\/\/agora.xtec.cat\/ielesvinyes\/wp-json\/wp\/v2\/tags?post=8592"}],"curies":[{"name":"wp","href":"https:\/\/api.w.org\/{rel}","templated":true}]}}