{"id":8491,"date":"2025-11-29T19:35:16","date_gmt":"2025-11-29T18:35:16","guid":{"rendered":"https:\/\/agora.xtec.cat\/ielesvinyes\/?p=8491"},"modified":"2025-11-29T19:36:46","modified_gmt":"2025-11-29T18:36:46","slug":"no-ho-entenc-pero-en-veig-els-resultats","status":"publish","type":"post","link":"https:\/\/agora.xtec.cat\/ielesvinyes\/portada\/no-ho-entenc-pero-en-veig-els-resultats\/","title":{"rendered":"&#8220;No ho entenc, per\u00f2 en veig els resultats&#8221;"},"content":{"rendered":"\n<figure class=\"wp-block-image size-large\"><a href=\"https:\/\/agora.xtec.cat\/ielesvinyes\/wp-content\/uploads\/usu1433\/2025\/11\/visites_03-scaled.jpg\"><img loading=\"lazy\" decoding=\"async\" width=\"1024\" height=\"683\" src=\"https:\/\/agora.xtec.cat\/ielesvinyes\/wp-content\/uploads\/usu1433\/2025\/11\/visites_03-1024x683.jpg\" alt=\"\" class=\"wp-image-8496\" srcset=\"https:\/\/agora.xtec.cat\/ielesvinyes\/wp-content\/uploads\/usu1433\/2025\/11\/visites_03-1024x683.jpg 1024w, https:\/\/agora.xtec.cat\/ielesvinyes\/wp-content\/uploads\/usu1433\/2025\/11\/visites_03-300x200.jpg 300w, https:\/\/agora.xtec.cat\/ielesvinyes\/wp-content\/uploads\/usu1433\/2025\/11\/visites_03-768x512.jpg 768w, https:\/\/agora.xtec.cat\/ielesvinyes\/wp-content\/uploads\/usu1433\/2025\/11\/visites_03-1536x1024.jpg 1536w, https:\/\/agora.xtec.cat\/ielesvinyes\/wp-content\/uploads\/usu1433\/2025\/11\/visites_03-2048x1365.jpg 2048w\" sizes=\"auto, (max-width: 1024px) 100vw, 1024px\" \/><\/a><\/figure>\n\n\n\n<blockquote class=\"wp-block-quote is-layout-flow wp-block-quote-is-layout-flow\">\n<p>N<em>o soc fan de l&#8217;Aprenentatge Basat en Projectes perqu\u00e8 siguin una cosa nova. S\u00f3c fan de l&#8217;Aprenentatge Basat en Projectes perqu\u00e8 aix\u00ed \u00e9s com \u00e9s la vida.<\/em> <\/p>\n\n\n\n<p>Ron Berger<br>Director de EL Education<\/p>\n<\/blockquote>\n\n\n\n<p>Fa uns dies public\u00e0vem a les nostres xarxes els <strong>criteris de qualitat <\/strong>que orienten el disseny dels projectes que proposem als vostres fills i filles. S\u00f3n un seguit d\u2019elements que ens orienten i ens ajuden a dissenyar els projectes amb la intenci\u00f3 que l\u2019aprenentatge dels nois i les noies sigui profund i significatiu. <\/p>\n\n\n\n<p>Sabem, i <strong>la recerca ho confirma<\/strong>, que quan el que proposem als infants i joves compleix un seguit de requisits, el seu aprenentatge arriba m\u00e9s lluny. Sabem, per exemple, que \u00e9s important que hi hagi una <strong>creaci\u00f3 final<\/strong> que vertebri el proc\u00e9s de treball (la publicaci\u00f3 d\u2019un llibre, la creaci\u00f3 d\u2019un curt o una obra teatral, l\u2019exposici\u00f3 sobre els resultats d\u2019una investigaci\u00f3 sobre micropl\u00e0stics i els seus possibles usos\u2026). <\/p>\n\n\n\n<p>Sabem tamb\u00e9 que \u00e9s fonamental que hi hagi <strong>persones expertes<\/strong> que els puguin ajudar a desenvolupar i millorar, i tamb\u00e9 que \u00e9s clau que comparteixin el fruit del seu treball i del seu aprenentatge. La <strong>investigaci\u00f3 educativa<\/strong>, i tamb\u00e9 el que hem apr\u00e8s aquests anys, ens diu que quan garantim que passin aquestes coses, el seu aprenentatge pren m\u00e9s significat, perdura m\u00e9s i els ajuda m\u00e9s profundament en la seva construcci\u00f3 com a persones i com a ciutadans. Aquests criteris de qualitat no ens els hem inventat, sin\u00f3 que els hem apr\u00e8s del <strong>Buck Institute<\/strong>, un centre de recerca referent en ABP dels Estats Units. <\/p>\n\n\n\n<p>Com d\u00e8iem al principi, vam republicar els criteris a les xarxes, i per aix\u00f2 la publicaci\u00f3 estava escrita en angl\u00e8s. Pocs minuts despr\u00e9s, la Teresa, \u00e0via i tieta d\u2019alguns alumnes de Les Vinyes va respondre: \u201cNo entenc l\u2019angl\u00e8s, per\u00f2 veig els resultats cada dia.\u201d La frase ens va fer somriure perqu\u00e8 ens vam adonar que estaria b\u00e9 compartir-los en catal\u00e0, per\u00f2 tamb\u00e9 perqu\u00e8 cont\u00e9 una veritat important: potser aquest enfocament no \u00e9s el m\u00e9s habitual, <strong>potser requereix temps per ser compr\u00e8s massivament<\/strong>, per\u00f2 \u00e9s innegable que transforma la manera com els infants i els joves aprenen i, sobretot, la manera com s\u2019apropien del seu propi aprenentatge. <\/p>\n\n\n\n<p>Ron Berger, una de les veus m\u00e9s inspiradores en l\u2019\u00e0mbit educatiu, ho expressa d\u2019una manera molt clara: \u201cNo soc fan de l\u2019Aprenentatge Basat en Projectes perqu\u00e8 siguin una cosa nova. Soc fan de l\u2019Aprenentatge Basat en Projectes perqu\u00e8 aix\u00ed \u00e9s com \u00e9s la vida.\u201d I \u00e9s aix\u00f2, exactament, el que fem: que l\u2019escola no sigui un espai paral\u00b7lel al m\u00f3n, sin\u00f3 <strong>un lloc on es viu, es pensa, es crea i s\u2019apr\u00e8n tal com sabem que aprenen profundament les persones i com aprendran m\u00e9s endavant<\/strong>, quan hagin de resoldre <strong>reptes complexo<\/strong>s, treballar amb altres persones, prendre decisions i fer front a situacions que no tenen una \u00fanica resposta correcta. <\/p>\n\n\n\n<p>Per aix\u00f2, que sigueu aqu\u00ed avui \u00e9s m\u00e9s important del que potser us penseu. La cultura, l\u2019aprenentatge i la comunitat es reforcen m\u00fatuament quan els vivim plegats. Els vostres fills i filles aprenen tamb\u00e9 perqu\u00e8 hi sou, perqu\u00e8 els acompanyeu, perqu\u00e8 valoreu all\u00f2 que fan i el cam\u00ed que recorren. Sovint, aprendre importa senzillament perqu\u00e8 alg\u00fa ho mira, ho celebra i ho reconeix. <\/p>\n\n\n\n<p><strong>Gr\u00e0cies per venir, per confiar, per participar i per formar part d\u2019aquest espai<\/strong> que \u00e9s molt m\u00e9s que un esdeveniment: \u00e9s una mostra del que passa quan permetem que la creativitat, l\u2019esfor\u00e7, la recerca i el sentit es trobin en un mateix lloc. Per arribar a aquest indret els criteris que vam compartir, i que podreu trobar en catal\u00e0 en aquestes p\u00e0gines (p. 28), s\u00f3n una br\u00faixola que ens orienta. Per\u00f2 el realment important \u00e9s que el viatge \u00e9s molt m\u00e9s que aix\u00f2 i sobretot \u00e9s fascinant. I al vostre costat, encara m\u00e9s.<\/p>\n\n\n\n<pre class=\"wp-block-preformatted\">Aquest text \u00e9s l\u2019editorial del programa de m\u00e0 de l\u2019exhibici\u00f3 p\u00fablica dels projectes del 1r trimestre del curs 2025-26. Podeu consultar \u00edntegrament el programa de m\u00e0 aqu\u00ed: <br><a href=\"https:\/\/es.slideshare.net\/slideshow\/exhibicio-publica-programa-de-ma-2526-1t-pdf-c3e8\/284370037?_gl=1*it7oyz*_gcl_au*NjQ2NDc4NTc3LjE3NTg3OTIxNjY.\">https:\/\/es.slideshare.net\/slideshow\/exhibicio-publica-programa-de-ma-2526-1t-pdf-c3e8\/284370037?_gl=1*it7oyz*_gcl_au*NjQ2NDc4NTc3LjE3NTg3OTIxNjY.<\/a><\/pre>\n","protected":false},"excerpt":{"rendered":"<p>No soc fan de l&#8217;Aprenentatge Basat en Projectes perqu\u00e8 siguin una cosa nova. S\u00f3c fan de l&#8217;Aprenentatge Basat en Projectes perqu\u00e8 aix\u00ed \u00e9s com \u00e9s la vida. Ron BergerDirector de EL Education Fa uns dies public\u00e0vem a les nostres xarxes els criteris de qualitat que orienten el disseny dels projectes que proposem als vostres fills [&hellip;]<\/p>\n","protected":false},"author":6,"featured_media":8496,"comment_status":"open","ping_status":"open","sticky":false,"template":"","format":"standard","meta":{"_bbp_topic_count":0,"_bbp_reply_count":0,"_bbp_total_topic_count":0,"_bbp_total_reply_count":0,"_bbp_voice_count":0,"_bbp_anonymous_reply_count":0,"_bbp_topic_count_hidden":0,"_bbp_reply_count_hidden":0,"_bbp_forum_subforum_count":0,"site-sidebar-layout":"default","site-content-layout":"","ast-site-content-layout":"default","site-content-style":"default","site-sidebar-style":"default","ast-global-header-display":"","ast-banner-title-visibility":"","ast-main-header-display":"","ast-hfb-above-header-display":"","ast-hfb-below-header-display":"","ast-hfb-mobile-header-display":"","site-post-title":"","ast-breadcrumbs-content":"","ast-featured-img":"","footer-sml-layout":"","theme-transparent-header-meta":"","adv-header-id-meta":"","stick-header-meta":"","header-above-stick-meta":"","header-main-stick-meta":"","header-below-stick-meta":"","astra-migrate-meta-layouts":"set","ast-page-background-enabled":"default","ast-page-background-meta":{"desktop":{"background-color":"var(--ast-global-color-4)","background-image":"","background-repeat":"repeat","background-position":"center center","background-size":"auto","background-attachment":"scroll","background-type":"","background-media":"","overlay-type":"","overlay-color":"","overlay-opacity":"","overlay-gradient":""},"tablet":{"background-color":"","background-image":"","background-repeat":"repeat","background-position":"center center","background-size":"auto","background-attachment":"scroll","background-type":"","background-media":"","overlay-type":"","overlay-color":"","overlay-opacity":"","overlay-gradient":""},"mobile":{"background-color":"","background-image":"","background-repeat":"repeat","background-position":"center center","background-size":"auto","background-attachment":"scroll","background-type":"","background-media":"","overlay-type":"","overlay-color":"","overlay-opacity":"","overlay-gradient":""}},"ast-content-background-meta":{"desktop":{"background-color":"var(--ast-global-color-5)","background-image":"","background-repeat":"repeat","background-position":"center center","background-size":"auto","background-attachment":"scroll","background-type":"","background-media":"","overlay-type":"","overlay-color":"","overlay-opacity":"","overlay-gradient":""},"tablet":{"background-color":"var(--ast-global-color-5)","background-image":"","background-repeat":"repeat","background-position":"center center","background-size":"auto","background-attachment":"scroll","background-type":"","background-media":"","overlay-type":"","overlay-color":"","overlay-opacity":"","overlay-gradient":""},"mobile":{"background-color":"var(--ast-global-color-5)","background-image":"","background-repeat":"repeat","background-position":"center center","background-size":"auto","background-attachment":"scroll","background-type":"","background-media":"","overlay-type":"","overlay-color":"","overlay-opacity":"","overlay-gradient":""}},"footnotes":""},"categories":[543,547,530,100,29,548,105,301],"tags":[],"class_list":["post-8491","post","type-post","status-publish","format-standard","has-post-thumbnail","hentry","category-2025-26","category-editorial","category-exhibicions-publiques","category-infipri","category-portada","category-programa-de-ma","category-projectes","category-secundaria"],"post_mailing_queue_ids":[],"_links":{"self":[{"href":"https:\/\/agora.xtec.cat\/ielesvinyes\/wp-json\/wp\/v2\/posts\/8491","targetHints":{"allow":["GET"]}}],"collection":[{"href":"https:\/\/agora.xtec.cat\/ielesvinyes\/wp-json\/wp\/v2\/posts"}],"about":[{"href":"https:\/\/agora.xtec.cat\/ielesvinyes\/wp-json\/wp\/v2\/types\/post"}],"author":[{"embeddable":true,"href":"https:\/\/agora.xtec.cat\/ielesvinyes\/wp-json\/wp\/v2\/users\/6"}],"replies":[{"embeddable":true,"href":"https:\/\/agora.xtec.cat\/ielesvinyes\/wp-json\/wp\/v2\/comments?post=8491"}],"version-history":[{"count":6,"href":"https:\/\/agora.xtec.cat\/ielesvinyes\/wp-json\/wp\/v2\/posts\/8491\/revisions"}],"predecessor-version":[{"id":8498,"href":"https:\/\/agora.xtec.cat\/ielesvinyes\/wp-json\/wp\/v2\/posts\/8491\/revisions\/8498"}],"wp:featuredmedia":[{"embeddable":true,"href":"https:\/\/agora.xtec.cat\/ielesvinyes\/wp-json\/wp\/v2\/media\/8496"}],"wp:attachment":[{"href":"https:\/\/agora.xtec.cat\/ielesvinyes\/wp-json\/wp\/v2\/media?parent=8491"}],"wp:term":[{"taxonomy":"category","embeddable":true,"href":"https:\/\/agora.xtec.cat\/ielesvinyes\/wp-json\/wp\/v2\/categories?post=8491"},{"taxonomy":"post_tag","embeddable":true,"href":"https:\/\/agora.xtec.cat\/ielesvinyes\/wp-json\/wp\/v2\/tags?post=8491"}],"curies":[{"name":"wp","href":"https:\/\/api.w.org\/{rel}","templated":true}]}}