{"id":8474,"date":"2025-06-11T11:51:31","date_gmt":"2025-06-11T09:51:31","guid":{"rendered":"https:\/\/agora.xtec.cat\/ielesvinyes\/?p=8474"},"modified":"2025-11-18T11:52:07","modified_gmt":"2025-11-18T10:52:07","slug":"entrevista-a-gloria-arias","status":"publish","type":"post","link":"https:\/\/agora.xtec.cat\/ielesvinyes\/etapes\/secundaria\/entrevista-a-gloria-arias\/","title":{"rendered":"Entrevista a Gl\u00f2ria Arias"},"content":{"rendered":"\n<h3 class=\"wp-block-heading\">Aquest ha estat 14\u00e8 curs de la Gl\u00f2ria a Les Vinyes, i tamb\u00e9 \u00e9s l\u2019\u00faltim de la seva traject\u00f2ria professional. Ha format part de Les Vinyes des del seu naixement, all\u00e0 el 2011. Bona companya, bona persona, treballadora incansable, que cuida el planeta i tamb\u00e9 ens ha cuidat a totes les persones que hem tingut la sort de fer equip amb ella. Personalment, m\u2019he sentit cuidat i estimat per ella, per aix\u00f2 em fa especial il\u00b7lusi\u00f3 poder fer-li aquesta petita entrevista com a testimoni d\u2019una traject\u00f2ria literalment inoblidable.<\/h3>\n\n\n\n<figure class=\"wp-block-image size-large\"><a href=\"https:\/\/agora.xtec.cat\/ielesvinyes\/wp-content\/uploads\/usu1433\/2025\/11\/gloria1.jpeg\"><img loading=\"lazy\" decoding=\"async\" width=\"1024\" height=\"576\" src=\"https:\/\/agora.xtec.cat\/ielesvinyes\/wp-content\/uploads\/usu1433\/2025\/11\/gloria1-1024x576.jpeg\" alt=\"\" class=\"wp-image-8478\" srcset=\"https:\/\/agora.xtec.cat\/ielesvinyes\/wp-content\/uploads\/usu1433\/2025\/11\/gloria1-1024x576.jpeg 1024w, https:\/\/agora.xtec.cat\/ielesvinyes\/wp-content\/uploads\/usu1433\/2025\/11\/gloria1-300x169.jpeg 300w, https:\/\/agora.xtec.cat\/ielesvinyes\/wp-content\/uploads\/usu1433\/2025\/11\/gloria1-768x432.jpeg 768w, https:\/\/agora.xtec.cat\/ielesvinyes\/wp-content\/uploads\/usu1433\/2025\/11\/gloria1-1536x864.jpeg 1536w, https:\/\/agora.xtec.cat\/ielesvinyes\/wp-content\/uploads\/usu1433\/2025\/11\/gloria1.jpeg 1600w\" sizes=\"auto, (max-width: 1024px) 100vw, 1024px\" \/><\/a><\/figure>\n\n\n\n<p><strong>Per trencar el gel, Gl\u00f2ria, ja jubilada, com et sents?<\/strong> <\/p>\n\n\n\n<p>B\u00e9, estic aprenent a cuidar-me. Estic agafant rutines, \u00e9s un canvi molt gran. Estic descobrint un m\u00f3n completament nou. <\/p>\n\n\n\n<p><strong>Viatgem un segon al passat, com recordes el teu primer dia a Les Vinyes?<\/strong> <\/p>\n\n\n\n<p>Quina gr\u00e0cia. El primer dia a LV recordo quan vaig entrar per la porta, vaig anar a la Sala de profes, i vaig veure que nom\u00e9s \u00e9rem cinc persones. El Boris Mir, la Rosa Sard\u00e0, el Ramon Nasarre i la Maria Beneyto. El Boris, amb aquesta energia seva desbordant, r\u00e0pid em va venir a saludar i em va bombardejar a preguntes: \u201ctu coneixes el Drive?, com vas d\u2019inform\u00e0tica?\u201d Recordo tamb\u00e9 la reuni\u00f3 al sal\u00f3 d\u2019actes de l\u2019ajuntament amb les fam\u00edlies, al centre no ten\u00edem de res, ni tan sols taules i cadires. Una aventura molt b\u00e8stia, vaig pensar \u201cGl\u00f2ria, a on t\u2019has fotut!\u201d. Alhora una oportunitat, llibre en blanc del qual en soc part. Un llibre en blanc d\u2019un centre que volia ser intencionadament Innovador. Vertigen i il\u00b7lusi\u00f3. <\/p>\n\n\n\n<p><strong>I si tornem al present, com ha evolucionat el centre durant aquests 14 anys?<\/strong> <\/p>\n\n\n\n<p>El centre ha passat per molt\u00edssimes fases. Sempre madurant, encara \u00e9s un centre jove, per\u00f2 s\u2019han consolidat moltes maneres de fer, \u00e9s ja un adolescent. Recordo les primeres reunions amb nom\u00e9s cinc professors. Eren eternes, ten\u00edem molts dubtes, llavors intent\u00e0vem treballar a partir d\u2019un centre d\u2019inter\u00e8s, all\u00f2 ara queda molt lluny, per\u00f2 la manera de treballar ja era molt diferent del que tots est\u00e0vem acostumats a fer. Des d\u2019aquell punt, i sent un centre que naixia per ser mirat, hi ha hagut moltes fases. Ara ens cuidem molt m\u00e9s que abans, tenim projectes consolidats i maneres de fer tamb\u00e9 consolidades. Tenim tamb\u00e9 les Presentacions d\u2019aprenentatge, que s\u00f3n tan emotives i que permeten a les fam\u00edlies ser-hi d\u2019una altra manera tan especial. Hi ha hagut moltes fases, per\u00f2 sense dubte el centre ha anat a millor. <\/p>\n\n\n\n<p><strong>Jordi Dom\u00e8nech, amic i referent precisament en el mateix \u00e0mbit que tu, les ci\u00e8ncies, em va dir una vegada, un p\u00e8l amo\u00efnat, que l\u2019imaginari d\u2019un \u201cbon professor\u201d massa sovint \u00e9s una combinaci\u00f3 de bones explicacions i mala llet. Alhora, quan jo vaig arribar a Les Vinyes, que tot just comen\u00e7ava en l\u2019ofici, recordo perfectament de fer equip amb tu i quedar meravellat de la teva amabilitat, la teva capacitat per escoltar, el teu tracte sempre\u2026 amb el teu quefer quotidi\u00e0 em vas oferir una alternativa a un imaginari tant compartit com caduc. Ara, Gl\u00f2ria, despr\u00e9s de tota una vida dedicada a ensenyar i aprendre, quin \u00e9s el teu imaginari de \u201cbon professor\u201d?<\/strong> <\/p>\n\n\n\n<p>Uff\u2026 No hi ha un \u00fanic \u201cbon professor\u201d, ho has de fer tu. A Les Vinyes, que hem fet molta codoc\u00e8ncia, moltes vegades est\u00e0s amb un company i t\u2019agrada com fa una cosa, i t\u2019ho voldries quedar, per\u00f2 cadasc\u00fa t\u00e9 la seva manera de fer\u2026 Sobretot, un \u201cbon professor\u201d \u00e9s aquell que sap veure el que t\u00e9 davant, o intentar-ho al m\u00e0xim, ser capa\u00e7 de veure als nanos, tal com s\u00f3n, les seves circumst\u00e0ncies, i saber llegir fins a on pots arribar amb ells, individualment i com a grup. No \u00e9s nom\u00e9s fer \u201cactivitats\u201d. Un \u201cbon professor\u201d \u00e9s treballar, saber apropar-te als nanos\u2026 cosa que alhora que fa patir, perqu\u00e8 veus moltes coses on no pots arribar\u2026 <\/p>\n\n\n\n<figure class=\"wp-block-image size-large\"><a href=\"https:\/\/agora.xtec.cat\/ielesvinyes\/wp-content\/uploads\/usu1433\/2025\/11\/gloria2.jpeg\"><img loading=\"lazy\" decoding=\"async\" width=\"1024\" height=\"576\" src=\"https:\/\/agora.xtec.cat\/ielesvinyes\/wp-content\/uploads\/usu1433\/2025\/11\/gloria2-1024x576.jpeg\" alt=\"\" class=\"wp-image-8480\" srcset=\"https:\/\/agora.xtec.cat\/ielesvinyes\/wp-content\/uploads\/usu1433\/2025\/11\/gloria2-1024x576.jpeg 1024w, https:\/\/agora.xtec.cat\/ielesvinyes\/wp-content\/uploads\/usu1433\/2025\/11\/gloria2-300x169.jpeg 300w, https:\/\/agora.xtec.cat\/ielesvinyes\/wp-content\/uploads\/usu1433\/2025\/11\/gloria2-768x432.jpeg 768w, https:\/\/agora.xtec.cat\/ielesvinyes\/wp-content\/uploads\/usu1433\/2025\/11\/gloria2-1536x864.jpeg 1536w, https:\/\/agora.xtec.cat\/ielesvinyes\/wp-content\/uploads\/usu1433\/2025\/11\/gloria2.jpeg 1600w\" sizes=\"auto, (max-width: 1024px) 100vw, 1024px\" \/><\/a><figcaption class=\"wp-element-caption\">La Gl\u00f2ria, el seu darrer dia a Les Vinyes, entregant les claus al Jose.<\/figcaption><\/figure>\n\n\n\n<p><strong>Hi ha algun projecte o activitat que recordis amb especial estima?<\/strong> <\/p>\n\n\n\n<p>Recordo moltes coses, tinc molts bons records, i orgull de moltes coses. La promoci\u00f3 amb qu\u00e8 vas comen\u00e7ar tu [per 2013-14] la recordo amb molta estima, vaig estar amb ells tres cursos. Recordo el projecte emPATItza\u2019t de millora dels patis, va ser tan b\u00e8stia, totes les etapes juntes, amb les fam\u00edlies\u2026 no s\u00e9 com no ens vam fer mal\u2026 hem fet tantes coses i tan grosses, el recordo amb gratitud. Tamb\u00e9 recordo la c\u00fapula geod\u00e8sica, la meva de sortir de l\u2019aula i trepitjar natura, i el #ShowYourStripes, el m\u00edtic herbari virtual\u2026 <\/p>\n\n\n\n<p><strong>Qu\u00e8 t\u2019ha aportat el contacte amb els nois i noies al llarg dels anys?<\/strong> <\/p>\n\n\n\n<p>Uaaaa, frescor. I com que tinc tres fills, l\u2019energia de tenir gent jove al voltant. Aprendre, i tamb\u00e9 nervis i patiment. Tamb\u00e9 aprendre a respectar, que ning\u00fa \u00e9s m\u00e9s que ning\u00fa, que tothom t\u00e9 dret a ser escoltat, que tothom t\u00e9 coses a dir. \u00c9s una riquesa cont\u00ednua. Ells sempre van per davant, en tecnologia, en hist\u00f2ries\u2026 <\/p>\n\n\n\n<figure class=\"wp-block-image alignright size-large is-resized\"><a href=\"https:\/\/agora.xtec.cat\/ielesvinyes\/wp-content\/uploads\/usu1433\/2025\/11\/gloria3.jpeg\"><img loading=\"lazy\" decoding=\"async\" width=\"1024\" height=\"768\" src=\"https:\/\/agora.xtec.cat\/ielesvinyes\/wp-content\/uploads\/usu1433\/2025\/11\/gloria3-1024x768.jpeg\" alt=\"\" class=\"wp-image-8481\" style=\"width:449px;height:auto\" srcset=\"https:\/\/agora.xtec.cat\/ielesvinyes\/wp-content\/uploads\/usu1433\/2025\/11\/gloria3-1024x768.jpeg 1024w, https:\/\/agora.xtec.cat\/ielesvinyes\/wp-content\/uploads\/usu1433\/2025\/11\/gloria3-300x225.jpeg 300w, https:\/\/agora.xtec.cat\/ielesvinyes\/wp-content\/uploads\/usu1433\/2025\/11\/gloria3-768x576.jpeg 768w, https:\/\/agora.xtec.cat\/ielesvinyes\/wp-content\/uploads\/usu1433\/2025\/11\/gloria3-1536x1152.jpeg 1536w, https:\/\/agora.xtec.cat\/ielesvinyes\/wp-content\/uploads\/usu1433\/2025\/11\/gloria3.jpeg 1600w\" sizes=\"auto, (max-width: 1024px) 100vw, 1024px\" \/><\/a><figcaption class=\"wp-element-caption\">La Gl\u00f2ria i la N\u00faria Junyent, inseparables.<\/figcaption><\/figure>\n\n\n\n<p><strong>Qu\u00e8 destacaries del treball en equip amb els altres docents del centre?<\/strong> <\/p>\n\n\n\n<p>El treball en equip a LV \u00e9s un exemple, \u00e9s excepcional. He treballat en molts centres, molts, i el que fem a LV \u00e9s excepcional. La comunicaci\u00f3, el poder dir les coses, el suport entre nosaltres, com acollim al professorat nou, com anem tots a una m\u00e9s enll\u00e0 de les difer\u00e8ncies\u2026 Crec que \u00e9s fruit d\u2019una combinaci\u00f3 de bones persones i tamb\u00e9 una intenci\u00f3 de treballar aix\u00ed, perqu\u00e8 jo no havia treballat aix\u00ed enlloc, i no passa casualment. Consensuar decisions, recollir opinions de tothom, per\u00f2 alhora amb una direcci\u00f3 clara\u2026 aix\u00f2 \u00e9s estructura, es promou\u2026 Ara, despr\u00e9s de tots aquests anys, ja \u00e9s una manera de fer, els qui arriben nous s\u2019ho troben fet i s\u2019adapten r\u00e0pidament. Tamb\u00e9 hi ha qui no s\u2019adapta i \u00e9s normal que marxi. <\/p>\n\n\n\n<p><strong>Tens alguna an\u00e8cdota entranyable que puguis compartir?<\/strong> <\/p>\n\n\n\n<p>Mira, tinc molt mala mem\u00f2ria. Si an\u00e9s amb una GoPro al cap te\u2019n podria dir moltes de cada dia. Ara em ve al cap just quan vam tornar al centre despr\u00e9s de la COVID, que els ratolins es van apoderar del laboratori del centre. <\/p>\n\n\n\n<p><strong>Quins consells donaries als docents que continuen el cam\u00ed?<\/strong> <\/p>\n\n\n\n<p>No s\u00e9 qu\u00e8 aconsellar, em costa donar consells\u2026 Aconsellaria treballar molt, tenir predisposici\u00f3 per aprendre, deixar-se anar. Tots tenim una creativitat amagada que la podem deixar anar, tenim passions, temes que ens motiven, i als que podem agafar-nos\u2026 <\/p>\n\n\n\n<p><strong>Com t&#8217;agradaria que et record\u00e9s la comunitat educativa?<\/strong> <\/p>\n\n\n\n<p><em>Con<\/em> <em>cari\u00f1o<\/em> i ja est\u00e0. <\/p>\n\n\n\n<p><strong>Fora d&#8217;entrevista la Gl\u00f2ria em demana que &#8220;per favor fem alguna cosa amb els espais exteriors, cal m\u00e9s verd, cal renaturalitzar els patis&#8221;. S&#8217;ofereix per muntar una comissi\u00f3, venir a ajudar, el que faci falta&#8230; Aix\u00ed \u00e9s la Gl\u00f2ria. Et recordarem <em>con cari\u00f1o<\/em> col\u00b7lega, i amb moltes altres coses. Gr\u00e0cies, de tot cor.<\/strong><\/p>\n\n\n\n<p><\/p>\n","protected":false},"excerpt":{"rendered":"<p>Aquest ha estat 14\u00e8 curs de la Gl\u00f2ria a Les Vinyes, i tamb\u00e9 \u00e9s l\u2019\u00faltim de la seva traject\u00f2ria professional. Ha format part de Les Vinyes des del seu naixement, all\u00e0 el 2011. Bona companya, bona persona, treballadora incansable, que cuida el planeta i tamb\u00e9 ens ha cuidat a totes les persones que hem tingut [&hellip;]<\/p>\n","protected":false},"author":6,"featured_media":8478,"comment_status":"open","ping_status":"open","sticky":false,"template":"","format":"standard","meta":{"_bbp_topic_count":0,"_bbp_reply_count":0,"_bbp_total_topic_count":0,"_bbp_total_reply_count":0,"_bbp_voice_count":0,"_bbp_anonymous_reply_count":0,"_bbp_topic_count_hidden":0,"_bbp_reply_count_hidden":0,"_bbp_forum_subforum_count":0,"site-sidebar-layout":"default","site-content-layout":"","ast-site-content-layout":"default","site-content-style":"default","site-sidebar-style":"default","ast-global-header-display":"","ast-banner-title-visibility":"","ast-main-header-display":"","ast-hfb-above-header-display":"","ast-hfb-below-header-display":"","ast-hfb-mobile-header-display":"","site-post-title":"","ast-breadcrumbs-content":"","ast-featured-img":"","footer-sml-layout":"","theme-transparent-header-meta":"","adv-header-id-meta":"","stick-header-meta":"","header-above-stick-meta":"","header-main-stick-meta":"","header-below-stick-meta":"","astra-migrate-meta-layouts":"set","ast-page-background-enabled":"default","ast-page-background-meta":{"desktop":{"background-color":"var(--ast-global-color-4)","background-image":"","background-repeat":"repeat","background-position":"center center","background-size":"auto","background-attachment":"scroll","background-type":"","background-media":"","overlay-type":"","overlay-color":"","overlay-opacity":"","overlay-gradient":""},"tablet":{"background-color":"","background-image":"","background-repeat":"repeat","background-position":"center center","background-size":"auto","background-attachment":"scroll","background-type":"","background-media":"","overlay-type":"","overlay-color":"","overlay-opacity":"","overlay-gradient":""},"mobile":{"background-color":"","background-image":"","background-repeat":"repeat","background-position":"center center","background-size":"auto","background-attachment":"scroll","background-type":"","background-media":"","overlay-type":"","overlay-color":"","overlay-opacity":"","overlay-gradient":""}},"ast-content-background-meta":{"desktop":{"background-color":"var(--ast-global-color-5)","background-image":"","background-repeat":"repeat","background-position":"center center","background-size":"auto","background-attachment":"scroll","background-type":"","background-media":"","overlay-type":"","overlay-color":"","overlay-opacity":"","overlay-gradient":""},"tablet":{"background-color":"var(--ast-global-color-5)","background-image":"","background-repeat":"repeat","background-position":"center center","background-size":"auto","background-attachment":"scroll","background-type":"","background-media":"","overlay-type":"","overlay-color":"","overlay-opacity":"","overlay-gradient":""},"mobile":{"background-color":"var(--ast-global-color-5)","background-image":"","background-repeat":"repeat","background-position":"center center","background-size":"auto","background-attachment":"scroll","background-type":"","background-media":"","overlay-type":"","overlay-color":"","overlay-opacity":"","overlay-gradient":""}},"footnotes":""},"categories":[541,540,530,548,301],"tags":[],"class_list":["post-8474","post","type-post","status-publish","format-standard","has-post-thumbnail","hentry","category-2024-25","category-entrevistes","category-exhibicions-publiques","category-programa-de-ma","category-secundaria"],"post_mailing_queue_ids":[],"_links":{"self":[{"href":"https:\/\/agora.xtec.cat\/ielesvinyes\/wp-json\/wp\/v2\/posts\/8474","targetHints":{"allow":["GET"]}}],"collection":[{"href":"https:\/\/agora.xtec.cat\/ielesvinyes\/wp-json\/wp\/v2\/posts"}],"about":[{"href":"https:\/\/agora.xtec.cat\/ielesvinyes\/wp-json\/wp\/v2\/types\/post"}],"author":[{"embeddable":true,"href":"https:\/\/agora.xtec.cat\/ielesvinyes\/wp-json\/wp\/v2\/users\/6"}],"replies":[{"embeddable":true,"href":"https:\/\/agora.xtec.cat\/ielesvinyes\/wp-json\/wp\/v2\/comments?post=8474"}],"version-history":[{"count":6,"href":"https:\/\/agora.xtec.cat\/ielesvinyes\/wp-json\/wp\/v2\/posts\/8474\/revisions"}],"predecessor-version":[{"id":8484,"href":"https:\/\/agora.xtec.cat\/ielesvinyes\/wp-json\/wp\/v2\/posts\/8474\/revisions\/8484"}],"wp:featuredmedia":[{"embeddable":true,"href":"https:\/\/agora.xtec.cat\/ielesvinyes\/wp-json\/wp\/v2\/media\/8478"}],"wp:attachment":[{"href":"https:\/\/agora.xtec.cat\/ielesvinyes\/wp-json\/wp\/v2\/media?parent=8474"}],"wp:term":[{"taxonomy":"category","embeddable":true,"href":"https:\/\/agora.xtec.cat\/ielesvinyes\/wp-json\/wp\/v2\/categories?post=8474"},{"taxonomy":"post_tag","embeddable":true,"href":"https:\/\/agora.xtec.cat\/ielesvinyes\/wp-json\/wp\/v2\/tags?post=8474"}],"curies":[{"name":"wp","href":"https:\/\/api.w.org\/{rel}","templated":true}]}}