{"id":8458,"date":"2025-11-18T10:05:21","date_gmt":"2025-11-18T09:05:21","guid":{"rendered":"https:\/\/agora.xtec.cat\/ielesvinyes\/?p=8458"},"modified":"2025-11-18T10:05:43","modified_gmt":"2025-11-18T09:05:43","slug":"perque-aprens-aprenc","status":"publish","type":"post","link":"https:\/\/agora.xtec.cat\/ielesvinyes\/portada\/perque-aprens-aprenc\/","title":{"rendered":"Perqu\u00e8 aprens, aprenc"},"content":{"rendered":"\n<figure class=\"wp-block-image size-large\"><a href=\"https:\/\/agora.xtec.cat\/ielesvinyes\/wp-content\/uploads\/usu1433\/2025\/11\/content2.jpg\"><img loading=\"lazy\" decoding=\"async\" width=\"1024\" height=\"591\" src=\"https:\/\/agora.xtec.cat\/ielesvinyes\/wp-content\/uploads\/usu1433\/2025\/11\/content2-1024x591.jpg\" alt=\"\" class=\"wp-image-8466\" srcset=\"https:\/\/agora.xtec.cat\/ielesvinyes\/wp-content\/uploads\/usu1433\/2025\/11\/content2-1024x591.jpg 1024w, https:\/\/agora.xtec.cat\/ielesvinyes\/wp-content\/uploads\/usu1433\/2025\/11\/content2-300x173.jpg 300w, https:\/\/agora.xtec.cat\/ielesvinyes\/wp-content\/uploads\/usu1433\/2025\/11\/content2-768x443.jpg 768w, https:\/\/agora.xtec.cat\/ielesvinyes\/wp-content\/uploads\/usu1433\/2025\/11\/content2-1536x886.jpg 1536w, https:\/\/agora.xtec.cat\/ielesvinyes\/wp-content\/uploads\/usu1433\/2025\/11\/content2.jpg 2000w\" sizes=\"auto, (max-width: 1024px) 100vw, 1024px\" \/><\/a><\/figure>\n\n\n\n<blockquote class=\"wp-block-quote is-layout-flow wp-block-quote-is-layout-flow\">\n<p>Educar \u00e9s aprendre a viure junts i aprendre junts a viure<\/p>\n\n\n\n<p>Marina Garc\u00e9s<\/p>\n<\/blockquote>\n\n\n\n<p>Hi ha moments o situacions durant el curs que gran part de l&#8217;equip no sabem ben b\u00e9 com anomenar, per\u00f2 que ens meravellen i ens deixen estorats. Encara ara ens sorpr\u00e8n escoltar els nois i noies explicar el seu projecte educatiu quan rebem visites al centre, en un altre idioma o sense cap adult referent que els pauti qu\u00e8 explicar\u2026 per\u00f2, aix\u00ed i tot, captant i exposant tan i tan b\u00e9 qu\u00e8 \u00e9s el que fem a Les Vinyes i perqu\u00e8 ho fem aix\u00ed. \u00c9s escoltant-los, que ens adonem de la quantitat de maneres i recursos que tenim com a comunitat per explicar-nos i fer emergir el sentit de tot el que passa i aprenem junts. \u2028I tamb\u00e9 \u00e9s a aix\u00ed, a for\u00e7a de relatar el que fem, des de diferents perspectives i mirades, que de mica en mica aconseguim relatar tamb\u00e9, i cada vegada millor, el que som. <\/p>\n\n\n\n<p>Un altre d\u2019aquests moments reveladors del curs va ser, sens dubte, l\u2019entrevista amb fam\u00edlies que vam fer per al programa de m\u00e0 del trimestre passat. De sobte, vam trobar una claredat que ens deia \u201cUn dels punts m\u00e9s bonics de les exhibicions p\u00fabliques que vam veure nosaltres \u00e9s la sensaci\u00f3 que detectes en els nanos que el centre \u00e9s casa seva. I que estan all\u00e0 amb tranquil\u00b7litat, en un ambient segur, contents i orgullosos d\u2019ensenyar la seva feina\u201d o \u201cLa confian\u00e7a, tamb\u00e9, la confian\u00e7a extrema que tenen els profes amb els alumnes [&#8230;] hi ha un tracte de persona\u201d. I aqu\u00ed vam veure, amb m\u00e9s nitidesa, com \u00e9s de central la q\u00fcesti\u00f3 comunit\u00e0ria en el nostre projecte educatiu. <\/p>\n\n\n\n<p>Vivim en un m\u00f3n que canvia molt de pressa i on constantment ens trobem amb nous reptes. Per aix\u00f2, seguir aprenent durant tota la vida s\u2019ha tornat imprescindible. Fa temps que sabem que aprendre no \u00e9s una cosa que fem sols, sin\u00f3 que la fem amb altres persones, compartint idees i experi\u00e8ncies. Per\u00f2 lluny de ser tan sols social, tamb\u00e9 \u00e9s important entendre que aprendre vol dir formar part d\u2019una comunitat. Aix\u00f2 \u00e9s precisament el que m\u00e9s ens va emocionar de l\u2019entrevista, el col\u00b7locar al centre del que som la cultura compartida del reconeixement mutu, l\u2019autonomia respectuosa i de sentiment de pertinen\u00e7a. Aquest tipus de clima educatiu \u2014encara que no pugui mesurar f\u00e0cilment\u2014 t\u00e9 un impacte molt gran en com tots els nois i noies, aix\u00ed com tota la comunitat educativa, desenvolupem habilitats essencials que estimulen i acompanyen el nostre aprenentatge. <\/p>\n\n\n\n<p>L\u2019altre dia el Biel li deia al Nil \u201cNo vull explicar-t\u2019ho, vull que ho entenguis\u201d, com aquell qui diu, l\u2019important no \u00e9s el missatge, l\u2019important ets tu. L\u2019important no \u00e9s el que dic, l\u2019important \u00e9s que aprenguem. I \u00e9s aqu\u00ed, en aquests detalls, on l\u2019aprenentatge s\u2019obre cam\u00ed i avan\u00e7a ferm en la dimensi\u00f3 comunit\u00e0ria: perqu\u00e8 quan aprenem junts, tothom t\u00e9 l\u2019oportunitat de fer-ho amb nosaltres. I aix\u00ed, lluny de ser una pe\u00e7a m\u00e9s, tots aprenem a desplegar la nostra veu pr\u00f2pia i autonomia que guia el nostre proc\u00e9s d\u2019aprenentatge, per\u00f2 que empeny i inspira, tamb\u00e9, el proc\u00e9s d\u2019aprenentatge de tots els que conformem Les Vinyes. I aix\u00ed, amb tot, no nom\u00e9s volem ser una millor comunitat d\u2019aprenentatge sin\u00f3 que estem, i cada vegada amb m\u00e9s convicci\u00f3, aprenent a ser comunitat. <\/p>\n\n\n\n<p><em>Gr\u00e0cies per compartir el nosaltres. <\/em>\u2028<\/p>\n\n\n\n<pre class=\"wp-block-verse\">Aquest text \u00e9s l\u2019editorial del programa de m\u00e0 de l\u2019exhibici\u00f3 p\u00fablica dels projectes de secund\u00e0ria del 3r trimestre del curs 2024-25. Podeu consultar \u00edntegrament el programa de m\u00e0 aqu\u00ed: <a href=\"https:\/\/www.slideshare.net\/slideshow\/exhibicio-publica-programa-de-ma-2425-3t-pdf\/280316580\">https:\/\/www.slideshare.net\/slideshow\/exhibicio-publica-programa-de-ma-2425-3t-pdf\/280316580<\/a><\/pre>\n\n\n\n<p><\/p>\n","protected":false},"excerpt":{"rendered":"<p>Educar \u00e9s aprendre a viure junts i aprendre junts a viure Marina Garc\u00e9s Hi ha moments o situacions durant el curs que gran part de l&#8217;equip no sabem ben b\u00e9 com anomenar, per\u00f2 que ens meravellen i ens deixen estorats. Encara ara ens sorpr\u00e8n escoltar els nois i noies explicar el seu projecte educatiu quan [&hellip;]<\/p>\n","protected":false},"author":6,"featured_media":8466,"comment_status":"open","ping_status":"open","sticky":false,"template":"","format":"standard","meta":{"_bbp_topic_count":0,"_bbp_reply_count":0,"_bbp_total_topic_count":0,"_bbp_total_reply_count":0,"_bbp_voice_count":0,"_bbp_anonymous_reply_count":0,"_bbp_topic_count_hidden":0,"_bbp_reply_count_hidden":0,"_bbp_forum_subforum_count":0,"site-sidebar-layout":"default","site-content-layout":"","ast-site-content-layout":"default","site-content-style":"default","site-sidebar-style":"default","ast-global-header-display":"","ast-banner-title-visibility":"","ast-main-header-display":"","ast-hfb-above-header-display":"","ast-hfb-below-header-display":"","ast-hfb-mobile-header-display":"","site-post-title":"","ast-breadcrumbs-content":"","ast-featured-img":"","footer-sml-layout":"","theme-transparent-header-meta":"","adv-header-id-meta":"","stick-header-meta":"","header-above-stick-meta":"","header-main-stick-meta":"","header-below-stick-meta":"","astra-migrate-meta-layouts":"set","ast-page-background-enabled":"default","ast-page-background-meta":{"desktop":{"background-color":"var(--ast-global-color-4)","background-image":"","background-repeat":"repeat","background-position":"center center","background-size":"auto","background-attachment":"scroll","background-type":"","background-media":"","overlay-type":"","overlay-color":"","overlay-opacity":"","overlay-gradient":""},"tablet":{"background-color":"","background-image":"","background-repeat":"repeat","background-position":"center center","background-size":"auto","background-attachment":"scroll","background-type":"","background-media":"","overlay-type":"","overlay-color":"","overlay-opacity":"","overlay-gradient":""},"mobile":{"background-color":"","background-image":"","background-repeat":"repeat","background-position":"center center","background-size":"auto","background-attachment":"scroll","background-type":"","background-media":"","overlay-type":"","overlay-color":"","overlay-opacity":"","overlay-gradient":""}},"ast-content-background-meta":{"desktop":{"background-color":"var(--ast-global-color-5)","background-image":"","background-repeat":"repeat","background-position":"center center","background-size":"auto","background-attachment":"scroll","background-type":"","background-media":"","overlay-type":"","overlay-color":"","overlay-opacity":"","overlay-gradient":""},"tablet":{"background-color":"var(--ast-global-color-5)","background-image":"","background-repeat":"repeat","background-position":"center center","background-size":"auto","background-attachment":"scroll","background-type":"","background-media":"","overlay-type":"","overlay-color":"","overlay-opacity":"","overlay-gradient":""},"mobile":{"background-color":"var(--ast-global-color-5)","background-image":"","background-repeat":"repeat","background-position":"center center","background-size":"auto","background-attachment":"scroll","background-type":"","background-media":"","overlay-type":"","overlay-color":"","overlay-opacity":"","overlay-gradient":""}},"footnotes":""},"categories":[541,547,530,29,548,105,301],"tags":[],"class_list":["post-8458","post","type-post","status-publish","format-standard","has-post-thumbnail","hentry","category-2024-25","category-editorial","category-exhibicions-publiques","category-portada","category-programa-de-ma","category-projectes","category-secundaria"],"post_mailing_queue_ids":[],"_links":{"self":[{"href":"https:\/\/agora.xtec.cat\/ielesvinyes\/wp-json\/wp\/v2\/posts\/8458","targetHints":{"allow":["GET"]}}],"collection":[{"href":"https:\/\/agora.xtec.cat\/ielesvinyes\/wp-json\/wp\/v2\/posts"}],"about":[{"href":"https:\/\/agora.xtec.cat\/ielesvinyes\/wp-json\/wp\/v2\/types\/post"}],"author":[{"embeddable":true,"href":"https:\/\/agora.xtec.cat\/ielesvinyes\/wp-json\/wp\/v2\/users\/6"}],"replies":[{"embeddable":true,"href":"https:\/\/agora.xtec.cat\/ielesvinyes\/wp-json\/wp\/v2\/comments?post=8458"}],"version-history":[{"count":3,"href":"https:\/\/agora.xtec.cat\/ielesvinyes\/wp-json\/wp\/v2\/posts\/8458\/revisions"}],"predecessor-version":[{"id":8468,"href":"https:\/\/agora.xtec.cat\/ielesvinyes\/wp-json\/wp\/v2\/posts\/8458\/revisions\/8468"}],"wp:featuredmedia":[{"embeddable":true,"href":"https:\/\/agora.xtec.cat\/ielesvinyes\/wp-json\/wp\/v2\/media\/8466"}],"wp:attachment":[{"href":"https:\/\/agora.xtec.cat\/ielesvinyes\/wp-json\/wp\/v2\/media?parent=8458"}],"wp:term":[{"taxonomy":"category","embeddable":true,"href":"https:\/\/agora.xtec.cat\/ielesvinyes\/wp-json\/wp\/v2\/categories?post=8458"},{"taxonomy":"post_tag","embeddable":true,"href":"https:\/\/agora.xtec.cat\/ielesvinyes\/wp-json\/wp\/v2\/tags?post=8458"}],"curies":[{"name":"wp","href":"https:\/\/api.w.org\/{rel}","templated":true}]}}