{"id":8442,"date":"2025-11-09T18:40:33","date_gmt":"2025-11-09T17:40:33","guid":{"rendered":"https:\/\/agora.xtec.cat\/ielesvinyes\/?p=8442"},"modified":"2025-11-09T19:16:47","modified_gmt":"2025-11-09T18:16:47","slug":"eleccions-al-consell-escolar-participa","status":"publish","type":"post","link":"https:\/\/agora.xtec.cat\/ielesvinyes\/portada\/eleccions-al-consell-escolar-participa\/","title":{"rendered":"Eleccions al Consell Escolar. Participa!"},"content":{"rendered":"\n<figure class=\"wp-block-image size-large\"><a href=\"https:\/\/agora.xtec.cat\/ielesvinyes\/wp-content\/uploads\/usu1433\/2025\/11\/consells-escolars.png_552031986.png\"><img loading=\"lazy\" decoding=\"async\" width=\"1024\" height=\"250\" src=\"https:\/\/agora.xtec.cat\/ielesvinyes\/wp-content\/uploads\/usu1433\/2025\/11\/consells-escolars.png_552031986-1024x250.png\" alt=\"\" class=\"wp-image-8450\" srcset=\"https:\/\/agora.xtec.cat\/ielesvinyes\/wp-content\/uploads\/usu1433\/2025\/11\/consells-escolars.png_552031986-1024x250.png 1024w, https:\/\/agora.xtec.cat\/ielesvinyes\/wp-content\/uploads\/usu1433\/2025\/11\/consells-escolars.png_552031986-300x73.png 300w, https:\/\/agora.xtec.cat\/ielesvinyes\/wp-content\/uploads\/usu1433\/2025\/11\/consells-escolars.png_552031986-768x188.png 768w, https:\/\/agora.xtec.cat\/ielesvinyes\/wp-content\/uploads\/usu1433\/2025\/11\/consells-escolars.png_552031986-1536x375.png 1536w, https:\/\/agora.xtec.cat\/ielesvinyes\/wp-content\/uploads\/usu1433\/2025\/11\/consells-escolars.png_552031986-2048x500.png 2048w\" sizes=\"auto, (max-width: 1024px) 100vw, 1024px\" \/><\/a><\/figure>\n\n\n\n<p>Des de la Direcci\u00f3 de l\u2019Institut Escola Les Vinyes es comunica que s\u2019ha&nbsp;<strong>obert la convocat\u00f2ria del proc\u00e9s d\u2019eleccions al Consell Escolar<\/strong>&nbsp;del centre, d\u2019acord amb el calendari establert pel Departament d\u2019Educaci\u00f3 i Formaci\u00f3 Professional.<\/p>\n\n\n\n<p>El <strong>Consell Escolar<\/strong> \u00e9s l\u2019\u00f2rgan de participaci\u00f3 de la comunitat educativa en el govern del centre, per aix\u00f2, cal que tothom hi participi per a aconseguir un institut plural. Els membres del consell escolar s\u00f3n elegits per un per\u00edode de quatre anys i es renoven per meitats cada dos anys.<\/p>\n\n\n\n<p>El proc\u00e9s electoral est\u00e0 obert als diversos sectors de la comunitat educativa:&nbsp;<strong>professorat, mares, pares i tutors legals de l\u2019alumnat, alumnat i personal d\u2019administraci\u00f3 i serveis (PAS).<\/strong><\/p>\n\n\n\n<h3 class=\"wp-block-heading\">Vols participar?<\/h3>\n\n\n\n<ul class=\"wp-block-list\">\n<li>Vols ser&nbsp;<strong>candidat\/a<\/strong>&nbsp;per a les eleccions del Consell Escolar? <br>Emplena i entrega a la mesa electoral&nbsp;<a href=\"https:\/\/drive.google.com\/file\/d\/1c3P3q-rsSVhV-qKyaSfeUaC3LyaMEHhb\/view?usp=drive_link\">aquesta sol\u00b7licitud<\/a>&nbsp; ABANS DEL 13\/11\/25<\/li>\n\n\n\n<li>Vols ser\u00a0<strong>supervisor\/a<\/strong>\u00a0de la mesa electoral del\u00a0<strong>sector pares, mares i tutors<\/strong>?<br>Emplena i entrega <a href=\"https:\/\/drive.google.com\/file\/d\/1zalABMrz3O7NvN2oH8MSEL2p3zeSOz7z\/view?usp=drive_link\" data-type=\"link\" data-id=\"https:\/\/drive.google.com\/file\/d\/1zalABMrz3O7NvN2oH8MSEL2p3zeSOz7z\/view?usp=drive_link\">aquest\u00a0document<\/a>\u00a0ABANS DEL 17\/11\/25 (dirigit al president\/a de la mesa electoral del sector).<\/li>\n\n\n\n<li>Vols ser\u00a0<strong>supervisor\/a<\/strong>\u00a0de la mesa electoral del\u00a0<strong>sector alumnat<\/strong>?<br>Emplena i entrega <a href=\"https:\/\/drive.google.com\/file\/d\/1fymyCr2sG_3pjSotMGpbjna9Cu5k9YhA\/view?usp=drive_link\">aquest\u00a0document<\/a>\u00a0ABANS DEL 17\/11\/25 (dirigit al president\/a de la mesa electoral del sector).<\/li>\n<\/ul>\n\n\n\n<h3 class=\"wp-block-heading\"><strong>Calendari del proc\u00e9s electoral<\/strong><\/h3>\n\n\n\n<ul class=\"wp-block-list\">\n<li><strong>Exposici\u00f3 dels censos electorals:<\/strong>&nbsp;del 10 de novembre fins al 21 de novembre de 2025<\/li>\n\n\n\n<li><strong>Reclamacions als censos:<\/strong>&nbsp;del&nbsp;10 a 14 de novembre de 2025<\/li>\n\n\n\n<li><strong>Presentaci\u00f3 de candidatures:<\/strong>&nbsp;fins al&nbsp;13 de novembre de 2025<\/li>\n\n\n\n<li><strong>Publicaci\u00f3 de candidatures admeses:<\/strong>&nbsp;14 de novembre de 2025<\/li>\n\n\n\n<li><strong>Constituci\u00f3 de les meses electorals:&nbsp;<\/strong>14&nbsp;de novembre de 2025<\/li>\n\n\n\n<li><strong>Votacions<\/strong>\n<ul class=\"wp-block-list\">\n<li><strong>Professorat:<\/strong>&nbsp;19 de novembre de 2025, a les 16:30 h (vest\u00edbul)<\/li>\n\n\n\n<li><strong>Pares i mares:<\/strong>&nbsp;19 de novembre de 2025, de 8 a 10 h (davant de consergeria) \u2013 Poden votar el pare i la mare o tutor de cada alumne\/a menor d\u2019edat. S\u2019ha d\u2019acreditar la identitat amb: DNI, Passaport, NIE o perm\u00eds de conducci\u00f3.<\/li>\n\n\n\n<li><strong>Alumnat:<\/strong>&nbsp;20 de novembre de 2025, de 8 a 10 h (vest\u00edbul)<\/li>\n\n\n\n<li><strong>PAS:<\/strong>&nbsp;19 de novembre de 2025, de 8 a 10 h  (davant de consergeria)<\/li>\n<\/ul>\n<\/li>\n<\/ul>\n\n\n\n<p>Un cop finalitzades les votacions, es realitzar\u00e0 l\u2019escrutini en sessi\u00f3 p\u00fablica i es proclamaran les candidatures electes per sector<\/p>\n\n\n\n<h3 class=\"wp-block-heading\">Constituci\u00f3 del nou Consell Escolar<\/h3>\n\n\n\n<p><strong>La constituci\u00f3 de Consell Escolar<\/strong>&nbsp;i presa de possessi\u00f3 dels seus membres ser\u00e0 abans del 17 de desembre.<\/p>\n","protected":false},"excerpt":{"rendered":"<p>Des de la Direcci\u00f3 de l\u2019Institut Escola Les Vinyes es comunica que s\u2019ha&nbsp;obert la convocat\u00f2ria del proc\u00e9s d\u2019eleccions al Consell Escolar&nbsp;del centre, d\u2019acord amb el calendari establert pel Departament d\u2019Educaci\u00f3 i Formaci\u00f3 Professional. El Consell Escolar \u00e9s l\u2019\u00f2rgan de participaci\u00f3 de la comunitat educativa en el govern del centre, per aix\u00f2, cal que tothom hi [&hellip;]<\/p>\n","protected":false},"author":6,"featured_media":8447,"comment_status":"open","ping_status":"open","sticky":false,"template":"","format":"standard","meta":{"_bbp_topic_count":0,"_bbp_reply_count":0,"_bbp_total_topic_count":0,"_bbp_total_reply_count":0,"_bbp_voice_count":0,"_bbp_anonymous_reply_count":0,"_bbp_topic_count_hidden":0,"_bbp_reply_count_hidden":0,"_bbp_forum_subforum_count":0,"site-sidebar-layout":"default","site-content-layout":"","ast-site-content-layout":"default","site-content-style":"default","site-sidebar-style":"default","ast-global-header-display":"","ast-banner-title-visibility":"","ast-main-header-display":"","ast-hfb-above-header-display":"","ast-hfb-below-header-display":"","ast-hfb-mobile-header-display":"","site-post-title":"","ast-breadcrumbs-content":"","ast-featured-img":"","footer-sml-layout":"","theme-transparent-header-meta":"","adv-header-id-meta":"","stick-header-meta":"","header-above-stick-meta":"","header-main-stick-meta":"","header-below-stick-meta":"","astra-migrate-meta-layouts":"set","ast-page-background-enabled":"default","ast-page-background-meta":{"desktop":{"background-color":"var(--ast-global-color-4)","background-image":"","background-repeat":"repeat","background-position":"center center","background-size":"auto","background-attachment":"scroll","background-type":"","background-media":"","overlay-type":"","overlay-color":"","overlay-opacity":"","overlay-gradient":""},"tablet":{"background-color":"","background-image":"","background-repeat":"repeat","background-position":"center center","background-size":"auto","background-attachment":"scroll","background-type":"","background-media":"","overlay-type":"","overlay-color":"","overlay-opacity":"","overlay-gradient":""},"mobile":{"background-color":"","background-image":"","background-repeat":"repeat","background-position":"center center","background-size":"auto","background-attachment":"scroll","background-type":"","background-media":"","overlay-type":"","overlay-color":"","overlay-opacity":"","overlay-gradient":""}},"ast-content-background-meta":{"desktop":{"background-color":"var(--ast-global-color-5)","background-image":"","background-repeat":"repeat","background-position":"center center","background-size":"auto","background-attachment":"scroll","background-type":"","background-media":"","overlay-type":"","overlay-color":"","overlay-opacity":"","overlay-gradient":""},"tablet":{"background-color":"var(--ast-global-color-5)","background-image":"","background-repeat":"repeat","background-position":"center center","background-size":"auto","background-attachment":"scroll","background-type":"","background-media":"","overlay-type":"","overlay-color":"","overlay-opacity":"","overlay-gradient":""},"mobile":{"background-color":"var(--ast-global-color-5)","background-image":"","background-repeat":"repeat","background-position":"center center","background-size":"auto","background-attachment":"scroll","background-type":"","background-media":"","overlay-type":"","overlay-color":"","overlay-opacity":"","overlay-gradient":""}},"footnotes":""},"categories":[543,31,100,29,301],"tags":[],"class_list":["post-8442","post","type-post","status-publish","format-standard","has-post-thumbnail","hentry","category-2025-26","category-afa","category-infipri","category-portada","category-secundaria"],"post_mailing_queue_ids":[],"_links":{"self":[{"href":"https:\/\/agora.xtec.cat\/ielesvinyes\/wp-json\/wp\/v2\/posts\/8442","targetHints":{"allow":["GET"]}}],"collection":[{"href":"https:\/\/agora.xtec.cat\/ielesvinyes\/wp-json\/wp\/v2\/posts"}],"about":[{"href":"https:\/\/agora.xtec.cat\/ielesvinyes\/wp-json\/wp\/v2\/types\/post"}],"author":[{"embeddable":true,"href":"https:\/\/agora.xtec.cat\/ielesvinyes\/wp-json\/wp\/v2\/users\/6"}],"replies":[{"embeddable":true,"href":"https:\/\/agora.xtec.cat\/ielesvinyes\/wp-json\/wp\/v2\/comments?post=8442"}],"version-history":[{"count":6,"href":"https:\/\/agora.xtec.cat\/ielesvinyes\/wp-json\/wp\/v2\/posts\/8442\/revisions"}],"predecessor-version":[{"id":8453,"href":"https:\/\/agora.xtec.cat\/ielesvinyes\/wp-json\/wp\/v2\/posts\/8442\/revisions\/8453"}],"wp:featuredmedia":[{"embeddable":true,"href":"https:\/\/agora.xtec.cat\/ielesvinyes\/wp-json\/wp\/v2\/media\/8447"}],"wp:attachment":[{"href":"https:\/\/agora.xtec.cat\/ielesvinyes\/wp-json\/wp\/v2\/media?parent=8442"}],"wp:term":[{"taxonomy":"category","embeddable":true,"href":"https:\/\/agora.xtec.cat\/ielesvinyes\/wp-json\/wp\/v2\/categories?post=8442"},{"taxonomy":"post_tag","embeddable":true,"href":"https:\/\/agora.xtec.cat\/ielesvinyes\/wp-json\/wp\/v2\/tags?post=8442"}],"curies":[{"name":"wp","href":"https:\/\/api.w.org\/{rel}","templated":true}]}}