{"id":8391,"date":"2025-10-25T10:58:45","date_gmt":"2025-10-25T08:58:45","guid":{"rendered":"https:\/\/agora.xtec.cat\/ielesvinyes\/?p=8391"},"modified":"2025-11-18T11:29:35","modified_gmt":"2025-11-18T10:29:35","slug":"acte-qui-posara-les-flors","status":"publish","type":"post","link":"https:\/\/agora.xtec.cat\/ielesvinyes\/portada\/acte-qui-posara-les-flors\/","title":{"rendered":"Qui posar\u00e0 les flors?"},"content":{"rendered":"\n<figure class=\"wp-block-image alignright size-full is-resized\"><a href=\"https:\/\/agora.xtec.cat\/ielesvinyes\/wp-content\/uploads\/usu1433\/2025\/10\/quiposara.jpg\"><img loading=\"lazy\" decoding=\"async\" width=\"702\" height=\"835\" src=\"https:\/\/agora.xtec.cat\/ielesvinyes\/wp-content\/uploads\/usu1433\/2025\/10\/quiposara.jpg\" alt=\"\" class=\"wp-image-8393\" style=\"width:412px;height:auto\" srcset=\"https:\/\/agora.xtec.cat\/ielesvinyes\/wp-content\/uploads\/usu1433\/2025\/10\/quiposara.jpg 702w, https:\/\/agora.xtec.cat\/ielesvinyes\/wp-content\/uploads\/usu1433\/2025\/10\/quiposara-252x300.jpg 252w\" sizes=\"auto, (max-width: 702px) 100vw, 702px\" \/><\/a><\/figure>\n\n\n\n<p>El dia 25 de gener de 1939 les tropes nacionals van travessar el riu Llobregat per pujar cap al nucli antic de&nbsp;<a href=\"https:\/\/www.instagram.com\/explore\/tags\/castellbisbal\/\">#Castellbisbal<\/a>. La resist\u00e8ncia que els soldats republicans van oposar a l\u2019aven\u00e7 franquista va ser in\u00fatil i dies despr\u00e9s el b\u00e0ndol nacional entrava i guanyava Barcelona. Els morts de Castellbisbal van ser enterrats al cementiri, en una de les 2.382 fosses comunes que hi ha a l\u2019estat espanyol. Morts sense nom, sense hist\u00f2ria. Per\u00f2 no sense record.<\/p>\n\n\n\n<p>Durant molt de temps, algunes fam\u00edlies d\u2019aquells homes que van lluitar per defensar la democr\u00e0cia posaven flors en les dues fosses, com a homenatge i com a record. Per\u00f2 el temps avan\u00e7a, els testimonis han anat desapareixent i ara, ja fa molt que ning\u00fa deixa flors. <\/p>\n\n\n\n<p>Per aix\u00f2 aquest any, <strong>LES FLORS LES POSAREM NOSALTRES.<\/strong><\/p>\n\n\n\n<h3 class=\"wp-block-heading\">Us esperem el proper 31 d\u2019octubre! <br>Ens acompanyeu? Ens ajudeu a fer difusi\u00f3?<\/h3>\n\n\n\n<p>Aquest acte d&#8217;homenatge \u00e9s conseq\u00fc\u00e8ncia directa del projecte <a href=\"https:\/\/agora.xtec.cat\/ielesvinyes\/portada\/qui-posara-les-flors\/\" data-type=\"link\" data-id=\"https:\/\/agora.xtec.cat\/ielesvinyes\/portada\/qui-posara-les-flors\/\"><strong>La mem\u00f2ria oblidada<\/strong><\/a>. El curs passat, els nois i noies de 3r d&#8217;ESO van estudiar la guerra civil a partir de les hist\u00f2ries de vida dels seus familiars, i van traduir aquests testimonis en una creaci\u00f3 teatral. <\/p>\n\n\n\n<h3 class=\"wp-block-heading\">Actualitzaci\u00f3 2\/11.<\/h3>\n\n\n\n<p>L&#8217;acte ha tingut ress\u00f2 a <strong>3Cat<\/strong>, el <strong>Diari Ara<\/strong> i a <strong>El Pa\u00eds<\/strong>. Deixem aqu\u00ed les not\u00edcies:<\/p>\n\n\n\n<p><strong>3Cat. <\/strong>Un projecte sobre mem\u00f2ria hist\u00f2rica els ha portat a demanar que s&#8217;obri.<br><a href=\"https:\/\/www.3cat.cat\/3cat\/alumnes-de-castellbisbal-homenatgen-els-enterrats-a-la-fossa-comuna-del-cementiri-morts-durant-la-guerra-civil\/video\/6366866\/?ext=SM_WP_F4_CE24_\">https:\/\/www.3cat.cat\/3cat\/alumnes-de-castellbisbal-homenatgen-els-enterrats-a-la-fossa-comuna-del-cementiri-morts-durant-la-guerra-civil\/video\/6366866\/?ext=SM_WP_F4_CE24_<\/a><\/p>\n\n\n\n<p><strong>Diari Ara. <\/strong> &#8220;\u00c9s una injust\u00edcia!&#8221;: els estudiants de Castellbisbal volen exhumar la fossa del poble<br><a href=\"https:\/\/www.ara.cat\/cultura\/memoria-historica\/injusticia-estudiants-castellbisbal-volen-exhumar-fossa-poble_130_5546883.html?giveAway=uZ1UXbNwr2WYv0ni\">https:\/\/www.ara.cat\/cultura\/memoria-historica\/injusticia-estudiants-castellbisbal-volen-exhumar-fossa-poble_130_5546883.html?giveAway=uZ1UXbNwr2WYv0ni<\/a><\/p>\n\n\n\n<p><strong>El Pa\u00eds. <\/strong>De trabajo de instituto a descubrir a un familiar enterrado en una fosa<br><a href=\"https:\/\/elpais.com\/espana\/catalunya\/2025-11-01\/de-trabajo-de-instituto-a-descubrir-a-un-familiar-enterrado-en-una-fosa.html\">https:\/\/elpais.com\/espana\/catalunya\/2025-11-01\/de-trabajo-de-instituto-a-descubrir-a-un-familiar-enterrado-en-una-fosa.html<\/a><\/p>\n","protected":false},"excerpt":{"rendered":"<p>El dia 25 de gener de 1939 les tropes nacionals van travessar el riu Llobregat per pujar cap al nucli antic de&nbsp;#Castellbisbal. La resist\u00e8ncia que els soldats republicans van oposar a l\u2019aven\u00e7 franquista va ser in\u00fatil i dies despr\u00e9s el b\u00e0ndol nacional entrava i guanyava Barcelona. Els morts de Castellbisbal van ser enterrats al cementiri, [&hellip;]<\/p>\n","protected":false},"author":6,"featured_media":8393,"comment_status":"open","ping_status":"open","sticky":false,"template":"","format":"standard","meta":{"_bbp_topic_count":0,"_bbp_reply_count":0,"_bbp_total_topic_count":0,"_bbp_total_reply_count":0,"_bbp_voice_count":0,"_bbp_anonymous_reply_count":0,"_bbp_topic_count_hidden":0,"_bbp_reply_count_hidden":0,"_bbp_forum_subforum_count":0,"site-sidebar-layout":"default","site-content-layout":"","ast-site-content-layout":"default","site-content-style":"default","site-sidebar-style":"default","ast-global-header-display":"","ast-banner-title-visibility":"","ast-main-header-display":"","ast-hfb-above-header-display":"","ast-hfb-below-header-display":"","ast-hfb-mobile-header-display":"","site-post-title":"","ast-breadcrumbs-content":"","ast-featured-img":"","footer-sml-layout":"","theme-transparent-header-meta":"","adv-header-id-meta":"","stick-header-meta":"","header-above-stick-meta":"","header-main-stick-meta":"","header-below-stick-meta":"","astra-migrate-meta-layouts":"set","ast-page-background-enabled":"default","ast-page-background-meta":{"desktop":{"background-color":"var(--ast-global-color-4)","background-image":"","background-repeat":"repeat","background-position":"center center","background-size":"auto","background-attachment":"scroll","background-type":"","background-media":"","overlay-type":"","overlay-color":"","overlay-opacity":"","overlay-gradient":""},"tablet":{"background-color":"","background-image":"","background-repeat":"repeat","background-position":"center center","background-size":"auto","background-attachment":"scroll","background-type":"","background-media":"","overlay-type":"","overlay-color":"","overlay-opacity":"","overlay-gradient":""},"mobile":{"background-color":"","background-image":"","background-repeat":"repeat","background-position":"center center","background-size":"auto","background-attachment":"scroll","background-type":"","background-media":"","overlay-type":"","overlay-color":"","overlay-opacity":"","overlay-gradient":""}},"ast-content-background-meta":{"desktop":{"background-color":"var(--ast-global-color-5)","background-image":"","background-repeat":"repeat","background-position":"center center","background-size":"auto","background-attachment":"scroll","background-type":"","background-media":"","overlay-type":"","overlay-color":"","overlay-opacity":"","overlay-gradient":""},"tablet":{"background-color":"var(--ast-global-color-5)","background-image":"","background-repeat":"repeat","background-position":"center center","background-size":"auto","background-attachment":"scroll","background-type":"","background-media":"","overlay-type":"","overlay-color":"","overlay-opacity":"","overlay-gradient":""},"mobile":{"background-color":"var(--ast-global-color-5)","background-image":"","background-repeat":"repeat","background-position":"center center","background-size":"auto","background-attachment":"scroll","background-type":"","background-media":"","overlay-type":"","overlay-color":"","overlay-opacity":"","overlay-gradient":""}},"footnotes":""},"categories":[541,543,466,29,527,301],"tags":[],"class_list":["post-8391","post","type-post","status-publish","format-standard","has-post-thumbnail","hentry","category-2024-25","category-2025-26","category-participacio","category-portada","category-sae","category-secundaria"],"post_mailing_queue_ids":[],"_links":{"self":[{"href":"https:\/\/agora.xtec.cat\/ielesvinyes\/wp-json\/wp\/v2\/posts\/8391","targetHints":{"allow":["GET"]}}],"collection":[{"href":"https:\/\/agora.xtec.cat\/ielesvinyes\/wp-json\/wp\/v2\/posts"}],"about":[{"href":"https:\/\/agora.xtec.cat\/ielesvinyes\/wp-json\/wp\/v2\/types\/post"}],"author":[{"embeddable":true,"href":"https:\/\/agora.xtec.cat\/ielesvinyes\/wp-json\/wp\/v2\/users\/6"}],"replies":[{"embeddable":true,"href":"https:\/\/agora.xtec.cat\/ielesvinyes\/wp-json\/wp\/v2\/comments?post=8391"}],"version-history":[{"count":5,"href":"https:\/\/agora.xtec.cat\/ielesvinyes\/wp-json\/wp\/v2\/posts\/8391\/revisions"}],"predecessor-version":[{"id":8473,"href":"https:\/\/agora.xtec.cat\/ielesvinyes\/wp-json\/wp\/v2\/posts\/8391\/revisions\/8473"}],"wp:featuredmedia":[{"embeddable":true,"href":"https:\/\/agora.xtec.cat\/ielesvinyes\/wp-json\/wp\/v2\/media\/8393"}],"wp:attachment":[{"href":"https:\/\/agora.xtec.cat\/ielesvinyes\/wp-json\/wp\/v2\/media?parent=8391"}],"wp:term":[{"taxonomy":"category","embeddable":true,"href":"https:\/\/agora.xtec.cat\/ielesvinyes\/wp-json\/wp\/v2\/categories?post=8391"},{"taxonomy":"post_tag","embeddable":true,"href":"https:\/\/agora.xtec.cat\/ielesvinyes\/wp-json\/wp\/v2\/tags?post=8391"}],"curies":[{"name":"wp","href":"https:\/\/api.w.org\/{rel}","templated":true}]}}