{"id":8251,"date":"2025-04-30T19:30:13","date_gmt":"2025-04-30T17:30:13","guid":{"rendered":"https:\/\/agora.xtec.cat\/ielesvinyes\/?p=8251"},"modified":"2025-04-21T07:17:19","modified_gmt":"2025-04-21T05:17:19","slug":"una-setmana-sense-mobil","status":"publish","type":"post","link":"https:\/\/agora.xtec.cat\/ielesvinyes\/portada\/una-setmana-sense-mobil\/","title":{"rendered":"Una setmana sense m\u00f2bil"},"content":{"rendered":"<p><em><img loading=\"lazy\" decoding=\"async\" class=\"size-full wp-image-8253 alignnone\" src=\"https:\/\/agora.xtec.cat\/ielesvinyes\/wp-content\/uploads\/usu1433\/2025\/04\/1setmana2.jpg\" alt=\"\" width=\"1582\" height=\"752\" srcset=\"https:\/\/agora.xtec.cat\/ielesvinyes\/wp-content\/uploads\/usu1433\/2025\/04\/1setmana2.jpg 1582w, https:\/\/agora.xtec.cat\/ielesvinyes\/wp-content\/uploads\/usu1433\/2025\/04\/1setmana2-300x143.jpg 300w, https:\/\/agora.xtec.cat\/ielesvinyes\/wp-content\/uploads\/usu1433\/2025\/04\/1setmana2-1024x487.jpg 1024w, https:\/\/agora.xtec.cat\/ielesvinyes\/wp-content\/uploads\/usu1433\/2025\/04\/1setmana2-768x365.jpg 768w, https:\/\/agora.xtec.cat\/ielesvinyes\/wp-content\/uploads\/usu1433\/2025\/04\/1setmana2-1536x730.jpg 1536w\" sizes=\"auto, (max-width: 1582px) 100vw, 1582px\" \/>Escrit per <strong>Maribel Romero<\/strong> i <strong>estudiants de 2n ESO B que ha participat en la proposta<\/strong>.<\/em><\/p>\n<h4><span data-lucid-type=\"application\/vnd.lucid.text\" data-lucid-content=\"{&quot;t&quot;:&quot;En un m\u00f3n on la tecnologia domina el nostre dia a dia, ens hem plantejat un repte que molts consideraven impensable: viure una setmana sense m\u00f2bil, una iniciativa en la qual tant alumnes com professors han participat de manera volunt\u00e0ria per comprovar com afecta aquesta abs\u00e8ncia en la nostra rutina. &quot;,&quot;m&quot;:[{&quot;s&quot;:0,&quot;n&quot;:&quot;a&quot;,&quot;v&quot;:&quot;justified&quot;},{&quot;s&quot;:0,&quot;n&quot;:&quot;c&quot;,&quot;v&quot;:&quot;#ef8d22ff&quot;,&quot;e&quot;:303},{&quot;s&quot;:0,&quot;n&quot;:&quot;f&quot;,&quot;v&quot;:&quot;Leander&quot;,&quot;e&quot;:303},{&quot;s&quot;:0,&quot;n&quot;:&quot;fc&quot;,&quot;v&quot;:&quot;Regular&quot;,&quot;e&quot;:303},{&quot;s&quot;:0,&quot;n&quot;:&quot;fid&quot;,&quot;v&quot;:953,&quot;e&quot;:303},{&quot;s&quot;:0,&quot;n&quot;:&quot;hl&quot;,&quot;v&quot;:&quot;#ffffffff&quot;,&quot;e&quot;:303},{&quot;s&quot;:0,&quot;n&quot;:&quot;s&quot;,&quot;v&quot;:17,&quot;e&quot;:301},{&quot;s&quot;:301,&quot;n&quot;:&quot;s&quot;,&quot;v&quot;:16,&quot;e&quot;:302},{&quot;s&quot;:302,&quot;n&quot;:&quot;s&quot;,&quot;v&quot;:17,&quot;e&quot;:303}]}\">En un m\u00f3n on la tecnologia domina el nostre dia a dia, ens hem plantejat un repte que molts consideraven impensable: viure una setmana sense m\u00f2bil, una iniciativa en la qual tant alumnes com professors han participat de manera volunt\u00e0ria per comprovar com afecta aquesta abs\u00e8ncia en la nostra rutina.<\/span><\/h4>\n<p><strong>Una setmana sense m\u00f2bil<\/strong><\/p>\n<p>Durant una setmana, del 14 al 21 de gener, els m\u00f2bils han estat guardats en una caixa tancada amb clau a l\u2019escola. L\u2019objectiu? Reflexionar sobre l\u2019impacte d\u2019aquest dispositiu en la nostra vida quotidiana, descobrir com organitzar-nos sense ell i explorar altres activitats sense la constant distracci\u00f3 digital.<\/p>\n<p>Aquest repte forma part de &#8220;Qu\u00e8 duc a les meves mans?&#8221;, un projecte en qu\u00e8 l&#8217;alumnat de 2n B ha anat descobrint les tres cares d\u2019un m\u00f2bil: com es relacionen els joves a trav\u00e9s del m\u00f2bil i la quantitat d\u2019hores que estan davant de la pantalla, la tecnologia i els minerals d\u2019un m\u00f2bil, i la cara oculta i fosca dels m\u00f2bils, com ara els conflictes socials, econ\u00f2mics i ambientals del m\u00f2bil.<\/p>\n<blockquote><p>\u201cDurant una setmana, del 14 al 21 de gener, els m\u00f2bils han estat guardats en una caixa tancada amb clau a l\u2019escola. L\u2019objectiu? Reflexionar sobre l\u2019impacte d\u2019aquest dispositiu en la nostra vida quotidiana\u201d<\/p><\/blockquote>\n<p>Aquest projecte planteja llums i ombres d&#8217;aquests aparells i convida a la reflexi\u00f3 en diferents vessants amb l\u2019objectiu de con\u00e8ixer l\u2019aparell que portem a sobre.<\/p>\n<p><strong>Com ha anat l&#8217;experi\u00e8ncia?<\/strong><\/p>\n<p>Les impressions dels participants han estat diverses, per\u00f2 totes reveladores. Alguns han descobert que s\u00f3n m\u00e9s dependents del que creien, mentre que d&#8217;altres han trobat noves maneres de gaudir del temps lliure.<\/p>\n<p>Per exemple, l&#8217;Adri\u00e0 ha notat que la societat est\u00e0 fortament enganxada al m\u00f2bil, per\u00f2 tamb\u00e9 ha aprofitat per fer \u00e0pats m\u00e9s elaborats, com unes torrades &#8220;gourmet&#8221; amb llom i esp\u00e8cies. L\u2019Ot, en canvi, ha trobat en l\u2019avorriment una oportunitat per reflexionar i ha pogut posar-se al dia amb tasques escolars.<\/p>\n<blockquote><p>\u201cL&#8217;Adri\u00e0 ha notat que la societat est\u00e0 fortament enganxada al m\u00f2bil, per\u00f2 tamb\u00e9 ha aprofitat per fer \u00e0pats m\u00e9s elaborats, com unes torrades gourmet amb llom i esp\u00e8cies.\u201d<\/p><\/blockquote>\n<p>L&#8217;Ariadna ha descobert que sense el m\u00f2bil es concentra m\u00e9s en els deures i les activitats de classe, i la Luc\u00eda ha aprofitat per socialitzar m\u00e9s en persona. La Carmen ha dedicat m\u00e9s temps a llegir i passejar el seu gos, mentre que l&#8217;Iker ha experimentat una millora en la qualitat del seu son.<\/p>\n<p><strong><em><img loading=\"lazy\" decoding=\"async\" class=\"alignleft wp-image-8252\" src=\"https:\/\/agora.xtec.cat\/ielesvinyes\/wp-content\/uploads\/usu1433\/2025\/04\/1setmana.jpg\" alt=\"\" width=\"609\" height=\"454\" srcset=\"https:\/\/agora.xtec.cat\/ielesvinyes\/wp-content\/uploads\/usu1433\/2025\/04\/1setmana.jpg 1195w, https:\/\/agora.xtec.cat\/ielesvinyes\/wp-content\/uploads\/usu1433\/2025\/04\/1setmana-300x224.jpg 300w, https:\/\/agora.xtec.cat\/ielesvinyes\/wp-content\/uploads\/usu1433\/2025\/04\/1setmana-1024x764.jpg 1024w, https:\/\/agora.xtec.cat\/ielesvinyes\/wp-content\/uploads\/usu1433\/2025\/04\/1setmana-768x573.jpg 768w, https:\/\/agora.xtec.cat\/ielesvinyes\/wp-content\/uploads\/usu1433\/2025\/04\/1setmana-200x150.jpg 200w\" sizes=\"auto, (max-width: 609px) 100vw, 609px\" \/><\/em>Un canvi de perspectiva<\/strong><\/p>\n<p>L&#8217;experi\u00e8ncia ha posat en evid\u00e8ncia que, tot i que el m\u00f2bil \u00e9s una eina \u00fatil, tamb\u00e9 ens condiciona en molts aspectes. La Chiara ha arribat a la conclusi\u00f3 que nom\u00e9s WhatsApp i les trucades s\u00f3n realment essencials, mentre que Nil ha gaudit de fer m\u00e9s tasques a casa i llegir el seu llibre preferit.<\/p>\n<blockquote><p>\u201cLa Chiara ha arribat a la conclusi\u00f3 que nom\u00e9s WhatsApp i les trucades s\u00f3n realment essencials, mentre que Nil ha gaudit de fer m\u00e9s tasques a casa i llegir el seu llibre preferit.\u201d<\/p><\/blockquote>\n<p>D&#8217;altra banda, l\u2019Elda ha valorat m\u00e9s el temps amb la fam\u00edlia, i l\u2019Alex ha redescobert activitats com els trencaclosques, jugar a futbol o escoltar m\u00fasica. El Marc, per la seva banda, ha aprofitat per dibuixar i fins i tot cuinar macarrons a la carbonara per al seu amic.<\/p>\n<blockquote><p>\u201cTal com diu la Ivet, \u201cel m\u00f2bil no \u00e9s tan necessari com em pensava\u201d, i potser, despr\u00e9s d\u2019aquesta experi\u00e8ncia, molts de nosaltres comen\u00e7arem a fer-ne un \u00fas m\u00e9s conscient.\u201d<\/p><\/blockquote>\n<p><strong>Una experi\u00e8ncia transformadora<\/strong><\/p>\n<p>L\u2019experi\u00e8ncia d\u2019estar una setmana sense m\u00f2bil ha demostrat que podem viure sense ell i fins i tot aprofitar millor el temps. Tot i que molts han sentit la necessitat de consultar-lo en certs moments, han apr\u00e8s que hi ha alternatives m\u00e9s enriquidores a l\u2019oci digital.<\/p>\n<p>Tal com diu la Ivet,\u201cel m\u00f2bil no \u00e9s tan necessari com em pensava\u201d, i potser, despr\u00e9s d\u2019aquesta experi\u00e8ncia, molts de nosaltres comen\u00e7arem a fer-ne un \u00fas m\u00e9s conscient.<\/p>\n<p>Per a la Maribel, passar una setmana sense m\u00f2bil ha estat com viatjar en el temps sense manual! Aquesta experi\u00e8ncia li ha fet veure com n\u2019estem d\u2019enganxats i la import\u00e0ncia de trobar un equilibri.<\/p>\n<p>Aquesta setmana ha estat un desafiament, per\u00f2 tamb\u00e9 una gran oportunitat d\u2019aprenentatge. Ara nom\u00e9s queda una pregunta: <strong>ser\u00edem capa\u00e7os de repetir-ho?<\/strong><\/p>\n","protected":false},"excerpt":{"rendered":"<p>Escrit per Maribel Romero i estudiants de 2n ESO B que ha participat en la proposta. En un m\u00f3n on la tecnologia domina el nostre dia a dia, ens hem plantejat un repte que molts consideraven impensable: viure una setmana sense m\u00f2bil, una iniciativa en la qual tant alumnes com professors han participat de manera [&hellip;]<\/p>\n","protected":false},"author":6,"featured_media":8253,"comment_status":"open","ping_status":"closed","sticky":false,"template":"","format":"standard","meta":{"_bbp_topic_count":0,"_bbp_reply_count":0,"_bbp_total_topic_count":0,"_bbp_total_reply_count":0,"_bbp_voice_count":0,"_bbp_anonymous_reply_count":0,"_bbp_topic_count_hidden":0,"_bbp_reply_count_hidden":0,"_bbp_forum_subforum_count":0,"site-sidebar-layout":"default","site-content-layout":"","ast-site-content-layout":"","site-content-style":"default","site-sidebar-style":"default","ast-global-header-display":"","ast-banner-title-visibility":"","ast-main-header-display":"","ast-hfb-above-header-display":"","ast-hfb-below-header-display":"","ast-hfb-mobile-header-display":"","site-post-title":"","ast-breadcrumbs-content":"","ast-featured-img":"","footer-sml-layout":"","theme-transparent-header-meta":"","adv-header-id-meta":"","stick-header-meta":"","header-above-stick-meta":"","header-main-stick-meta":"","header-below-stick-meta":"","astra-migrate-meta-layouts":"default","ast-page-background-enabled":"default","ast-page-background-meta":{"desktop":{"background-color":"var(--ast-global-color-4)","background-image":"","background-repeat":"repeat","background-position":"center center","background-size":"auto","background-attachment":"scroll","background-type":"","background-media":"","overlay-type":"","overlay-color":"","overlay-opacity":"","overlay-gradient":""},"tablet":{"background-color":"","background-image":"","background-repeat":"repeat","background-position":"center center","background-size":"auto","background-attachment":"scroll","background-type":"","background-media":"","overlay-type":"","overlay-color":"","overlay-opacity":"","overlay-gradient":""},"mobile":{"background-color":"","background-image":"","background-repeat":"repeat","background-position":"center center","background-size":"auto","background-attachment":"scroll","background-type":"","background-media":"","overlay-type":"","overlay-color":"","overlay-opacity":"","overlay-gradient":""}},"ast-content-background-meta":{"desktop":{"background-color":"var(--ast-global-color-5)","background-image":"","background-repeat":"repeat","background-position":"center center","background-size":"auto","background-attachment":"scroll","background-type":"","background-media":"","overlay-type":"","overlay-color":"","overlay-opacity":"","overlay-gradient":""},"tablet":{"background-color":"var(--ast-global-color-5)","background-image":"","background-repeat":"repeat","background-position":"center center","background-size":"auto","background-attachment":"scroll","background-type":"","background-media":"","overlay-type":"","overlay-color":"","overlay-opacity":"","overlay-gradient":""},"mobile":{"background-color":"var(--ast-global-color-5)","background-image":"","background-repeat":"repeat","background-position":"center center","background-size":"auto","background-attachment":"scroll","background-type":"","background-media":"","overlay-type":"","overlay-color":"","overlay-opacity":"","overlay-gradient":""}},"footnotes":""},"categories":[541,29,105,301],"tags":[],"class_list":["post-8251","post","type-post","status-publish","format-standard","has-post-thumbnail","hentry","category-2024-25","category-portada","category-projectes","category-secundaria"],"post_mailing_queue_ids":[],"_links":{"self":[{"href":"https:\/\/agora.xtec.cat\/ielesvinyes\/wp-json\/wp\/v2\/posts\/8251","targetHints":{"allow":["GET"]}}],"collection":[{"href":"https:\/\/agora.xtec.cat\/ielesvinyes\/wp-json\/wp\/v2\/posts"}],"about":[{"href":"https:\/\/agora.xtec.cat\/ielesvinyes\/wp-json\/wp\/v2\/types\/post"}],"author":[{"embeddable":true,"href":"https:\/\/agora.xtec.cat\/ielesvinyes\/wp-json\/wp\/v2\/users\/6"}],"replies":[{"embeddable":true,"href":"https:\/\/agora.xtec.cat\/ielesvinyes\/wp-json\/wp\/v2\/comments?post=8251"}],"version-history":[{"count":1,"href":"https:\/\/agora.xtec.cat\/ielesvinyes\/wp-json\/wp\/v2\/posts\/8251\/revisions"}],"predecessor-version":[{"id":8254,"href":"https:\/\/agora.xtec.cat\/ielesvinyes\/wp-json\/wp\/v2\/posts\/8251\/revisions\/8254"}],"wp:featuredmedia":[{"embeddable":true,"href":"https:\/\/agora.xtec.cat\/ielesvinyes\/wp-json\/wp\/v2\/media\/8253"}],"wp:attachment":[{"href":"https:\/\/agora.xtec.cat\/ielesvinyes\/wp-json\/wp\/v2\/media?parent=8251"}],"wp:term":[{"taxonomy":"category","embeddable":true,"href":"https:\/\/agora.xtec.cat\/ielesvinyes\/wp-json\/wp\/v2\/categories?post=8251"},{"taxonomy":"post_tag","embeddable":true,"href":"https:\/\/agora.xtec.cat\/ielesvinyes\/wp-json\/wp\/v2\/tags?post=8251"}],"curies":[{"name":"wp","href":"https:\/\/api.w.org\/{rel}","templated":true}]}}