{"id":823,"date":"2012-12-14T09:50:18","date_gmt":"2012-12-14T08:50:18","guid":{"rendered":"http:\/\/ielesvinyes.net\/?p=823"},"modified":"2012-12-14T09:50:18","modified_gmt":"2012-12-14T08:50:18","slug":"manifest-de-rebuig-a-lesborrany-de-lavantprojecte-de-la-lomce","status":"publish","type":"post","link":"https:\/\/agora.xtec.cat\/ielesvinyes\/general\/manifest-de-rebuig-a-lesborrany-de-lavantprojecte-de-la-lomce\/","title":{"rendered":"Manifest de rebuig a l&#039;esborrany de l&#039;avantprojecte de la LOMCE"},"content":{"rendered":"<p><a href=\"http:\/\/ielesvinyes.net\/2012\/12\/14\/manifest-de-rebuig-a-lesborrany-de-lavantprojecte-de-la-lomce\/escola_catala\/\" rel=\"attachment wp-att-832\"><img loading=\"lazy\" decoding=\"async\" class=\"alignleft\" alt=\"escola_catala\" src=\"http:\/\/agora.xtec.cat\/ielesvinyes\/wp-content\/uploads\/usu1433\/2012\/12\/escola_catala.jpg\" width=\"338\" height=\"237\" \/><\/a><\/p>\n<p style=\"text-align: justify;\">El Claustre de l&#8217;Institut Escola Les Vinyes s&#8217;adhereix al seg\u00fcent manifest, elaborat per les Comissions Permanents de les Juntes Centrals de Directors i Directores de Prim\u00e0ria i Secund\u00e0ria.<\/p>\n<p style=\"text-align: justify; padding-left: 30px;\"><strong>Les Comissions Permanents de les Juntes Centrals de Directors i\u00a0Directores de Prim\u00e0ria i Secund\u00e0ria volem manifestar el nostre m\u00e9s en\u00e8rgic\u00a0rebuig a l\u2019esborrany de l\u2019avantprojecte de llei org\u00e0nica per a la millora\u00a0educativa.<\/strong><\/p>\n<p style=\"text-align: justify; padding-left: 30px;\"><strong>El nostre model ling\u00fc\u00edstic, que t\u00e9 una antiguitat de m\u00e9s de trenta anys, \u00e9s un\u00a0model d\u2019\u00e8xit que ha contribu\u00eft a la cohesi\u00f3 social i a l\u2019equitat del pa\u00eds i ha\u00a0estat una pe\u00e7a integradora clau de la societat catalana de les darreres d\u00e8cades.<\/strong><\/p>\n<p style=\"text-align: justify; padding-left: 30px;\"><strong>A m\u00e9s, els resultats de les diferents avaluacions externes confirmen que el\u00a0nivell d\u2019aprenentatge de l\u2019alumnat en les dues lleng\u00fces cooficials \u00e9s molt\u00a0semblant i que el nivell de coneixement del castell\u00e0 no es diferencia del de la\u00a0resta de Comunitats Aut\u00f2nomes.<\/strong><\/p>\n<p style=\"text-align: justify; padding-left: 30px;\"><strong>No hi ha cap conflicte ling\u00fc\u00edstic en els centres educatius. No entenem la\u00a0necessitat de crear un problema artificial i innecessari al voltant d\u2019aquest tema\u00a0tan sensible. Ha costat molt arribar fins aqu\u00ed perqu\u00e8 ara determinades persones\u00a0intentin amb irresponsabilitat destruir l\u2019\u00e8xit del nostre model d\u2019ensenyament\u00a0ling\u00fc\u00edstic.<\/strong><\/p>\n<p style=\"text-align: justify; padding-left: 30px;\"><strong>Creiem que l\u2019atenci\u00f3 de la societat hauria de centrar-se en els problemes reals\u00a0que afecten el sistema educatiu, per exemple, reduir el frac\u00e0s escolar i evitar\u00a0l\u2019abandonament escolar prematur, i no a lluitar contra fantasmes que nom\u00e9s\u00a0veuen a Madrid.<\/strong><\/p>\n<p style=\"text-align: justify; padding-left: 30px;\"><strong>Els centres educatius necessitem estabilitat i no reformes continuades cada\u00a0vegada que arriba al poder un partit pol\u00edtic. \u00c9s per aix\u00f2 que volem manifestar\u00a0el nostre rebuig a aquesta proposta i expressar la nostra voluntat de treballar\u00a0perqu\u00e8, en aquest tema d\u2019import\u00e0ncia cabdal per al pa\u00eds, no es doni ni un sol\u00a0pas enrere.<\/strong><\/p>\n<p style=\"padding-left: 30px; text-align: right;\">Barcelona 5 de desembre de 2012<\/p>\n<p style=\"padding-left: 30px; text-align: center;\"><a href=\"http:\/\/ielesvinyes.net\/2012\/12\/14\/manifest-de-rebuig-a-lesborrany-de-lavantprojecte-de-la-lomce\/escola_catala\/\" rel=\"attachment wp-att-832\">\u00a0<\/a><\/p>\n","protected":false},"excerpt":{"rendered":"<p>El Claustre de l&#8217;Institut Escola Les Vinyes s&#8217;adhereix al seg\u00fcent manifest, elaborat per les Comissions Permanents de les Juntes Centrals de Directors i Directores de Prim\u00e0ria i Secund\u00e0ria. Les Comissions Permanents de les Juntes Centrals de Directors i\u00a0Directores de Prim\u00e0ria i Secund\u00e0ria volem manifestar el nostre m\u00e9s en\u00e8rgic\u00a0rebuig a l\u2019esborrany de l\u2019avantprojecte de llei org\u00e0nica [&hellip;]<\/p>\n","protected":false},"author":1,"featured_media":0,"comment_status":"open","ping_status":"open","sticky":false,"template":"","format":"standard","meta":{"_bbp_topic_count":0,"_bbp_reply_count":0,"_bbp_total_topic_count":0,"_bbp_total_reply_count":0,"_bbp_voice_count":0,"_bbp_anonymous_reply_count":0,"_bbp_topic_count_hidden":0,"_bbp_reply_count_hidden":0,"_bbp_forum_subforum_count":0,"site-sidebar-layout":"default","site-content-layout":"","ast-site-content-layout":"","site-content-style":"default","site-sidebar-style":"default","ast-global-header-display":"","ast-banner-title-visibility":"","ast-main-header-display":"","ast-hfb-above-header-display":"","ast-hfb-below-header-display":"","ast-hfb-mobile-header-display":"","site-post-title":"","ast-breadcrumbs-content":"","ast-featured-img":"","footer-sml-layout":"","theme-transparent-header-meta":"","adv-header-id-meta":"","stick-header-meta":"","header-above-stick-meta":"","header-main-stick-meta":"","header-below-stick-meta":"","astra-migrate-meta-layouts":"default","ast-page-background-enabled":"default","ast-page-background-meta":{"desktop":{"background-color":"var(--ast-global-color-4)","background-image":"","background-repeat":"repeat","background-position":"center center","background-size":"auto","background-attachment":"scroll","background-type":"","background-media":"","overlay-type":"","overlay-color":"","overlay-opacity":"","overlay-gradient":""},"tablet":{"background-color":"","background-image":"","background-repeat":"repeat","background-position":"center center","background-size":"auto","background-attachment":"scroll","background-type":"","background-media":"","overlay-type":"","overlay-color":"","overlay-opacity":"","overlay-gradient":""},"mobile":{"background-color":"","background-image":"","background-repeat":"repeat","background-position":"center center","background-size":"auto","background-attachment":"scroll","background-type":"","background-media":"","overlay-type":"","overlay-color":"","overlay-opacity":"","overlay-gradient":""}},"ast-content-background-meta":{"desktop":{"background-color":"var(--ast-global-color-5)","background-image":"","background-repeat":"repeat","background-position":"center center","background-size":"auto","background-attachment":"scroll","background-type":"","background-media":"","overlay-type":"","overlay-color":"","overlay-opacity":"","overlay-gradient":""},"tablet":{"background-color":"var(--ast-global-color-5)","background-image":"","background-repeat":"repeat","background-position":"center center","background-size":"auto","background-attachment":"scroll","background-type":"","background-media":"","overlay-type":"","overlay-color":"","overlay-opacity":"","overlay-gradient":""},"mobile":{"background-color":"var(--ast-global-color-5)","background-image":"","background-repeat":"repeat","background-position":"center center","background-size":"auto","background-attachment":"scroll","background-type":"","background-media":"","overlay-type":"","overlay-color":"","overlay-opacity":"","overlay-gradient":""}},"footnotes":""},"categories":[1],"tags":[],"class_list":["post-823","post","type-post","status-publish","format-standard","hentry","category-general"],"post_mailing_queue_ids":[],"_links":{"self":[{"href":"https:\/\/agora.xtec.cat\/ielesvinyes\/wp-json\/wp\/v2\/posts\/823","targetHints":{"allow":["GET"]}}],"collection":[{"href":"https:\/\/agora.xtec.cat\/ielesvinyes\/wp-json\/wp\/v2\/posts"}],"about":[{"href":"https:\/\/agora.xtec.cat\/ielesvinyes\/wp-json\/wp\/v2\/types\/post"}],"author":[{"embeddable":true,"href":"https:\/\/agora.xtec.cat\/ielesvinyes\/wp-json\/wp\/v2\/users\/1"}],"replies":[{"embeddable":true,"href":"https:\/\/agora.xtec.cat\/ielesvinyes\/wp-json\/wp\/v2\/comments?post=823"}],"version-history":[{"count":0,"href":"https:\/\/agora.xtec.cat\/ielesvinyes\/wp-json\/wp\/v2\/posts\/823\/revisions"}],"wp:attachment":[{"href":"https:\/\/agora.xtec.cat\/ielesvinyes\/wp-json\/wp\/v2\/media?parent=823"}],"wp:term":[{"taxonomy":"category","embeddable":true,"href":"https:\/\/agora.xtec.cat\/ielesvinyes\/wp-json\/wp\/v2\/categories?post=823"},{"taxonomy":"post_tag","embeddable":true,"href":"https:\/\/agora.xtec.cat\/ielesvinyes\/wp-json\/wp\/v2\/tags?post=823"}],"curies":[{"name":"wp","href":"https:\/\/api.w.org\/{rel}","templated":true}]}}