{"id":8148,"date":"2025-03-12T08:34:58","date_gmt":"2025-03-12T07:34:58","guid":{"rendered":"https:\/\/agora.xtec.cat\/ielesvinyes\/?p=8148"},"modified":"2026-03-04T11:26:09","modified_gmt":"2026-03-04T10:26:09","slug":"oferta-de-places-curs-2025-26","status":"publish","type":"post","link":"https:\/\/agora.xtec.cat\/ielesvinyes\/preinscripcio-matricula\/oferta-de-places-curs-2025-26\/","title":{"rendered":"Preinscripci\u00f3 i matr\u00edcula pel curs 2025-26"},"content":{"rendered":"<p>Aqu\u00ed trobareu actualitzada tota la informaci\u00f3 relacionada amb el proc\u00e9s de preinscripci\u00f3 i matr\u00edcula pel curs 2025-26.<\/p>\n<ul>\n<li><strong><a href=\"https:\/\/agora.xtec.cat\/ielesvinyes\/wp-content\/uploads\/usu1433\/2025\/03\/INFORME_PREINSCRITES_OME_INFORME_PREINSCRITES_OME-13.pdf\" target=\"_blank\" rel=\"noopener\">[16 de juny] Llista d&#8217;alumnes preinscrits<\/a><\/strong><\/li>\n<li><strong><a href=\"https:\/\/agora.xtec.cat\/ielesvinyes\/wp-content\/uploads\/usu1433\/2025\/03\/INFORME_ASSIGNADES_INFORME_ASSIGNADES-20.pdf\" target=\"_blank\" rel=\"noopener\">[16 de juny] Llista d&#8217;alumnes assignats amb indicaci\u00f3 de la primera petici\u00f3<\/a><\/strong><\/li>\n<li><strong><a href=\"https:\/\/agora.xtec.cat\/ielesvinyes\/wp-content\/uploads\/usu1433\/2025\/03\/INFORME_LLISTA_ESPERA_OME_LLISTA_ESPERA-3.pdf\" target=\"_blank\" rel=\"noopener\">[16 de juny] Llista d&#8217;espera<\/a><\/strong><\/li>\n<li><a href=\"https:\/\/agora.xtec.cat\/ielesvinyes\/wp-content\/uploads\/usu1433\/2025\/03\/INFORME_BAREM_DEFINITIU_BAREM.pdf\">[9 de maig] Llista de sol\u00b7licituds ordenada<\/a><\/li>\n<li>[8 de maig] N\u00famero de desempat: 76261<\/li>\n<li><a href=\"https:\/\/agora.xtec.cat\/ielesvinyes\/wp-content\/uploads\/usu1433\/2025\/03\/INFORME_BAREM_RESOLTES_BAREM.pdf\">[5 de maig] Llista de sol\u00b7licituds amb la puntuaci\u00f3 un cop resoltes les reclamacions<\/a><\/li>\n<li><a href=\"https:\/\/agora.xtec.cat\/ielesvinyes\/wp-content\/uploads\/usu1433\/2025\/03\/INFORME_BAREM_PROVISIONAL_BAREM-1.pdf\">[24 d&#8217;abril] Llista de sol\u00b7licituds amb la puntuaci\u00f3 provisional<\/a><\/li>\n<li><a href=\"https:\/\/agora.xtec.cat\/ielesvinyes\/wp-content\/uploads\/usu1433\/2025\/03\/INFORME_OFERTA.pdf\">[12 de mar\u00e7] Oferta inicial de places<\/a><\/li>\n<\/ul>\n","protected":false},"excerpt":{"rendered":"<p>Aqu\u00ed trobareu actualitzada tota la informaci\u00f3 relacionada amb el proc\u00e9s de preinscripci\u00f3 i matr\u00edcula pel curs 2025-26. [16 de juny] Llista d&#8217;alumnes preinscrits [16 de juny] Llista d&#8217;alumnes assignats amb indicaci\u00f3 de la primera petici\u00f3 [16 de juny] Llista d&#8217;espera [9 de maig] Llista de sol\u00b7licituds ordenada [8 de maig] N\u00famero de desempat: 76261 [5 [&hellip;]<\/p>\n","protected":false},"author":6,"featured_media":0,"comment_status":"open","ping_status":"closed","sticky":false,"template":"","format":"standard","meta":{"_bbp_topic_count":0,"_bbp_reply_count":0,"_bbp_total_topic_count":0,"_bbp_total_reply_count":0,"_bbp_voice_count":0,"_bbp_anonymous_reply_count":0,"_bbp_topic_count_hidden":0,"_bbp_reply_count_hidden":0,"_bbp_forum_subforum_count":0,"site-sidebar-layout":"default","site-content-layout":"","ast-site-content-layout":"default","site-content-style":"default","site-sidebar-style":"default","ast-global-header-display":"","ast-banner-title-visibility":"","ast-main-header-display":"","ast-hfb-above-header-display":"","ast-hfb-below-header-display":"","ast-hfb-mobile-header-display":"","site-post-title":"","ast-breadcrumbs-content":"","ast-featured-img":"","footer-sml-layout":"","theme-transparent-header-meta":"","adv-header-id-meta":"","stick-header-meta":"","header-above-stick-meta":"","header-main-stick-meta":"","header-below-stick-meta":"","astra-migrate-meta-layouts":"set","ast-page-background-enabled":"default","ast-page-background-meta":{"desktop":{"background-color":"var(--ast-global-color-4)","background-image":"","background-repeat":"repeat","background-position":"center center","background-size":"auto","background-attachment":"scroll","background-type":"","background-media":"","overlay-type":"","overlay-color":"","overlay-opacity":"","overlay-gradient":""},"tablet":{"background-color":"","background-image":"","background-repeat":"repeat","background-position":"center center","background-size":"auto","background-attachment":"scroll","background-type":"","background-media":"","overlay-type":"","overlay-color":"","overlay-opacity":"","overlay-gradient":""},"mobile":{"background-color":"","background-image":"","background-repeat":"repeat","background-position":"center center","background-size":"auto","background-attachment":"scroll","background-type":"","background-media":"","overlay-type":"","overlay-color":"","overlay-opacity":"","overlay-gradient":""}},"ast-content-background-meta":{"desktop":{"background-color":"var(--ast-global-color-5)","background-image":"","background-repeat":"repeat","background-position":"center center","background-size":"auto","background-attachment":"scroll","background-type":"","background-media":"","overlay-type":"","overlay-color":"","overlay-opacity":"","overlay-gradient":""},"tablet":{"background-color":"var(--ast-global-color-5)","background-image":"","background-repeat":"repeat","background-position":"center center","background-size":"auto","background-attachment":"scroll","background-type":"","background-media":"","overlay-type":"","overlay-color":"","overlay-opacity":"","overlay-gradient":""},"mobile":{"background-color":"var(--ast-global-color-5)","background-image":"","background-repeat":"repeat","background-position":"center center","background-size":"auto","background-attachment":"scroll","background-type":"","background-media":"","overlay-type":"","overlay-color":"","overlay-opacity":"","overlay-gradient":""}},"footnotes":""},"categories":[473],"tags":[],"class_list":["post-8148","post","type-post","status-publish","format-standard","hentry","category-preinscripcio-matricula"],"post_mailing_queue_ids":[],"_links":{"self":[{"href":"https:\/\/agora.xtec.cat\/ielesvinyes\/wp-json\/wp\/v2\/posts\/8148","targetHints":{"allow":["GET"]}}],"collection":[{"href":"https:\/\/agora.xtec.cat\/ielesvinyes\/wp-json\/wp\/v2\/posts"}],"about":[{"href":"https:\/\/agora.xtec.cat\/ielesvinyes\/wp-json\/wp\/v2\/types\/post"}],"author":[{"embeddable":true,"href":"https:\/\/agora.xtec.cat\/ielesvinyes\/wp-json\/wp\/v2\/users\/6"}],"replies":[{"embeddable":true,"href":"https:\/\/agora.xtec.cat\/ielesvinyes\/wp-json\/wp\/v2\/comments?post=8148"}],"version-history":[{"count":6,"href":"https:\/\/agora.xtec.cat\/ielesvinyes\/wp-json\/wp\/v2\/posts\/8148\/revisions"}],"predecessor-version":[{"id":8562,"href":"https:\/\/agora.xtec.cat\/ielesvinyes\/wp-json\/wp\/v2\/posts\/8148\/revisions\/8562"}],"wp:attachment":[{"href":"https:\/\/agora.xtec.cat\/ielesvinyes\/wp-json\/wp\/v2\/media?parent=8148"}],"wp:term":[{"taxonomy":"category","embeddable":true,"href":"https:\/\/agora.xtec.cat\/ielesvinyes\/wp-json\/wp\/v2\/categories?post=8148"},{"taxonomy":"post_tag","embeddable":true,"href":"https:\/\/agora.xtec.cat\/ielesvinyes\/wp-json\/wp\/v2\/tags?post=8148"}],"curies":[{"name":"wp","href":"https:\/\/api.w.org\/{rel}","templated":true}]}}