{"id":8122,"date":"2025-02-01T10:49:09","date_gmt":"2025-02-01T09:49:09","guid":{"rendered":"https:\/\/agora.xtec.cat\/ielesvinyes\/?p=8122"},"modified":"2025-11-18T10:17:11","modified_gmt":"2025-11-18T09:17:11","slug":"jornada-de-portes-obertes-2024-25","status":"publish","type":"post","link":"https:\/\/agora.xtec.cat\/ielesvinyes\/general\/jornada-de-portes-obertes-2024-25\/","title":{"rendered":"Jornada de portes obertes 2024-25"},"content":{"rendered":"<h2><img loading=\"lazy\" decoding=\"async\" class=\"wp-image-8123 alignleft\" src=\"https:\/\/agora.xtec.cat\/ielesvinyes\/wp-content\/uploads\/usu1433\/2025\/02\/JORNADA-3.png\" alt=\"\" width=\"682\" height=\"682\" srcset=\"https:\/\/agora.xtec.cat\/ielesvinyes\/wp-content\/uploads\/usu1433\/2025\/02\/JORNADA-3.png 1080w, https:\/\/agora.xtec.cat\/ielesvinyes\/wp-content\/uploads\/usu1433\/2025\/02\/JORNADA-3-300x300.png 300w, https:\/\/agora.xtec.cat\/ielesvinyes\/wp-content\/uploads\/usu1433\/2025\/02\/JORNADA-3-1024x1024.png 1024w, https:\/\/agora.xtec.cat\/ielesvinyes\/wp-content\/uploads\/usu1433\/2025\/02\/JORNADA-3-150x150.png 150w, https:\/\/agora.xtec.cat\/ielesvinyes\/wp-content\/uploads\/usu1433\/2025\/02\/JORNADA-3-768x768.png 768w\" sizes=\"auto, (max-width: 682px) 100vw, 682px\" \/><strong>JA US PODEU INSCRIURE!<br \/>\n<\/strong><\/h2>\n<p>Cal inscripci\u00f3 pr\u00e8via per poder assistir.<\/p>\n<h3><strong>Torns disponibles<\/strong><\/h3>\n<p>Dissabte 22 de febrer, a les de 10 h<br \/>\nDissabte 22 de febrer, a les 11:30 h<br \/>\nDilluns 24 de febrer, a les 16:45 h<br \/>\nDilluns 24 de febrer, a les 18:15 h<\/p>\n<p>La durada m\u00ednima de la visita \u00e9s de 60 minuts, per\u00f2 es pot allargar fins a 120 minuts teniu inter\u00e8s per con\u00e8ixer tots els espais previstos.<\/p>\n<p><strong>IMPORTANT:<\/strong> Ompliu el formulari una vegada per persona. Places limitades a 3 persones per fam\u00edlia. Els torns es tancaran a mesura que s&#8217;omplin.<\/p>\n<p>Aqu\u00ed el formulari: <a href=\"https:\/\/forms.gle\/rMMufKyUVHHXCQhAA\" target=\"_blank\" rel=\"noopener\">https:\/\/forms.gle\/rMMufKyUVHHXCQhAA<\/a><\/p>\n<p><strong>ATENCI\u00d3:<\/strong> Aquesta jornada \u00e9s <strong>exclusiva per a fam\u00edlies<\/strong>. Si sou professionals i teniu inter\u00e8s a con\u00e8ixer el projecte educatiu, per favor, escriviu un correu a a8067594@xtec.cat.<\/p>\n<p>Si voleu saber m\u00e9s sobre el projecte educatiu podeu tafanejar aquest web i el <a href=\"https:\/\/www.instagram.com\/ielesvinyes\/\">compte d&#8217;Instagram<\/a>.<\/p>\n","protected":false},"excerpt":{"rendered":"<p>JA US PODEU INSCRIURE! Cal inscripci\u00f3 pr\u00e8via per poder assistir. Torns disponibles Dissabte 22 de febrer, a les de 10 h Dissabte 22 de febrer, a les 11:30 h Dilluns 24 de febrer, a les 16:45 h Dilluns 24 de febrer, a les 18:15 h La durada m\u00ednima de la visita \u00e9s de 60 minuts, [&hellip;]<\/p>\n","protected":false},"author":6,"featured_media":8123,"comment_status":"open","ping_status":"closed","sticky":false,"template":"","format":"standard","meta":{"_bbp_topic_count":0,"_bbp_reply_count":0,"_bbp_total_topic_count":0,"_bbp_total_reply_count":0,"_bbp_voice_count":0,"_bbp_anonymous_reply_count":0,"_bbp_topic_count_hidden":0,"_bbp_reply_count_hidden":0,"_bbp_forum_subforum_count":0,"site-sidebar-layout":"default","site-content-layout":"","ast-site-content-layout":"","site-content-style":"default","site-sidebar-style":"default","ast-global-header-display":"","ast-banner-title-visibility":"","ast-main-header-display":"","ast-hfb-above-header-display":"","ast-hfb-below-header-display":"","ast-hfb-mobile-header-display":"","site-post-title":"","ast-breadcrumbs-content":"","ast-featured-img":"","footer-sml-layout":"","theme-transparent-header-meta":"","adv-header-id-meta":"","stick-header-meta":"","header-above-stick-meta":"","header-main-stick-meta":"","header-below-stick-meta":"","astra-migrate-meta-layouts":"default","ast-page-background-enabled":"default","ast-page-background-meta":{"desktop":{"background-color":"var(--ast-global-color-4)","background-image":"","background-repeat":"repeat","background-position":"center center","background-size":"auto","background-attachment":"scroll","background-type":"","background-media":"","overlay-type":"","overlay-color":"","overlay-opacity":"","overlay-gradient":""},"tablet":{"background-color":"","background-image":"","background-repeat":"repeat","background-position":"center center","background-size":"auto","background-attachment":"scroll","background-type":"","background-media":"","overlay-type":"","overlay-color":"","overlay-opacity":"","overlay-gradient":""},"mobile":{"background-color":"","background-image":"","background-repeat":"repeat","background-position":"center center","background-size":"auto","background-attachment":"scroll","background-type":"","background-media":"","overlay-type":"","overlay-color":"","overlay-opacity":"","overlay-gradient":""}},"ast-content-background-meta":{"desktop":{"background-color":"var(--ast-global-color-5)","background-image":"","background-repeat":"repeat","background-position":"center center","background-size":"auto","background-attachment":"scroll","background-type":"","background-media":"","overlay-type":"","overlay-color":"","overlay-opacity":"","overlay-gradient":""},"tablet":{"background-color":"var(--ast-global-color-5)","background-image":"","background-repeat":"repeat","background-position":"center center","background-size":"auto","background-attachment":"scroll","background-type":"","background-media":"","overlay-type":"","overlay-color":"","overlay-opacity":"","overlay-gradient":""},"mobile":{"background-color":"var(--ast-global-color-5)","background-image":"","background-repeat":"repeat","background-position":"center center","background-size":"auto","background-attachment":"scroll","background-type":"","background-media":"","overlay-type":"","overlay-color":"","overlay-opacity":"","overlay-gradient":""}},"footnotes":""},"categories":[541,31,1,100,29,473,375,301],"tags":[],"class_list":["post-8122","post","type-post","status-publish","format-standard","has-post-thumbnail","hentry","category-2024-25","category-afa","category-general","category-infipri","category-portada","category-preinscripcio-matricula","category-projecte-educatiu","category-secundaria"],"post_mailing_queue_ids":[],"_links":{"self":[{"href":"https:\/\/agora.xtec.cat\/ielesvinyes\/wp-json\/wp\/v2\/posts\/8122","targetHints":{"allow":["GET"]}}],"collection":[{"href":"https:\/\/agora.xtec.cat\/ielesvinyes\/wp-json\/wp\/v2\/posts"}],"about":[{"href":"https:\/\/agora.xtec.cat\/ielesvinyes\/wp-json\/wp\/v2\/types\/post"}],"author":[{"embeddable":true,"href":"https:\/\/agora.xtec.cat\/ielesvinyes\/wp-json\/wp\/v2\/users\/6"}],"replies":[{"embeddable":true,"href":"https:\/\/agora.xtec.cat\/ielesvinyes\/wp-json\/wp\/v2\/comments?post=8122"}],"version-history":[{"count":5,"href":"https:\/\/agora.xtec.cat\/ielesvinyes\/wp-json\/wp\/v2\/posts\/8122\/revisions"}],"predecessor-version":[{"id":8133,"href":"https:\/\/agora.xtec.cat\/ielesvinyes\/wp-json\/wp\/v2\/posts\/8122\/revisions\/8133"}],"wp:featuredmedia":[{"embeddable":true,"href":"https:\/\/agora.xtec.cat\/ielesvinyes\/wp-json\/wp\/v2\/media\/8123"}],"wp:attachment":[{"href":"https:\/\/agora.xtec.cat\/ielesvinyes\/wp-json\/wp\/v2\/media?parent=8122"}],"wp:term":[{"taxonomy":"category","embeddable":true,"href":"https:\/\/agora.xtec.cat\/ielesvinyes\/wp-json\/wp\/v2\/categories?post=8122"},{"taxonomy":"post_tag","embeddable":true,"href":"https:\/\/agora.xtec.cat\/ielesvinyes\/wp-json\/wp\/v2\/tags?post=8122"}],"curies":[{"name":"wp","href":"https:\/\/api.w.org\/{rel}","templated":true}]}}