{"id":8026,"date":"2024-07-21T08:16:48","date_gmt":"2024-07-21T06:16:48","guid":{"rendered":"https:\/\/agora.xtec.cat\/ielesvinyes\/?p=8026"},"modified":"2025-11-18T11:21:44","modified_gmt":"2025-11-18T10:21:44","slug":"creadors-de-cultura","status":"publish","type":"post","link":"https:\/\/agora.xtec.cat\/ielesvinyes\/portada\/creadors-de-cultura\/","title":{"rendered":"Creadors de cultura"},"content":{"rendered":"<p><img loading=\"lazy\" decoding=\"async\" class=\"aligncenter size-full wp-image-8012\" src=\"https:\/\/agora.xtec.cat\/ielesvinyes\/wp-content\/uploads\/usu1433\/2024\/07\/capcalera_01.jpg\" alt=\"\" width=\"1998\" height=\"572\" srcset=\"https:\/\/agora.xtec.cat\/ielesvinyes\/wp-content\/uploads\/usu1433\/2024\/07\/capcalera_01.jpg 1998w, https:\/\/agora.xtec.cat\/ielesvinyes\/wp-content\/uploads\/usu1433\/2024\/07\/capcalera_01-300x86.jpg 300w, https:\/\/agora.xtec.cat\/ielesvinyes\/wp-content\/uploads\/usu1433\/2024\/07\/capcalera_01-1024x293.jpg 1024w, https:\/\/agora.xtec.cat\/ielesvinyes\/wp-content\/uploads\/usu1433\/2024\/07\/capcalera_01-768x220.jpg 768w, https:\/\/agora.xtec.cat\/ielesvinyes\/wp-content\/uploads\/usu1433\/2024\/07\/capcalera_01-1536x440.jpg 1536w\" sizes=\"auto, (max-width: 1998px) 100vw, 1998px\" \/><\/p>\n<blockquote><p>\u201cEl futur pertany als joves no perqu\u00e8 siguin joves, \u2028sin\u00f3 perqu\u00e8 s\u00f3n els creadors del futur.&#8221;<\/p>\n<p>Karl Popper<\/p><\/blockquote>\n<p>Una lectura de relats de viatge il\u00b7lustrada amb aquarel\u00b7les, un taller de divulgaci\u00f3 cient\u00edfica per a joves i fam\u00edlies a partir del disseny i la construcci\u00f3 de catapultes de precisi\u00f3, una exposici\u00f3 sobre la hist\u00f2ria a trav\u00e9s del color de la pell, una experi\u00e8ncia qu\u00edmico gastron\u00f2mica, una obra de teatre inspirada en la vida dels nostres avis i \u00e0vies, una fira per promoure una vida saludable, i una altra per comprendre les implicacions tecnol\u00f2giques, socials i ambientals dels tel\u00e8fons m\u00f2bils, una mostra cient\u00edfica de vol d\u2019avions de cartr\u00f3, una lectura de relats i mostra fotogr\u00e0fica sobre testimonis de la Segona Guerra Mundial, i una lectura teatralitzada a partir de l\u2019adaptaci\u00f3 de les peces teatrals de Federico Garc\u00eda Lorca.<\/p>\n<p>Aquestes s\u00f3n les <strong>propostes culturals<\/strong>, creades \u00edntegrament per nois i noies de secund\u00e0ria, que poden gaudir totes les persones que assisteixen a les exhibicions p\u00fabliques d&#8217;aquest segon trimestre.<\/p>\n<p>Fomentar la capacitat dels joves per ser creadors de cultura \u00e9s una empresa que no nom\u00e9s enriqueix les seves vides individuals, sin\u00f3 que tamb\u00e9 t\u00e9 un impacte profund i transformador en la societat en general. Quan donem als joves les eines i el suport necessaris per expressar les seves idees, visions i valors a trav\u00e9s de diferents formes d&#8217;expressi\u00f3 art\u00edstica i cultural, no nom\u00e9s estem potenciant la seva creativitat i autoexpressi\u00f3, sin\u00f3 que tamb\u00e9 estem fomentant el seu aprenentatge de manera profunda i significativa.<\/p>\n<p>Permetre als joves sostenir processos de creaci\u00f3 els d\u00f3na l&#8217;oportunitat de desenvolupar habilitats cr\u00edtiques i anal\u00edtiques. En el proc\u00e9s de crear i consumir diverses formes d&#8217;art i cultura, els joves es veuen exposats a perspectives diverses i a la complexitat del m\u00f3n que els envolta. Aquesta exposici\u00f3 els anima a reflexionar sobre temes importants, a q\u00fcestionar les normes i les suposicions, i a desenvolupar la seva pr\u00f2pia capacitat per avaluar de manera cr\u00edtica la informaci\u00f3 i les idees que els arriben.<\/p>\n<p>Ser creatius en la producci\u00f3 cultural implica un proc\u00e9s d&#8217;aprenentatge profund i significatiu. En el seu intent de comunicar i compartir les seves idees i emocions amb altres, els joves han de dominar habilitats t\u00e8cniques i art\u00edstiques, com l\u2019escriptura, la fotografia, la m\u00fasica o la producci\u00f3 audiovisual. Aquesta pr\u00e0ctica activa dels seus talents i la seva creativitat no nom\u00e9s els permet dominar noves habilitats, sin\u00f3 que tamb\u00e9 refor\u00e7a el seu comprom\u00eds amb el proc\u00e9s d&#8217;aprenentatge en general.<\/p>\n<p>La creaci\u00f3 implica col\u00b7laborar i interaccionar amb altres. En col\u00b7laborar amb altres joves, experts o altres membres de la comunitat, tenen oportunitat de treballar en equip, de comunicar-se de manera efectiva i d&#8217;integrar diferents punts de vista i opinions. Aquestes habilitats socials i emocionals s\u00f3n fonamentals en la vida quotidiana i en el m\u00f3n laboral, i el proc\u00e9s de crear cultura ofereix als joves una plataforma \u00fanica i genu\u00efna per desenvolupar-les.<\/p>\n<p>Quan els joves s\u00f3n reconeguts com a generadors de cultura, se&#8217;ls valida i se&#8217;ls anima a expressar-se de manera aut\u00e8ntica. Aquest reconeixement pot tenir un impacte profund en la seva autoestima i confian\u00e7a en si mateixos, refor\u00e7ant la motivaci\u00f3 i la necessitat per aprendre i de cr\u00e9ixer en altres \u00e0mbits de la seva vida.<\/p>\n<p>No aprenem per exhibir, sin\u00f3 que exhibim per aprendre, i alhora, en exhibir per aprendre fem un servei a la comunitat, som <strong>creadors de cultura<\/strong>.<\/p>\n<p>Un cop m\u00e9s, gr\u00e0cies per venir.<\/p>\n<p><em>Aquest text \u00e9s l\u2019editorial del <strong>programa de m\u00e0<\/strong> de l&#8217;exhibici\u00f3 p\u00fablica dels projectes de secund\u00e0ria del 2n trimestre del curs 2023-24:<\/em><br \/>\n<em><a href=\"https:\/\/es.slideshare.net\/slideshow\/programa-de-ma-exhibicio-publica-2324-2t\/269495813\" target=\"_blank\" rel=\"noopener\">https:\/\/es.slideshare.net\/slideshow\/programa-de-ma-exhibicio-publica-2324-2t\/269495813<\/a><\/em><\/p>\n","protected":false},"excerpt":{"rendered":"<p>\u201cEl futur pertany als joves no perqu\u00e8 siguin joves, \u2028sin\u00f3 perqu\u00e8 s\u00f3n els creadors del futur.&#8221; Karl Popper Una lectura de relats de viatge il\u00b7lustrada amb aquarel\u00b7les, un taller de divulgaci\u00f3 cient\u00edfica per a joves i fam\u00edlies a partir del disseny i la construcci\u00f3 de catapultes de precisi\u00f3, una exposici\u00f3 sobre la hist\u00f2ria a trav\u00e9s [&hellip;]<\/p>\n","protected":false},"author":6,"featured_media":8012,"comment_status":"open","ping_status":"closed","sticky":false,"template":"","format":"standard","meta":{"_bbp_topic_count":0,"_bbp_reply_count":0,"_bbp_total_topic_count":0,"_bbp_total_reply_count":0,"_bbp_voice_count":0,"_bbp_anonymous_reply_count":0,"_bbp_topic_count_hidden":0,"_bbp_reply_count_hidden":0,"_bbp_forum_subforum_count":0,"site-sidebar-layout":"default","site-content-layout":"","ast-site-content-layout":"","site-content-style":"default","site-sidebar-style":"default","ast-global-header-display":"","ast-banner-title-visibility":"","ast-main-header-display":"","ast-hfb-above-header-display":"","ast-hfb-below-header-display":"","ast-hfb-mobile-header-display":"","site-post-title":"","ast-breadcrumbs-content":"","ast-featured-img":"","footer-sml-layout":"","theme-transparent-header-meta":"","adv-header-id-meta":"","stick-header-meta":"","header-above-stick-meta":"","header-main-stick-meta":"","header-below-stick-meta":"","astra-migrate-meta-layouts":"default","ast-page-background-enabled":"default","ast-page-background-meta":{"desktop":{"background-color":"var(--ast-global-color-4)","background-image":"","background-repeat":"repeat","background-position":"center center","background-size":"auto","background-attachment":"scroll","background-type":"","background-media":"","overlay-type":"","overlay-color":"","overlay-opacity":"","overlay-gradient":""},"tablet":{"background-color":"","background-image":"","background-repeat":"repeat","background-position":"center center","background-size":"auto","background-attachment":"scroll","background-type":"","background-media":"","overlay-type":"","overlay-color":"","overlay-opacity":"","overlay-gradient":""},"mobile":{"background-color":"","background-image":"","background-repeat":"repeat","background-position":"center center","background-size":"auto","background-attachment":"scroll","background-type":"","background-media":"","overlay-type":"","overlay-color":"","overlay-opacity":"","overlay-gradient":""}},"ast-content-background-meta":{"desktop":{"background-color":"var(--ast-global-color-5)","background-image":"","background-repeat":"repeat","background-position":"center center","background-size":"auto","background-attachment":"scroll","background-type":"","background-media":"","overlay-type":"","overlay-color":"","overlay-opacity":"","overlay-gradient":""},"tablet":{"background-color":"var(--ast-global-color-5)","background-image":"","background-repeat":"repeat","background-position":"center center","background-size":"auto","background-attachment":"scroll","background-type":"","background-media":"","overlay-type":"","overlay-color":"","overlay-opacity":"","overlay-gradient":""},"mobile":{"background-color":"var(--ast-global-color-5)","background-image":"","background-repeat":"repeat","background-position":"center center","background-size":"auto","background-attachment":"scroll","background-type":"","background-media":"","overlay-type":"","overlay-color":"","overlay-opacity":"","overlay-gradient":""}},"footnotes":""},"categories":[539,547,530,466,29,548,105,301],"tags":[],"class_list":["post-8026","post","type-post","status-publish","format-standard","has-post-thumbnail","hentry","category-2023-24","category-editorial","category-exhibicions-publiques","category-participacio","category-portada","category-programa-de-ma","category-projectes","category-secundaria"],"post_mailing_queue_ids":[],"_links":{"self":[{"href":"https:\/\/agora.xtec.cat\/ielesvinyes\/wp-json\/wp\/v2\/posts\/8026","targetHints":{"allow":["GET"]}}],"collection":[{"href":"https:\/\/agora.xtec.cat\/ielesvinyes\/wp-json\/wp\/v2\/posts"}],"about":[{"href":"https:\/\/agora.xtec.cat\/ielesvinyes\/wp-json\/wp\/v2\/types\/post"}],"author":[{"embeddable":true,"href":"https:\/\/agora.xtec.cat\/ielesvinyes\/wp-json\/wp\/v2\/users\/6"}],"replies":[{"embeddable":true,"href":"https:\/\/agora.xtec.cat\/ielesvinyes\/wp-json\/wp\/v2\/comments?post=8026"}],"version-history":[{"count":2,"href":"https:\/\/agora.xtec.cat\/ielesvinyes\/wp-json\/wp\/v2\/posts\/8026\/revisions"}],"predecessor-version":[{"id":8028,"href":"https:\/\/agora.xtec.cat\/ielesvinyes\/wp-json\/wp\/v2\/posts\/8026\/revisions\/8028"}],"wp:featuredmedia":[{"embeddable":true,"href":"https:\/\/agora.xtec.cat\/ielesvinyes\/wp-json\/wp\/v2\/media\/8012"}],"wp:attachment":[{"href":"https:\/\/agora.xtec.cat\/ielesvinyes\/wp-json\/wp\/v2\/media?parent=8026"}],"wp:term":[{"taxonomy":"category","embeddable":true,"href":"https:\/\/agora.xtec.cat\/ielesvinyes\/wp-json\/wp\/v2\/categories?post=8026"},{"taxonomy":"post_tag","embeddable":true,"href":"https:\/\/agora.xtec.cat\/ielesvinyes\/wp-json\/wp\/v2\/tags?post=8026"}],"curies":[{"name":"wp","href":"https:\/\/api.w.org\/{rel}","templated":true}]}}