{"id":7833,"date":"2024-01-31T13:29:31","date_gmt":"2024-01-31T12:29:31","guid":{"rendered":"https:\/\/agora.xtec.cat\/ielesvinyes\/?p=7833"},"modified":"2024-02-04T19:59:00","modified_gmt":"2024-02-04T18:59:00","slug":"portes-obertes-3","status":"publish","type":"post","link":"https:\/\/agora.xtec.cat\/ielesvinyes\/general\/portes-obertes-3\/","title":{"rendered":"Jornada de portes obertes 2023-24"},"content":{"rendered":"<h3><img loading=\"lazy\" decoding=\"async\" class=\" wp-image-7836 alignright\" src=\"https:\/\/agora.xtec.cat\/ielesvinyes\/wp-content\/uploads\/usu1433\/2024\/01\/Presentacio-sense-titol-e1706953900670.jpg\" alt=\"\" width=\"467\" height=\"382\" srcset=\"https:\/\/agora.xtec.cat\/ielesvinyes\/wp-content\/uploads\/usu1433\/2024\/01\/Presentacio-sense-titol-e1706953900670.jpg 622w, https:\/\/agora.xtec.cat\/ielesvinyes\/wp-content\/uploads\/usu1433\/2024\/01\/Presentacio-sense-titol-e1706953900670-300x245.jpg 300w\" sizes=\"auto, (max-width: 467px) 100vw, 467px\" \/>Vols con\u00e8ixer el nostre <strong>projecte educatiu<\/strong>?<br \/>\nVols saber <strong>com aprenem<\/strong>?<br \/>\nVols veure els nostres <strong>espais d&#8217;aprenentatge<\/strong>?<br \/>\nVols parlar amb <strong>fam\u00edlies, equip docent, alumnes i exalumnes<\/strong>?<\/h3>\n<p>No ho dubtis, vine a les portes obertes de Les Vinyes.<\/p>\n<p><strong>ATENCI\u00d3. Aquesta jornada \u00e9s exclusiva per a fam\u00edlies.<\/strong> Si sou d&#8217;altres col\u00b7lectius, per favor contacteu amb el centre i us adre\u00e7arem a altres jornades amb car\u00e0cter professional.<\/p>\n<p><strong>Torns disponibles:<\/strong><\/p>\n<ul>\n<li>Dissabte\u00a017 de febrer de 10 a 11:15 h<\/li>\n<li>Dissabte 17 de febrer d&#8217;11:30 a 12:45 h<\/li>\n<li>Dimecres 21 de febrer de 15:15 a 16:30 h<\/li>\n<li>Dimecres 21 de febrer de 16:45 a 18 h<\/li>\n<\/ul>\n<h3><strong>Cal inscripci\u00f3 pr\u00e8via per poder assistir.<br \/>\nOmpliu aquest formulari, un cop per a cada persona assistent:<\/strong><strong><br \/>\n<\/strong><a href=\"https:\/\/docs.google.com\/forms\/d\/e\/1FAIpQLSdof1DdmIGu2vThsHLy6WC1XiQqFdt10qgrTlkiEMtNrE-OWw\/viewform\" target=\"_blank\" rel=\"noopener\">https:\/\/docs.google.com\/forms\/d\/e\/1FAIpQLSdof1DdmIGu2vThsHLy6WC1XiQqFdt10qgrTlkiEMtNrE-OWw\/viewform<\/a><\/h3>\n<p>&nbsp;<\/p>\n","protected":false},"excerpt":{"rendered":"<p>Vols con\u00e8ixer el nostre projecte educatiu? Vols saber com aprenem? Vols veure els nostres espais d&#8217;aprenentatge? Vols parlar amb fam\u00edlies, equip docent, alumnes i exalumnes? No ho dubtis, vine a les portes obertes de Les Vinyes. ATENCI\u00d3. Aquesta jornada \u00e9s exclusiva per a fam\u00edlies. Si sou d&#8217;altres col\u00b7lectius, per favor contacteu amb el centre i [&hellip;]<\/p>\n","protected":false},"author":6,"featured_media":7840,"comment_status":"open","ping_status":"closed","sticky":false,"template":"","format":"standard","meta":{"_bbp_topic_count":0,"_bbp_reply_count":0,"_bbp_total_topic_count":0,"_bbp_total_reply_count":0,"_bbp_voice_count":0,"_bbp_anonymous_reply_count":0,"_bbp_topic_count_hidden":0,"_bbp_reply_count_hidden":0,"_bbp_forum_subforum_count":0,"site-sidebar-layout":"default","site-content-layout":"","ast-site-content-layout":"","site-content-style":"default","site-sidebar-style":"default","ast-global-header-display":"","ast-banner-title-visibility":"","ast-main-header-display":"","ast-hfb-above-header-display":"","ast-hfb-below-header-display":"","ast-hfb-mobile-header-display":"","site-post-title":"","ast-breadcrumbs-content":"","ast-featured-img":"","footer-sml-layout":"","theme-transparent-header-meta":"","adv-header-id-meta":"","stick-header-meta":"","header-above-stick-meta":"","header-main-stick-meta":"","header-below-stick-meta":"","astra-migrate-meta-layouts":"default","ast-page-background-enabled":"default","ast-page-background-meta":{"desktop":{"background-color":"var(--ast-global-color-4)","background-image":"","background-repeat":"repeat","background-position":"center center","background-size":"auto","background-attachment":"scroll","background-type":"","background-media":"","overlay-type":"","overlay-color":"","overlay-opacity":"","overlay-gradient":""},"tablet":{"background-color":"","background-image":"","background-repeat":"repeat","background-position":"center center","background-size":"auto","background-attachment":"scroll","background-type":"","background-media":"","overlay-type":"","overlay-color":"","overlay-opacity":"","overlay-gradient":""},"mobile":{"background-color":"","background-image":"","background-repeat":"repeat","background-position":"center center","background-size":"auto","background-attachment":"scroll","background-type":"","background-media":"","overlay-type":"","overlay-color":"","overlay-opacity":"","overlay-gradient":""}},"ast-content-background-meta":{"desktop":{"background-color":"var(--ast-global-color-5)","background-image":"","background-repeat":"repeat","background-position":"center center","background-size":"auto","background-attachment":"scroll","background-type":"","background-media":"","overlay-type":"","overlay-color":"","overlay-opacity":"","overlay-gradient":""},"tablet":{"background-color":"var(--ast-global-color-5)","background-image":"","background-repeat":"repeat","background-position":"center center","background-size":"auto","background-attachment":"scroll","background-type":"","background-media":"","overlay-type":"","overlay-color":"","overlay-opacity":"","overlay-gradient":""},"mobile":{"background-color":"var(--ast-global-color-5)","background-image":"","background-repeat":"repeat","background-position":"center center","background-size":"auto","background-attachment":"scroll","background-type":"","background-media":"","overlay-type":"","overlay-color":"","overlay-opacity":"","overlay-gradient":""}},"footnotes":""},"categories":[539,1,29],"tags":[],"class_list":["post-7833","post","type-post","status-publish","format-standard","has-post-thumbnail","hentry","category-2023-24","category-general","category-portada"],"post_mailing_queue_ids":[],"_links":{"self":[{"href":"https:\/\/agora.xtec.cat\/ielesvinyes\/wp-json\/wp\/v2\/posts\/7833","targetHints":{"allow":["GET"]}}],"collection":[{"href":"https:\/\/agora.xtec.cat\/ielesvinyes\/wp-json\/wp\/v2\/posts"}],"about":[{"href":"https:\/\/agora.xtec.cat\/ielesvinyes\/wp-json\/wp\/v2\/types\/post"}],"author":[{"embeddable":true,"href":"https:\/\/agora.xtec.cat\/ielesvinyes\/wp-json\/wp\/v2\/users\/6"}],"replies":[{"embeddable":true,"href":"https:\/\/agora.xtec.cat\/ielesvinyes\/wp-json\/wp\/v2\/comments?post=7833"}],"version-history":[{"count":7,"href":"https:\/\/agora.xtec.cat\/ielesvinyes\/wp-json\/wp\/v2\/posts\/7833\/revisions"}],"predecessor-version":[{"id":7852,"href":"https:\/\/agora.xtec.cat\/ielesvinyes\/wp-json\/wp\/v2\/posts\/7833\/revisions\/7852"}],"wp:featuredmedia":[{"embeddable":true,"href":"https:\/\/agora.xtec.cat\/ielesvinyes\/wp-json\/wp\/v2\/media\/7840"}],"wp:attachment":[{"href":"https:\/\/agora.xtec.cat\/ielesvinyes\/wp-json\/wp\/v2\/media?parent=7833"}],"wp:term":[{"taxonomy":"category","embeddable":true,"href":"https:\/\/agora.xtec.cat\/ielesvinyes\/wp-json\/wp\/v2\/categories?post=7833"},{"taxonomy":"post_tag","embeddable":true,"href":"https:\/\/agora.xtec.cat\/ielesvinyes\/wp-json\/wp\/v2\/tags?post=7833"}],"curies":[{"name":"wp","href":"https:\/\/api.w.org\/{rel}","templated":true}]}}