{"id":7805,"date":"2023-11-14T14:39:30","date_gmt":"2023-11-14T13:39:30","guid":{"rendered":"https:\/\/agora.xtec.cat\/ielesvinyes\/?p=7805"},"modified":"2025-11-18T11:22:26","modified_gmt":"2025-11-18T10:22:26","slug":"el-teatre-de-la-memoria-tercurs-2022-2023","status":"publish","type":"post","link":"https:\/\/agora.xtec.cat\/ielesvinyes\/general\/el-teatre-de-la-memoria-tercurs-2022-2023\/","title":{"rendered":"Projecte: El teatre de la mem\u00f2ria (3r ESO\/ curs 2022-2023)"},"content":{"rendered":"<p><span style=\"font-weight: 300;\">Com va ser viure durant el franquisme? Quin record en tenen els nostres avis? Com podem recobrar la mem\u00f2ria hist\u00f2rica des de l\u2019art? <\/span><span style=\"font-weight: 300;\">En aquest projecte els nois i noies de tercer d\u2019ESO han creat des de zero una pe\u00e7a teatral inspirada en el testimoni dels seus avis i \u00e0vies, cuidant i enaltint la complexitat d\u2019un proc\u00e9s creatiu on totes i tots, des del desenvolupament del seu rol, han estat imprescindibles.\u00a0<\/span><\/p>\n<p><span style=\"font-weight: 300;\">Aqu\u00ed s\u2019exposen els guions teatrals de cada un dels tres grups, que s\u00f3n el producte de la seva mirada sobre el m\u00f3n, la hist\u00f2ria dels seus avis i \u00e0vies i el seu treball. Podreu accedir a la seva lectura tot seguint els enlla\u00e7os que trobareu a continuaci\u00f3, aix\u00ed com tamb\u00e9 hi trobareu les fotos recollides del proc\u00e9s creatiu en aquest <a href=\"https:\/\/www.flickr.com\/photos\/ielesvinyes\/albums\/72177720309230404\">enlla\u00e7<\/a>.\u00a0<\/span><\/p>\n<p><img loading=\"lazy\" decoding=\"async\" class=\"wp-image-7810 alignright\" src=\"https:\/\/agora.xtec.cat\/ielesvinyes\/wp-content\/uploads\/usu1433\/2023\/11\/Sense-titol-3.png\" alt=\"\" width=\"348\" height=\"182\" srcset=\"https:\/\/agora.xtec.cat\/ielesvinyes\/wp-content\/uploads\/usu1433\/2023\/11\/Sense-titol-3.png 1479w, https:\/\/agora.xtec.cat\/ielesvinyes\/wp-content\/uploads\/usu1433\/2023\/11\/Sense-titol-3-300x157.png 300w, https:\/\/agora.xtec.cat\/ielesvinyes\/wp-content\/uploads\/usu1433\/2023\/11\/Sense-titol-3-1024x535.png 1024w, https:\/\/agora.xtec.cat\/ielesvinyes\/wp-content\/uploads\/usu1433\/2023\/11\/Sense-titol-3-768x401.png 768w\" sizes=\"auto, (max-width: 348px) 100vw, 348px\" \/><img loading=\"lazy\" decoding=\"async\" class=\"wp-image-7811 alignnone\" src=\"https:\/\/agora.xtec.cat\/ielesvinyes\/wp-content\/uploads\/usu1433\/2023\/11\/Sense-titol12.png\" alt=\"\" width=\"365\" height=\"184\" srcset=\"https:\/\/agora.xtec.cat\/ielesvinyes\/wp-content\/uploads\/usu1433\/2023\/11\/Sense-titol12.png 1452w, https:\/\/agora.xtec.cat\/ielesvinyes\/wp-content\/uploads\/usu1433\/2023\/11\/Sense-titol12-300x151.png 300w, https:\/\/agora.xtec.cat\/ielesvinyes\/wp-content\/uploads\/usu1433\/2023\/11\/Sense-titol12-1024x516.png 1024w, https:\/\/agora.xtec.cat\/ielesvinyes\/wp-content\/uploads\/usu1433\/2023\/11\/Sense-titol12-768x387.png 768w\" sizes=\"auto, (max-width: 365px) 100vw, 365px\" \/><\/p>\n<p>&nbsp;<\/p>\n<p>&nbsp;<\/p>\n<h4 dir=\"ltr\" style=\"text-align: left;\"><strong>Al\u00e7ar la veu: el gui\u00f3 teatral dels i les alumnes de 3rA.<img loading=\"lazy\" decoding=\"async\" class=\"aligncenter size-full wp-image-7807\" src=\"https:\/\/agora.xtec.cat\/ielesvinyes\/wp-content\/uploads\/usu1433\/2023\/11\/Sense-titol.png\" alt=\"\" width=\"573\" height=\"741\" srcset=\"https:\/\/agora.xtec.cat\/ielesvinyes\/wp-content\/uploads\/usu1433\/2023\/11\/Sense-titol.png 573w, https:\/\/agora.xtec.cat\/ielesvinyes\/wp-content\/uploads\/usu1433\/2023\/11\/Sense-titol-232x300.png 232w\" sizes=\"auto, (max-width: 573px) 100vw, 573px\" \/><\/strong><\/h4>\n<p dir=\"ltr\" style=\"text-align: right;\">Acc\u00e9s al gui\u00f3 teatral d&#8217;<a href=\"https:\/\/docs.google.com\/document\/d\/1DJx2ALd6kwN9d_G4lFBWruWqSajPwHngmN5s2xh5cEw\/edit\"><strong>Al\u00e7ar la veu<\/strong><\/a><\/p>\n<p dir=\"ltr\" style=\"text-align: center;\">En el principio<\/p>\n<p dir=\"ltr\" style=\"text-align: center;\">Si he perdido la vida, el tiempo, todo<\/p>\n<p dir=\"ltr\" style=\"text-align: center;\">lo que tir\u00e9, como un anillo, al agua,<\/p>\n<p dir=\"ltr\" style=\"text-align: center;\">si he perdido la voz en la maleza,<\/p>\n<p dir=\"ltr\" style=\"text-align: center;\">me queda la palabra<\/p>\n<p dir=\"ltr\" style=\"text-align: center;\">Si he sufrido la sed, el hambre, todo<\/p>\n<p dir=\"ltr\" style=\"text-align: center;\">lo que era m\u00edo y result\u00f3 ser nada,<\/p>\n<p dir=\"ltr\" style=\"text-align: center;\">si he segado las sombras en silencio,<\/p>\n<p dir=\"ltr\" style=\"text-align: center;\">me queda la palabra.<\/p>\n<p dir=\"ltr\" style=\"text-align: center;\">Si abr\u00ed los labios para ver el rostro<\/p>\n<p dir=\"ltr\" style=\"text-align: center;\">puro y terrible de mi patria,<\/p>\n<p dir=\"ltr\" style=\"text-align: center;\">si abr\u00ed los labios hasta desgarr\u00e1rmelos,<\/p>\n<p dir=\"ltr\" style=\"text-align: center;\">me queda la palabra<\/p>\n<p dir=\"ltr\" style=\"text-align: center;\">\u00a0\u00a0\u00a0\u00a0\u00a0\u00a0\u00a0\u00a0\u00a0\u00a0\u00a0\u00a0\u00a0\u00a0\u00a0\u00a0\u00a0\u00a0\u00a0\u00a0\u00a0\u00a0\u00a0\u00a0\u00a0\u00a0\u00a0\u00a0\u00a0\u00a0\u00a0\u00a0\u00a0\u00a0\u00a0\u00a0\u00a0\u00a0\u00a0\u00a0\u00a0\u00a0\u00a0\u00a0\u00a0\u00a0\u00a0\u00a0\u00a0\u00a0\u00a0\u00a0\u00a0\u00a0\u00a0\u00a0Blas de Otero<\/p>\n<p dir=\"ltr\" style=\"text-align: right;\"><strong>Quan nom\u00e9s quedi la mem\u00f2ria: el gui\u00f3 teatral dels i les alumnes de 3rB.<\/strong>\u00a0 \u00a0 \u00a0 \u00a0 \u00a0 \u00a0 \u00a0 \u00a0 \u00a0 \u00a0 \u00a0 \u00a0 \u00a0 \u00a0 \u00a0 \u00a0 \u00a0 \u00a0 \u00a0 <img loading=\"lazy\" decoding=\"async\" class=\"aligncenter size-full wp-image-7808\" src=\"https:\/\/agora.xtec.cat\/ielesvinyes\/wp-content\/uploads\/usu1433\/2023\/11\/Sense-titol-1.png\" alt=\"\" width=\"573\" height=\"741\" srcset=\"https:\/\/agora.xtec.cat\/ielesvinyes\/wp-content\/uploads\/usu1433\/2023\/11\/Sense-titol-1.png 573w, https:\/\/agora.xtec.cat\/ielesvinyes\/wp-content\/uploads\/usu1433\/2023\/11\/Sense-titol-1-232x300.png 232w\" sizes=\"auto, (max-width: 573px) 100vw, 573px\" \/>\u00a0 \u00a0 \u00a0 \u00a0 \u00a0 \u00a0 \u00a0 \u00a0 \u00a0 \u00a0 \u00a0 \u00a0 \u00a0 \u00a0Acc\u00e9s al gui\u00f3 teatral de <strong><a href=\"https:\/\/docs.google.com\/document\/d\/1ziKGzpwX54eS9FUfQUMp0PZ40m96bc-WpErcWK9hlO8\/edit\">Quan nom\u00e9s quedi la mem\u00f2ria<\/a><\/strong><\/p>\n<p dir=\"ltr\">\n<p dir=\"ltr\" style=\"text-align: center;\">No perdono a la muerte enamorada,<\/p>\n<p dir=\"ltr\" style=\"text-align: center;\">no perdono a la vida desatenta,<\/p>\n<p dir=\"ltr\" style=\"text-align: center;\">no perdono a la tierra, ni a la nada.<\/p>\n<p dir=\"ltr\" style=\"text-align: center;\">A las aladas almas de las rosas<\/p>\n<p dir=\"ltr\" style=\"text-align: center;\">del almendro de nata te requiero,<\/p>\n<p dir=\"ltr\" style=\"text-align: center;\">que tenemos que hablar de muchas cosas,<\/p>\n<p dir=\"ltr\" style=\"text-align: center;\">compa\u00f1ero del alma, compa\u00f1ero.<\/p>\n<p dir=\"ltr\" style=\"text-align: center;\">\u00a0 \u00a0 \u00a0 \u00a0 \u00a0 \u00a0 \u00a0 \u00a0 \u00a0 \u00a0 \u00a0 \u00a0 \u00a0 \u00a0 \u00a0 \u00a0 \u00a0 \u00a0 \u00a0 \u00a0 \u00a0 \u00a0 \u00a0 Miguel Hern\u00e1ndez<\/p>\n<p dir=\"ltr\">\n<h4 dir=\"ltr\" style=\"text-align: left;\"><strong>Quan s&#8217;ajuntin els camins: el gui\u00f3 teatral dels i les alumnes de 3rC.<\/strong><\/h4>\n<p dir=\"ltr\"><img loading=\"lazy\" decoding=\"async\" class=\"aligncenter wp-image-7809\" src=\"https:\/\/agora.xtec.cat\/ielesvinyes\/wp-content\/uploads\/usu1433\/2023\/11\/Sense-titol-2.png\" alt=\"\" width=\"551\" height=\"713\" srcset=\"https:\/\/agora.xtec.cat\/ielesvinyes\/wp-content\/uploads\/usu1433\/2023\/11\/Sense-titol-2.png 573w, https:\/\/agora.xtec.cat\/ielesvinyes\/wp-content\/uploads\/usu1433\/2023\/11\/Sense-titol-2-232x300.png 232w\" sizes=\"auto, (max-width: 551px) 100vw, 551px\" \/><\/p>\n<p dir=\"ltr\" style=\"text-align: right;\">\u00a0 \u00a0Acc\u00e9s al gui\u00f3 teatral de <a href=\"https:\/\/docs.google.com\/document\/d\/1eyEc1JNWTkrFnbcoCVtFJIdUh_mE_C3E_exo5GUDvsM\/edit\"><strong>Quan s&#8217;ajuntin els camins<\/strong><\/a><\/p>\n<p dir=\"ltr\">\n<p dir=\"ltr\" style=\"text-align: center;\">Jo no estimo la por, ni la vull per dem\u00e0,<\/p>\n<p dir=\"ltr\" style=\"text-align: center;\">no la vull per a avui, ni tampoc com a record;<\/p>\n<p dir=\"ltr\" style=\"text-align: center;\">que m&#8217;agrada el somr\u00eds<\/p>\n<p dir=\"ltr\" style=\"text-align: center;\">d&#8217;un infant vora el mar<\/p>\n<p dir=\"ltr\" style=\"text-align: center;\">i els seus ulls com un ram d&#8217;il\u00b7lusions esclatant.<\/p>\n<p dir=\"ltr\" style=\"text-align: center;\">I si canto trist<\/p>\n<p dir=\"ltr\" style=\"text-align: center;\">\u00e9s perqu\u00e8 no puc<\/p>\n<p dir=\"ltr\" style=\"text-align: center;\">esborrar la por<\/p>\n<p dir=\"ltr\" style=\"text-align: center;\">dels meus pobres ulls.<\/p>\n<p dir=\"ltr\" style=\"text-align: center;\">Jo no estimo la mort<\/p>\n<p dir=\"ltr\" style=\"text-align: center;\">ni el seu pas tan gla\u00e7at,<\/p>\n<p dir=\"ltr\" style=\"text-align: center;\">no la vull per a avui, ni tampoc com a record;<\/p>\n<p dir=\"ltr\" style=\"text-align: center;\">que m&#8217;agrada el batec d&#8217;aquell cor que, lluitant,<\/p>\n<p dir=\"ltr\" style=\"text-align: center;\">dona vida a la mort<\/p>\n<p dir=\"ltr\" style=\"text-align: center;\">a qu\u00e8 l&#8217;han condemnat.<\/p>\n<p dir=\"ltr\" style=\"text-align: center;\">Llu\u00eds Llach<\/p>\n<p dir=\"ltr\">\n","protected":false},"excerpt":{"rendered":"<p>Com va ser viure durant el franquisme? Quin record en tenen els nostres avis? Com podem recobrar la mem\u00f2ria hist\u00f2rica des de l\u2019art? En aquest projecte els nois i noies de tercer d\u2019ESO han creat des de zero una pe\u00e7a teatral inspirada en el testimoni dels seus avis i \u00e0vies, cuidant i enaltint la complexitat [&hellip;]<\/p>\n","protected":false},"author":6,"featured_media":0,"comment_status":"open","ping_status":"closed","sticky":false,"template":"","format":"standard","meta":{"_bbp_topic_count":0,"_bbp_reply_count":0,"_bbp_total_topic_count":0,"_bbp_total_reply_count":0,"_bbp_voice_count":0,"_bbp_anonymous_reply_count":0,"_bbp_topic_count_hidden":0,"_bbp_reply_count_hidden":0,"_bbp_forum_subforum_count":0,"site-sidebar-layout":"default","site-content-layout":"","ast-site-content-layout":"","site-content-style":"default","site-sidebar-style":"default","ast-global-header-display":"","ast-banner-title-visibility":"","ast-main-header-display":"","ast-hfb-above-header-display":"","ast-hfb-below-header-display":"","ast-hfb-mobile-header-display":"","site-post-title":"","ast-breadcrumbs-content":"","ast-featured-img":"","footer-sml-layout":"","theme-transparent-header-meta":"","adv-header-id-meta":"","stick-header-meta":"","header-above-stick-meta":"","header-main-stick-meta":"","header-below-stick-meta":"","astra-migrate-meta-layouts":"default","ast-page-background-enabled":"default","ast-page-background-meta":{"desktop":{"background-color":"var(--ast-global-color-4)","background-image":"","background-repeat":"repeat","background-position":"center center","background-size":"auto","background-attachment":"scroll","background-type":"","background-media":"","overlay-type":"","overlay-color":"","overlay-opacity":"","overlay-gradient":""},"tablet":{"background-color":"","background-image":"","background-repeat":"repeat","background-position":"center center","background-size":"auto","background-attachment":"scroll","background-type":"","background-media":"","overlay-type":"","overlay-color":"","overlay-opacity":"","overlay-gradient":""},"mobile":{"background-color":"","background-image":"","background-repeat":"repeat","background-position":"center center","background-size":"auto","background-attachment":"scroll","background-type":"","background-media":"","overlay-type":"","overlay-color":"","overlay-opacity":"","overlay-gradient":""}},"ast-content-background-meta":{"desktop":{"background-color":"var(--ast-global-color-5)","background-image":"","background-repeat":"repeat","background-position":"center center","background-size":"auto","background-attachment":"scroll","background-type":"","background-media":"","overlay-type":"","overlay-color":"","overlay-opacity":"","overlay-gradient":""},"tablet":{"background-color":"var(--ast-global-color-5)","background-image":"","background-repeat":"repeat","background-position":"center center","background-size":"auto","background-attachment":"scroll","background-type":"","background-media":"","overlay-type":"","overlay-color":"","overlay-opacity":"","overlay-gradient":""},"mobile":{"background-color":"var(--ast-global-color-5)","background-image":"","background-repeat":"repeat","background-position":"center center","background-size":"auto","background-attachment":"scroll","background-type":"","background-media":"","overlay-type":"","overlay-color":"","overlay-opacity":"","overlay-gradient":""}},"footnotes":""},"categories":[524,530,1,105,527],"tags":[535,525,537,536,250,538,40],"class_list":["post-7805","post","type-post","status-publish","format-standard","hentry","category-2022-23","category-exhibicions-publiques","category-general","category-projectes","category-sae","tag-3reso","tag-art","tag-historia","tag-memoria","tag-projecte","tag-sae","tag-teatre"],"post_mailing_queue_ids":[],"_links":{"self":[{"href":"https:\/\/agora.xtec.cat\/ielesvinyes\/wp-json\/wp\/v2\/posts\/7805","targetHints":{"allow":["GET"]}}],"collection":[{"href":"https:\/\/agora.xtec.cat\/ielesvinyes\/wp-json\/wp\/v2\/posts"}],"about":[{"href":"https:\/\/agora.xtec.cat\/ielesvinyes\/wp-json\/wp\/v2\/types\/post"}],"author":[{"embeddable":true,"href":"https:\/\/agora.xtec.cat\/ielesvinyes\/wp-json\/wp\/v2\/users\/6"}],"replies":[{"embeddable":true,"href":"https:\/\/agora.xtec.cat\/ielesvinyes\/wp-json\/wp\/v2\/comments?post=7805"}],"version-history":[{"count":5,"href":"https:\/\/agora.xtec.cat\/ielesvinyes\/wp-json\/wp\/v2\/posts\/7805\/revisions"}],"predecessor-version":[{"id":7817,"href":"https:\/\/agora.xtec.cat\/ielesvinyes\/wp-json\/wp\/v2\/posts\/7805\/revisions\/7817"}],"wp:attachment":[{"href":"https:\/\/agora.xtec.cat\/ielesvinyes\/wp-json\/wp\/v2\/media?parent=7805"}],"wp:term":[{"taxonomy":"category","embeddable":true,"href":"https:\/\/agora.xtec.cat\/ielesvinyes\/wp-json\/wp\/v2\/categories?post=7805"},{"taxonomy":"post_tag","embeddable":true,"href":"https:\/\/agora.xtec.cat\/ielesvinyes\/wp-json\/wp\/v2\/tags?post=7805"}],"curies":[{"name":"wp","href":"https:\/\/api.w.org\/{rel}","templated":true}]}}