{"id":779,"date":"2012-12-08T10:06:47","date_gmt":"2012-12-08T09:06:47","guid":{"rendered":"http:\/\/ielesvinyes.net\/?p=779"},"modified":"2012-12-08T10:06:47","modified_gmt":"2012-12-08T09:06:47","slug":"presentacio-del-projecte-la-llegenda-arturica","status":"publish","type":"post","link":"https:\/\/agora.xtec.cat\/ielesvinyes\/etapes\/secundaria\/presentacio-del-projecte-la-llegenda-arturica\/","title":{"rendered":"Presentaci\u00f3 del Projecte La llegenda art\u00farica"},"content":{"rendered":"<figure style=\"width: 320px\" class=\"wp-caption alignright\"><a title=\"Projecte Llegenda art\u00farica 2012 - Rodatge making of por Institut Escola Les Vinyes, en Flickr\" href=\"http:\/\/www.flickr.com\/photos\/ielesvinyes\/8250730266\/\"><img loading=\"lazy\" decoding=\"async\" src=\"http:\/\/farm9.staticflickr.com\/8339\/8250730266_ed36dd475f_n.jpg\" alt=\"Projecte Llegenda art\u00farica 2012 - Rodatge making of\" width=\"320\" height=\"240\" \/><\/a><figcaption class=\"wp-caption-text\">Rodatges exteriors<\/figcaption><\/figure>\n<p>Tal com vam comunicar a les fam\u00edlies, aquest proper dilluns, els alumnes de 2n d&#8217;ESO presentaran el resultat del seu projecte trimestral, el treball al voltant de la llegenda art\u00farica: <strong><span style=\"color: #3366ff;\">la pel\u00b7l\u00edcula del Rei Artur<\/span>.<\/strong> S&#8217;exposar\u00e0 el treball fet des de cada rol de <strong>director<\/strong>, <strong>productor<\/strong>, <strong>ajudant de producci\u00f3<\/strong>, <strong>actor<\/strong> i <strong>c\u00e0mera<\/strong> i s&#8217;explicar\u00e0 el treball fet. Es podr\u00e0 veure la pel\u00b7l\u00edcula i tot el <em>making of<\/em>, \u00e9s a dir, una mostra del que passa darrera de la c\u00e0mera. \ud83d\ude42<\/p>\n<p>Us esperem a tots, <strong>dilluns 10 a les 13 h hores, a la biblioteca del centre. Hi haur\u00e0 una estrena!<\/strong><\/p>\n<p>Per la seva part, esl alumnes de 1r d&#8217;ESO, van presentar dimecres passat el seu projecte a les\u00a0fam\u00edlies\u00a0 Aqu\u00ed en teniu algunes imatges de la sessi\u00f3. <strong>Moltes gr\u00e0cies a tothom pel seu esfor\u00e7 i les fam\u00edlies per la seva assist\u00e8ncia.<\/strong><\/p>\n<p><object width=\"400\" height=\"300\" classid=\"clsid:d27cdb6e-ae6d-11cf-96b8-444553540000\" codebase=\"http:\/\/download.macromedia.com\/pub\/shockwave\/cabs\/flash\/swflash.cab#version=6,0,40,0\"><param name=\"flashvars\" value=\"offsite=true&amp;lang=es-us&amp;page_show_url=%2Fsearch%2Fshow%2F%3Fq%3DPresentaci%25C3%25B3%2Ba%2Bles%2Bfam%25C3%25ADlies%26w%3D69119066%2540N05%26z%3Dm&amp;page_show_back_url=%2Fsearch%2F%3Fq%3DPresentaci%25C3%25B3%2Ba%2Bles%2Bfam%25C3%25ADlies%26w%3D69119066%2540N05%26z%3Dm&amp;method=flickr.photos.search&amp;api_params_str=&amp;api_text=Presentaci%C3%B3+a+les+fam%C3%ADlies&amp;api_tag_mode=bool&amp;api_user_id=69119066%40N05&amp;api_safe_search=3&amp;api_content_type=7&amp;api_media=all&amp;api_sort=relevance&amp;jump_to=&amp;start_index=0\" \/><param name=\"allowFullScreen\" value=\"true\" \/><param name=\"src\" value=\"http:\/\/www.flickr.com\/apps\/slideshow\/show.swf?v=122138\" \/><param name=\"allowfullscreen\" value=\"true\" \/><embed width=\"400\" height=\"300\" type=\"application\/x-shockwave-flash\" src=\"http:\/\/www.flickr.com\/apps\/slideshow\/show.swf?v=122138\" flashvars=\"offsite=true&amp;lang=es-us&amp;page_show_url=%2Fsearch%2Fshow%2F%3Fq%3DPresentaci%25C3%25B3%2Ba%2Bles%2Bfam%25C3%25ADlies%26w%3D69119066%2540N05%26z%3Dm&amp;page_show_back_url=%2Fsearch%2F%3Fq%3DPresentaci%25C3%25B3%2Ba%2Bles%2Bfam%25C3%25ADlies%26w%3D69119066%2540N05%26z%3Dm&amp;method=flickr.photos.search&amp;api_params_str=&amp;api_text=Presentaci%C3%B3+a+les+fam%C3%ADlies&amp;api_tag_mode=bool&amp;api_user_id=69119066%40N05&amp;api_safe_search=3&amp;api_content_type=7&amp;api_media=all&amp;api_sort=relevance&amp;jump_to=&amp;start_index=0\" allowFullScreen=\"true\" allowfullscreen=\"true\" \/><\/object><\/p>\n<p>&nbsp;<\/p>\n","protected":false},"excerpt":{"rendered":"<p>Tal com vam comunicar a les fam\u00edlies, aquest proper dilluns, els alumnes de 2n d&#8217;ESO presentaran el resultat del seu projecte trimestral, el treball al voltant de la llegenda art\u00farica: la pel\u00b7l\u00edcula del Rei Artur. S&#8217;exposar\u00e0 el treball fet des de cada rol de director, productor, ajudant de producci\u00f3, actor i c\u00e0mera i s&#8217;explicar\u00e0 el [&hellip;]<\/p>\n","protected":false},"author":1,"featured_media":0,"comment_status":"open","ping_status":"open","sticky":false,"template":"","format":"standard","meta":{"_bbp_topic_count":0,"_bbp_reply_count":0,"_bbp_total_topic_count":0,"_bbp_total_reply_count":0,"_bbp_voice_count":0,"_bbp_anonymous_reply_count":0,"_bbp_topic_count_hidden":0,"_bbp_reply_count_hidden":0,"_bbp_forum_subforum_count":0,"site-sidebar-layout":"default","site-content-layout":"","ast-site-content-layout":"","site-content-style":"default","site-sidebar-style":"default","ast-global-header-display":"","ast-banner-title-visibility":"","ast-main-header-display":"","ast-hfb-above-header-display":"","ast-hfb-below-header-display":"","ast-hfb-mobile-header-display":"","site-post-title":"","ast-breadcrumbs-content":"","ast-featured-img":"","footer-sml-layout":"","theme-transparent-header-meta":"","adv-header-id-meta":"","stick-header-meta":"","header-above-stick-meta":"","header-main-stick-meta":"","header-below-stick-meta":"","astra-migrate-meta-layouts":"default","ast-page-background-enabled":"default","ast-page-background-meta":{"desktop":{"background-color":"var(--ast-global-color-4)","background-image":"","background-repeat":"repeat","background-position":"center center","background-size":"auto","background-attachment":"scroll","background-type":"","background-media":"","overlay-type":"","overlay-color":"","overlay-opacity":"","overlay-gradient":""},"tablet":{"background-color":"","background-image":"","background-repeat":"repeat","background-position":"center center","background-size":"auto","background-attachment":"scroll","background-type":"","background-media":"","overlay-type":"","overlay-color":"","overlay-opacity":"","overlay-gradient":""},"mobile":{"background-color":"","background-image":"","background-repeat":"repeat","background-position":"center center","background-size":"auto","background-attachment":"scroll","background-type":"","background-media":"","overlay-type":"","overlay-color":"","overlay-opacity":"","overlay-gradient":""}},"ast-content-background-meta":{"desktop":{"background-color":"var(--ast-global-color-5)","background-image":"","background-repeat":"repeat","background-position":"center center","background-size":"auto","background-attachment":"scroll","background-type":"","background-media":"","overlay-type":"","overlay-color":"","overlay-opacity":"","overlay-gradient":""},"tablet":{"background-color":"var(--ast-global-color-5)","background-image":"","background-repeat":"repeat","background-position":"center center","background-size":"auto","background-attachment":"scroll","background-type":"","background-media":"","overlay-type":"","overlay-color":"","overlay-opacity":"","overlay-gradient":""},"mobile":{"background-color":"var(--ast-global-color-5)","background-image":"","background-repeat":"repeat","background-position":"center center","background-size":"auto","background-attachment":"scroll","background-type":"","background-media":"","overlay-type":"","overlay-color":"","overlay-opacity":"","overlay-gradient":""}},"footnotes":""},"categories":[301],"tags":[254],"class_list":["post-779","post","type-post","status-publish","format-standard","hentry","category-secundaria","tag-projecte2012"],"post_mailing_queue_ids":[],"_links":{"self":[{"href":"https:\/\/agora.xtec.cat\/ielesvinyes\/wp-json\/wp\/v2\/posts\/779","targetHints":{"allow":["GET"]}}],"collection":[{"href":"https:\/\/agora.xtec.cat\/ielesvinyes\/wp-json\/wp\/v2\/posts"}],"about":[{"href":"https:\/\/agora.xtec.cat\/ielesvinyes\/wp-json\/wp\/v2\/types\/post"}],"author":[{"embeddable":true,"href":"https:\/\/agora.xtec.cat\/ielesvinyes\/wp-json\/wp\/v2\/users\/1"}],"replies":[{"embeddable":true,"href":"https:\/\/agora.xtec.cat\/ielesvinyes\/wp-json\/wp\/v2\/comments?post=779"}],"version-history":[{"count":0,"href":"https:\/\/agora.xtec.cat\/ielesvinyes\/wp-json\/wp\/v2\/posts\/779\/revisions"}],"wp:attachment":[{"href":"https:\/\/agora.xtec.cat\/ielesvinyes\/wp-json\/wp\/v2\/media?parent=779"}],"wp:term":[{"taxonomy":"category","embeddable":true,"href":"https:\/\/agora.xtec.cat\/ielesvinyes\/wp-json\/wp\/v2\/categories?post=779"},{"taxonomy":"post_tag","embeddable":true,"href":"https:\/\/agora.xtec.cat\/ielesvinyes\/wp-json\/wp\/v2\/tags?post=779"}],"curies":[{"name":"wp","href":"https:\/\/api.w.org\/{rel}","templated":true}]}}