{"id":7684,"date":"2022-11-04T09:30:59","date_gmt":"2022-11-04T08:30:59","guid":{"rendered":"https:\/\/agora.xtec.cat\/ielesvinyes\/?p=7684"},"modified":"2025-11-18T10:17:53","modified_gmt":"2025-11-18T09:17:53","slug":"formacio-erasmus-a-dublin","status":"publish","type":"post","link":"https:\/\/agora.xtec.cat\/ielesvinyes\/portada\/formacio-erasmus-a-dublin\/","title":{"rendered":"Formaci\u00f3 Erasmus+ a Dubl\u00edn"},"content":{"rendered":"<div class=\"gmail_default\">El passat mes d&#8217;octubre la docent de l&#8217;IE Les Vinyes, Anna Jord\u00e0, va assistir a una Formaci\u00f3 a Dubl\u00edn dins el programa Erasmus+.<\/div>\n<div><\/div>\n<div class=\"gmail_default\">Durant una setmana va estar formant-se en diferents estrat\u00e8gies que es poden portar a terme a l&#8217;aula amb l&#8217;alumnat aix\u00ed com tamb\u00e9 estrat\u00e8gies de treball en grup entre docents.<\/div>\n<div><\/div>\n<div class=\"gmail_default\"><img loading=\"lazy\" decoding=\"async\" class=\"aligncenter size-full wp-image-7685\" src=\"https:\/\/agora.xtec.cat\/ielesvinyes\/wp-content\/uploads\/usu1433\/2023\/07\/tempFileForShare_20230718-235421.jpg\" alt=\"\" width=\"1079\" height=\"916\" srcset=\"https:\/\/agora.xtec.cat\/ielesvinyes\/wp-content\/uploads\/usu1433\/2023\/07\/tempFileForShare_20230718-235421.jpg 1079w, https:\/\/agora.xtec.cat\/ielesvinyes\/wp-content\/uploads\/usu1433\/2023\/07\/tempFileForShare_20230718-235421-300x255.jpg 300w, https:\/\/agora.xtec.cat\/ielesvinyes\/wp-content\/uploads\/usu1433\/2023\/07\/tempFileForShare_20230718-235421-1024x869.jpg 1024w, https:\/\/agora.xtec.cat\/ielesvinyes\/wp-content\/uploads\/usu1433\/2023\/07\/tempFileForShare_20230718-235421-768x652.jpg 768w\" sizes=\"auto, (max-width: 1079px) 100vw, 1079px\" \/><\/div>\n<div><\/div>\n<div class=\"gmail_default\">Al llarg de la setmana va gaudir de la companyia d&#8217;altres docents d&#8217;altres pa\u00efsos i va poder construir ponts entre el nostre centre i un centre itali\u00e0 al qual esperem poder realitzar un intercanvi amb alumnat el proper curs.<\/div>\n<div><img loading=\"lazy\" decoding=\"async\" class=\"aligncenter size-full wp-image-7686\" src=\"https:\/\/agora.xtec.cat\/ielesvinyes\/wp-content\/uploads\/usu1433\/2023\/07\/Screenshot_20230718_235359_Instagram.jpg\" alt=\"\" width=\"1080\" height=\"1031\" srcset=\"https:\/\/agora.xtec.cat\/ielesvinyes\/wp-content\/uploads\/usu1433\/2023\/07\/Screenshot_20230718_235359_Instagram.jpg 1080w, https:\/\/agora.xtec.cat\/ielesvinyes\/wp-content\/uploads\/usu1433\/2023\/07\/Screenshot_20230718_235359_Instagram-300x286.jpg 300w, https:\/\/agora.xtec.cat\/ielesvinyes\/wp-content\/uploads\/usu1433\/2023\/07\/Screenshot_20230718_235359_Instagram-1024x978.jpg 1024w, https:\/\/agora.xtec.cat\/ielesvinyes\/wp-content\/uploads\/usu1433\/2023\/07\/Screenshot_20230718_235359_Instagram-768x733.jpg 768w\" sizes=\"auto, (max-width: 1080px) 100vw, 1080px\" \/><\/div>\n<div><\/div>\n<div class=\"gmail_default\">Val a dir que va ser una experi\u00e8ncia molt enriquidora.<\/div>\n<div><\/div>\n<div>#MCMATE #CETE+ @EplusCatEdu<\/div>\n","protected":false},"excerpt":{"rendered":"<p>El passat mes d&#8217;octubre la docent de l&#8217;IE Les Vinyes, Anna Jord\u00e0, va assistir a una Formaci\u00f3 a Dubl\u00edn dins el programa Erasmus+. Durant una setmana va estar formant-se en diferents estrat\u00e8gies que es poden portar a terme a l&#8217;aula amb l&#8217;alumnat aix\u00ed com tamb\u00e9 estrat\u00e8gies de treball en grup entre docents. Al llarg de [&hellip;]<\/p>\n","protected":false},"author":6,"featured_media":7686,"comment_status":"open","ping_status":"closed","sticky":false,"template":"","format":"standard","meta":{"_bbp_topic_count":0,"_bbp_reply_count":0,"_bbp_total_topic_count":0,"_bbp_total_reply_count":0,"_bbp_voice_count":0,"_bbp_anonymous_reply_count":0,"_bbp_topic_count_hidden":0,"_bbp_reply_count_hidden":0,"_bbp_forum_subforum_count":0,"site-sidebar-layout":"default","site-content-layout":"","ast-site-content-layout":"","site-content-style":"default","site-sidebar-style":"default","ast-global-header-display":"","ast-banner-title-visibility":"","ast-main-header-display":"","ast-hfb-above-header-display":"","ast-hfb-below-header-display":"","ast-hfb-mobile-header-display":"","site-post-title":"","ast-breadcrumbs-content":"","ast-featured-img":"","footer-sml-layout":"","theme-transparent-header-meta":"","adv-header-id-meta":"","stick-header-meta":"","header-above-stick-meta":"","header-main-stick-meta":"","header-below-stick-meta":"","astra-migrate-meta-layouts":"default","ast-page-background-enabled":"default","ast-page-background-meta":{"desktop":{"background-color":"var(--ast-global-color-4)","background-image":"","background-repeat":"repeat","background-position":"center center","background-size":"auto","background-attachment":"scroll","background-type":"","background-media":"","overlay-type":"","overlay-color":"","overlay-opacity":"","overlay-gradient":""},"tablet":{"background-color":"","background-image":"","background-repeat":"repeat","background-position":"center center","background-size":"auto","background-attachment":"scroll","background-type":"","background-media":"","overlay-type":"","overlay-color":"","overlay-opacity":"","overlay-gradient":""},"mobile":{"background-color":"","background-image":"","background-repeat":"repeat","background-position":"center center","background-size":"auto","background-attachment":"scroll","background-type":"","background-media":"","overlay-type":"","overlay-color":"","overlay-opacity":"","overlay-gradient":""}},"ast-content-background-meta":{"desktop":{"background-color":"var(--ast-global-color-5)","background-image":"","background-repeat":"repeat","background-position":"center center","background-size":"auto","background-attachment":"scroll","background-type":"","background-media":"","overlay-type":"","overlay-color":"","overlay-opacity":"","overlay-gradient":""},"tablet":{"background-color":"var(--ast-global-color-5)","background-image":"","background-repeat":"repeat","background-position":"center center","background-size":"auto","background-attachment":"scroll","background-type":"","background-media":"","overlay-type":"","overlay-color":"","overlay-opacity":"","overlay-gradient":""},"mobile":{"background-color":"var(--ast-global-color-5)","background-image":"","background-repeat":"repeat","background-position":"center center","background-size":"auto","background-attachment":"scroll","background-type":"","background-media":"","overlay-type":"","overlay-color":"","overlay-opacity":"","overlay-gradient":""}},"footnotes":""},"categories":[100,29,301],"tags":[549],"class_list":["post-7684","post","type-post","status-publish","format-standard","has-post-thumbnail","hentry","category-infipri","category-portada","category-secundaria","tag-erasmus"],"post_mailing_queue_ids":[],"_links":{"self":[{"href":"https:\/\/agora.xtec.cat\/ielesvinyes\/wp-json\/wp\/v2\/posts\/7684","targetHints":{"allow":["GET"]}}],"collection":[{"href":"https:\/\/agora.xtec.cat\/ielesvinyes\/wp-json\/wp\/v2\/posts"}],"about":[{"href":"https:\/\/agora.xtec.cat\/ielesvinyes\/wp-json\/wp\/v2\/types\/post"}],"author":[{"embeddable":true,"href":"https:\/\/agora.xtec.cat\/ielesvinyes\/wp-json\/wp\/v2\/users\/6"}],"replies":[{"embeddable":true,"href":"https:\/\/agora.xtec.cat\/ielesvinyes\/wp-json\/wp\/v2\/comments?post=7684"}],"version-history":[{"count":2,"href":"https:\/\/agora.xtec.cat\/ielesvinyes\/wp-json\/wp\/v2\/posts\/7684\/revisions"}],"predecessor-version":[{"id":7688,"href":"https:\/\/agora.xtec.cat\/ielesvinyes\/wp-json\/wp\/v2\/posts\/7684\/revisions\/7688"}],"wp:featuredmedia":[{"embeddable":true,"href":"https:\/\/agora.xtec.cat\/ielesvinyes\/wp-json\/wp\/v2\/media\/7686"}],"wp:attachment":[{"href":"https:\/\/agora.xtec.cat\/ielesvinyes\/wp-json\/wp\/v2\/media?parent=7684"}],"wp:term":[{"taxonomy":"category","embeddable":true,"href":"https:\/\/agora.xtec.cat\/ielesvinyes\/wp-json\/wp\/v2\/categories?post=7684"},{"taxonomy":"post_tag","embeddable":true,"href":"https:\/\/agora.xtec.cat\/ielesvinyes\/wp-json\/wp\/v2\/tags?post=7684"}],"curies":[{"name":"wp","href":"https:\/\/api.w.org\/{rel}","templated":true}]}}