{"id":7649,"date":"2023-05-10T09:51:12","date_gmt":"2023-05-10T07:51:12","guid":{"rendered":"https:\/\/agora.xtec.cat\/ielesvinyes\/?p=7649"},"modified":"2025-11-18T11:23:19","modified_gmt":"2025-11-18T10:23:19","slug":"tots-i-cadascun-dels-dies-dabans-2","status":"publish","type":"post","link":"https:\/\/agora.xtec.cat\/ielesvinyes\/portada\/tots-i-cadascun-dels-dies-dabans-2\/","title":{"rendered":"Tots i cadascun dels dies d&#8217;abans"},"content":{"rendered":"<p><img loading=\"lazy\" decoding=\"async\" class=\"aligncenter size-full wp-image-7651\" src=\"https:\/\/agora.xtec.cat\/ielesvinyes\/wp-content\/uploads\/usu1433\/2023\/05\/PXL_20230316_170907116-1-scaled.jpg\" alt=\"\" width=\"2560\" height=\"1440\" srcset=\"https:\/\/agora.xtec.cat\/ielesvinyes\/wp-content\/uploads\/usu1433\/2023\/05\/PXL_20230316_170907116-1-scaled.jpg 2560w, https:\/\/agora.xtec.cat\/ielesvinyes\/wp-content\/uploads\/usu1433\/2023\/05\/PXL_20230316_170907116-1-300x169.jpg 300w, https:\/\/agora.xtec.cat\/ielesvinyes\/wp-content\/uploads\/usu1433\/2023\/05\/PXL_20230316_170907116-1-1024x576.jpg 1024w, https:\/\/agora.xtec.cat\/ielesvinyes\/wp-content\/uploads\/usu1433\/2023\/05\/PXL_20230316_170907116-1-768x432.jpg 768w, https:\/\/agora.xtec.cat\/ielesvinyes\/wp-content\/uploads\/usu1433\/2023\/05\/PXL_20230316_170907116-1-1536x864.jpg 1536w, https:\/\/agora.xtec.cat\/ielesvinyes\/wp-content\/uploads\/usu1433\/2023\/05\/PXL_20230316_170907116-1-2048x1152.jpg 2048w\" sizes=\"auto, (max-width: 2560px) 100vw, 2560px\" \/><\/p>\n<blockquote><p>\u201cEstaria b\u00e9 que les fam\u00edlies veiessin tota la feina que hi ha darrere.\u201d<\/p>\n<p>Nadia R (14 anys)<\/p><\/blockquote>\n<p>Si vens a Les Vinyes els dies previs a les exhibicions p\u00fabliques i et passeges per les aules i passadissos, veur\u00e0s potser a un grup de nois i noies envernissant unes fustes, comprovant si l\u2019equip de so funciona i uns altres, al final del passad\u00eds, revisant les tasques que queden per fer. Veur\u00e0s tamb\u00e9 a uns nois i noies assajant la lectura dels textos que llegiran en p\u00fablic, alg\u00fa qu\u00e8 pregunta: i jo qu\u00e8 puc fer?, i un grup que ultima l\u2019escenografia de l\u2019obra de teatre que representaran. Potser pots veure tamb\u00e9 alg\u00fa que mandreja en un sof\u00e0, un altre que juga, un noi que prepara un gui\u00f3 per explicar el proc\u00e9s de treball, alg\u00fa que comprova si la placa base que ha programat funciona, que escriu, o que pregunta: qui m\u2019ajuda amb aix\u00f2?<\/p>\n<p>Els dies previs a les exhibicions p\u00fabliques es respira a Les Vinyes un aire diferent. Diferent respecte el que passa en el dia a dia, per\u00f2 distint tamb\u00e9 del que la majoria de nosaltres tenim al cap quan pensem en \u201cun institut\u201d. S\u00f3n dies de nervis, de moviment, de corredisses, de moure mobles, de preparar i afinar documentaci\u00f3, de reimaginar l\u2019espai que ens acull cada dia\u2026 S\u00f3n dies tamb\u00e9 en qu\u00e8 l\u2019autonomia i la necessitat de treballar amb altres emergeix d\u2019una manera especial. En aquest context m\u00e9s obert, hi ha qui es mou amb una capacitat que meravella, mentre que hi ha altres a qui els hi costa m\u00e9s. Per\u00f2 sigui com sigui, no fem les coses per confirmar que les sabem fer ja, sin\u00f3 per aprendre a fer-les.<\/p>\n<p>Les exhibicions p\u00fabliques s\u00f3n una ocasi\u00f3 per compartir el nostre aprenentatge amb altres, per enorgullint-nos del que hem fet, per sentir que el que aprenen, \u00e9s important. S\u00f3n tamb\u00e9 una celebraci\u00f3 i una festa. I tot i que no aprenem per exhibir, si mostrem i compartim el que aprenem \u00e9s perqu\u00e8 considerem que \u00e9s un pretext meravell\u00f3s i necessari per aprendre. No aprenem per exhibir, sin\u00f3 que exhibim per aprendre.<\/p>\n<p>Les exhibicions, per\u00f2 s\u00f3n sols el final d\u2019un trajecte que ve de lluny molt. Al darrere hi ha tres mesos de treball, deu hores setmanals intentant entomar junts un repte, un problema, una pregunta, una creaci\u00f3, un servei\u2026 que no es pugui resoldre sense aprendre. Tres mesos tamb\u00e9 de recerques, de descobrir una mica m\u00e9s el m\u00f3n, de sessions de cr\u00edtica i revisi\u00f3, d\u2019escriure i reescriure, de contactar amb experts\/es, de fer-se preguntes complexes, c\u00e0lculs, de crear i recrear, de fer entrevistes, de treballar amb altres i de parlar de manera honesta, amable i concreta de qu\u00e8 podem fer millor. Mesos tamb\u00e9 per entendre una mica m\u00e9s els enigmes del m\u00f3n i de l\u2019univers, i crear a partir d\u2019ells.<\/p>\n<p>Aquests \u00faltims anys els projectes i els aprenentatges han guanyat en qualitat i, com a conseq\u00fc\u00e8ncia, tamb\u00e9 en durada. Volem, cada cop m\u00e9s, oferir als nois i a les noies experi\u00e8ncies d\u2019aprenentatge significatives i profundes que els permetin viure que aprendre \u00e9s important, que no sempre \u00e9s f\u00e0cil, i a vegades, fins i tot pot arribar a ser fascinant. Volem tamb\u00e9 que aquestes experi\u00e8ncies siguin cada cop m\u00e9s aut\u00e8ntiques: que escriure un llibre, fer una recerca cient\u00edfica, preparar una exposici\u00f3 sobre una problem\u00e0tica social o rodar una pel\u00b7l\u00edcula, s\u2019assembli el m\u00e0xim possible al qu\u00e8 passa m\u00e9s enll\u00e0 de les parets de l\u2019escola. I ho volem no sols perqu\u00e8 coneguin una mica m\u00e9s el m\u00f3n en qu\u00e8 hauran de moure\u2019s com adults, sin\u00f3 perqu\u00e8 prenguin consci\u00e8ncia tamb\u00e9 que tenen la capacitat de transformar-lo, de fer-lo millor, de fer-nos millors a tots.<\/p>\n<p>Per aix\u00f2, quan et passegis per les aules i passadissos de Les Vinyes durant les exhibicions p\u00fabliques i vegis als nois i les noies mostrant les seves creacions, les seves recerques, els seus relats, les seves obres teatrals, i en definitiva la bellesa i la profunditat que s\u00f3n capa\u00e7os de crear, no oblidis que el realment important no \u00e9s el que est\u00e0s veient, sin\u00f3 tot el que ens ha portat fins aqu\u00ed.<\/p>\n<p>El que realment importa s\u00f3n tots i cadascun dels dies d\u2019abans.<\/p>\n<p>Desitgem de tot cor que et gaudeixis la visita.<\/p>\n<p><em>Aquest text \u00e9s l\u2019editorial del programa de m\u00e0 de l&#8217;<strong>exhibici\u00f3 p\u00fablica<\/strong> dels projectes de secund\u00e0ria del 2n trimestre del curs 2022-23. <a href=\"https:\/\/www.slideshare.net\/ielesvinyes\/exhibici-pblica-programa-de-m-2223-2t\" target=\"_blank\" rel=\"noopener\">https:\/\/www.slideshare.net\/ielesvinyes\/exhibici-pblica-programa-de-m-2223-2t<\/a><br \/>\n<\/em><\/p>\n<p>&nbsp;<\/p>\n","protected":false},"excerpt":{"rendered":"<p>\u201cEstaria b\u00e9 que les fam\u00edlies veiessin tota la feina que hi ha darrere.\u201d Nadia R (14 anys) Si vens a Les Vinyes els dies previs a les exhibicions p\u00fabliques i et passeges per les aules i passadissos, veur\u00e0s potser a un grup de nois i noies envernissant unes fustes, comprovant si l\u2019equip de so funciona [&hellip;]<\/p>\n","protected":false},"author":6,"featured_media":7651,"comment_status":"open","ping_status":"closed","sticky":false,"template":"","format":"standard","meta":{"_bbp_topic_count":0,"_bbp_reply_count":0,"_bbp_total_topic_count":0,"_bbp_total_reply_count":0,"_bbp_voice_count":0,"_bbp_anonymous_reply_count":0,"_bbp_topic_count_hidden":0,"_bbp_reply_count_hidden":0,"_bbp_forum_subforum_count":0,"site-sidebar-layout":"default","site-content-layout":"","ast-site-content-layout":"","site-content-style":"default","site-sidebar-style":"default","ast-global-header-display":"","ast-banner-title-visibility":"","ast-main-header-display":"","ast-hfb-above-header-display":"","ast-hfb-below-header-display":"","ast-hfb-mobile-header-display":"","site-post-title":"","ast-breadcrumbs-content":"","ast-featured-img":"","footer-sml-layout":"","theme-transparent-header-meta":"","adv-header-id-meta":"","stick-header-meta":"","header-above-stick-meta":"","header-main-stick-meta":"","header-below-stick-meta":"","astra-migrate-meta-layouts":"default","ast-page-background-enabled":"default","ast-page-background-meta":{"desktop":{"background-color":"var(--ast-global-color-4)","background-image":"","background-repeat":"repeat","background-position":"center center","background-size":"auto","background-attachment":"scroll","background-type":"","background-media":"","overlay-type":"","overlay-color":"","overlay-opacity":"","overlay-gradient":""},"tablet":{"background-color":"","background-image":"","background-repeat":"repeat","background-position":"center center","background-size":"auto","background-attachment":"scroll","background-type":"","background-media":"","overlay-type":"","overlay-color":"","overlay-opacity":"","overlay-gradient":""},"mobile":{"background-color":"","background-image":"","background-repeat":"repeat","background-position":"center center","background-size":"auto","background-attachment":"scroll","background-type":"","background-media":"","overlay-type":"","overlay-color":"","overlay-opacity":"","overlay-gradient":""}},"ast-content-background-meta":{"desktop":{"background-color":"var(--ast-global-color-5)","background-image":"","background-repeat":"repeat","background-position":"center center","background-size":"auto","background-attachment":"scroll","background-type":"","background-media":"","overlay-type":"","overlay-color":"","overlay-opacity":"","overlay-gradient":""},"tablet":{"background-color":"var(--ast-global-color-5)","background-image":"","background-repeat":"repeat","background-position":"center center","background-size":"auto","background-attachment":"scroll","background-type":"","background-media":"","overlay-type":"","overlay-color":"","overlay-opacity":"","overlay-gradient":""},"mobile":{"background-color":"var(--ast-global-color-5)","background-image":"","background-repeat":"repeat","background-position":"center center","background-size":"auto","background-attachment":"scroll","background-type":"","background-media":"","overlay-type":"","overlay-color":"","overlay-opacity":"","overlay-gradient":""}},"footnotes":""},"categories":[524,539,547,530,29,548,301],"tags":[],"class_list":["post-7649","post","type-post","status-publish","format-standard","has-post-thumbnail","hentry","category-2022-23","category-2023-24","category-editorial","category-exhibicions-publiques","category-portada","category-programa-de-ma","category-secundaria"],"post_mailing_queue_ids":[],"_links":{"self":[{"href":"https:\/\/agora.xtec.cat\/ielesvinyes\/wp-json\/wp\/v2\/posts\/7649","targetHints":{"allow":["GET"]}}],"collection":[{"href":"https:\/\/agora.xtec.cat\/ielesvinyes\/wp-json\/wp\/v2\/posts"}],"about":[{"href":"https:\/\/agora.xtec.cat\/ielesvinyes\/wp-json\/wp\/v2\/types\/post"}],"author":[{"embeddable":true,"href":"https:\/\/agora.xtec.cat\/ielesvinyes\/wp-json\/wp\/v2\/users\/6"}],"replies":[{"embeddable":true,"href":"https:\/\/agora.xtec.cat\/ielesvinyes\/wp-json\/wp\/v2\/comments?post=7649"}],"version-history":[{"count":2,"href":"https:\/\/agora.xtec.cat\/ielesvinyes\/wp-json\/wp\/v2\/posts\/7649\/revisions"}],"predecessor-version":[{"id":8025,"href":"https:\/\/agora.xtec.cat\/ielesvinyes\/wp-json\/wp\/v2\/posts\/7649\/revisions\/8025"}],"wp:featuredmedia":[{"embeddable":true,"href":"https:\/\/agora.xtec.cat\/ielesvinyes\/wp-json\/wp\/v2\/media\/7651"}],"wp:attachment":[{"href":"https:\/\/agora.xtec.cat\/ielesvinyes\/wp-json\/wp\/v2\/media?parent=7649"}],"wp:term":[{"taxonomy":"category","embeddable":true,"href":"https:\/\/agora.xtec.cat\/ielesvinyes\/wp-json\/wp\/v2\/categories?post=7649"},{"taxonomy":"post_tag","embeddable":true,"href":"https:\/\/agora.xtec.cat\/ielesvinyes\/wp-json\/wp\/v2\/tags?post=7649"}],"curies":[{"name":"wp","href":"https:\/\/api.w.org\/{rel}","templated":true}]}}