{"id":7581,"date":"2023-03-03T11:34:43","date_gmt":"2023-03-03T10:34:43","guid":{"rendered":"https:\/\/agora.xtec.cat\/ielesvinyes\/?p=7581"},"modified":"2023-03-09T08:35:33","modified_gmt":"2023-03-09T07:35:33","slug":"preinscripcio-i-oferta-de-places-pel-curs-2023-24","status":"publish","type":"post","link":"https:\/\/agora.xtec.cat\/ielesvinyes\/general\/preinscripcio-i-oferta-de-places-pel-curs-2023-24\/","title":{"rendered":"Preinscripci\u00f3 i oferta de places pel curs 2023-24"},"content":{"rendered":"<p>Arriba el moment de triar centre educatiu per al proper curs, no \u00e9s tasca f\u00e0cil per\u00f2 us volem ajudar al m\u00e0xim. Trobareu els enlla\u00e7os a continuaci\u00f3.<\/p>\n<p>PREINSCRIPCI\u00d3 INFANTIL I PRIM\u00c0RIA: Del 6 al 20 de mar\u00e7 de forma telem\u00e0tica podeu fer preinscripci\u00f3 de forma telem\u00e0tica.<\/p>\n<p><a href=\"https:\/\/preinscripcio.gencat.cat\/ca\/estudis\/infantil-3-6\/inici\/\">Preinscripci\u00f3 3-6 anys\u00a0<\/a><\/p>\n<p><a href=\"https:\/\/preinscripcio.gencat.cat\/ca\/estudis\/primaria\/inici\/\">Preinscripci\u00f3 a prim\u00e0ria<\/a><\/p>\n<p>PREINSCRIPCI\u00d3 SECUND\u00c0RIA: Del 8 al 20 de mar\u00e7 de forma telem\u00e0tica podeu fer preinscripci\u00f3 de forma telem\u00e0tica.<\/p>\n<p><a href=\"https:\/\/preinscripcio.gencat.cat\/ca\/estudis\/eso\/inici\/\">Preinscripci\u00f3 secund\u00e0ria<\/a><\/p>\n<p>Tamb\u00e9 us publiquem l&#8217;oferta de places per al proper curs 2023-2024 <a href=\"https:\/\/agora.xtec.cat\/ielesvinyes\/wp-content\/uploads\/usu1433\/2023\/03\/OFERTA-INICIAL-DE-PLACES-_-CURS-2022-2023-2.pdf\">OFERTA INICIAL DE PLACES _ CURS 2022-2023 (2)<\/a><\/p>\n<p>Davant de qualsevol dubte podeu escriure&#8217;ns a preinscripcio@ielesvinyes.net<\/p>\n","protected":false},"excerpt":{"rendered":"<p>Arriba el moment de triar centre educatiu per al proper curs, no \u00e9s tasca f\u00e0cil per\u00f2 us volem ajudar al m\u00e0xim. Trobareu els enlla\u00e7os a continuaci\u00f3. PREINSCRIPCI\u00d3 INFANTIL I PRIM\u00c0RIA: Del 6 al 20 de mar\u00e7 de forma telem\u00e0tica podeu fer preinscripci\u00f3 de forma telem\u00e0tica. Preinscripci\u00f3 3-6 anys\u00a0 Preinscripci\u00f3 a prim\u00e0ria PREINSCRIPCI\u00d3 SECUND\u00c0RIA: Del 8 [&hellip;]<\/p>\n","protected":false},"author":6,"featured_media":6659,"comment_status":"open","ping_status":"closed","sticky":false,"template":"","format":"standard","meta":{"_bbp_topic_count":0,"_bbp_reply_count":0,"_bbp_total_topic_count":0,"_bbp_total_reply_count":0,"_bbp_voice_count":0,"_bbp_anonymous_reply_count":0,"_bbp_topic_count_hidden":0,"_bbp_reply_count_hidden":0,"_bbp_forum_subforum_count":0,"site-sidebar-layout":"default","site-content-layout":"","ast-site-content-layout":"","site-content-style":"default","site-sidebar-style":"default","ast-global-header-display":"","ast-banner-title-visibility":"","ast-main-header-display":"","ast-hfb-above-header-display":"","ast-hfb-below-header-display":"","ast-hfb-mobile-header-display":"","site-post-title":"","ast-breadcrumbs-content":"","ast-featured-img":"","footer-sml-layout":"","theme-transparent-header-meta":"","adv-header-id-meta":"","stick-header-meta":"","header-above-stick-meta":"","header-main-stick-meta":"","header-below-stick-meta":"","astra-migrate-meta-layouts":"default","ast-page-background-enabled":"default","ast-page-background-meta":{"desktop":{"background-color":"var(--ast-global-color-4)","background-image":"","background-repeat":"repeat","background-position":"center center","background-size":"auto","background-attachment":"scroll","background-type":"","background-media":"","overlay-type":"","overlay-color":"","overlay-opacity":"","overlay-gradient":""},"tablet":{"background-color":"","background-image":"","background-repeat":"repeat","background-position":"center center","background-size":"auto","background-attachment":"scroll","background-type":"","background-media":"","overlay-type":"","overlay-color":"","overlay-opacity":"","overlay-gradient":""},"mobile":{"background-color":"","background-image":"","background-repeat":"repeat","background-position":"center center","background-size":"auto","background-attachment":"scroll","background-type":"","background-media":"","overlay-type":"","overlay-color":"","overlay-opacity":"","overlay-gradient":""}},"ast-content-background-meta":{"desktop":{"background-color":"var(--ast-global-color-5)","background-image":"","background-repeat":"repeat","background-position":"center center","background-size":"auto","background-attachment":"scroll","background-type":"","background-media":"","overlay-type":"","overlay-color":"","overlay-opacity":"","overlay-gradient":""},"tablet":{"background-color":"var(--ast-global-color-5)","background-image":"","background-repeat":"repeat","background-position":"center center","background-size":"auto","background-attachment":"scroll","background-type":"","background-media":"","overlay-type":"","overlay-color":"","overlay-opacity":"","overlay-gradient":""},"mobile":{"background-color":"var(--ast-global-color-5)","background-image":"","background-repeat":"repeat","background-position":"center center","background-size":"auto","background-attachment":"scroll","background-type":"","background-media":"","overlay-type":"","overlay-color":"","overlay-opacity":"","overlay-gradient":""}},"footnotes":""},"categories":[524,1,100,29,473,301],"tags":[],"class_list":["post-7581","post","type-post","status-publish","format-standard","has-post-thumbnail","hentry","category-2022-23","category-general","category-infipri","category-portada","category-preinscripcio-matricula","category-secundaria"],"post_mailing_queue_ids":[],"_links":{"self":[{"href":"https:\/\/agora.xtec.cat\/ielesvinyes\/wp-json\/wp\/v2\/posts\/7581","targetHints":{"allow":["GET"]}}],"collection":[{"href":"https:\/\/agora.xtec.cat\/ielesvinyes\/wp-json\/wp\/v2\/posts"}],"about":[{"href":"https:\/\/agora.xtec.cat\/ielesvinyes\/wp-json\/wp\/v2\/types\/post"}],"author":[{"embeddable":true,"href":"https:\/\/agora.xtec.cat\/ielesvinyes\/wp-json\/wp\/v2\/users\/6"}],"replies":[{"embeddable":true,"href":"https:\/\/agora.xtec.cat\/ielesvinyes\/wp-json\/wp\/v2\/comments?post=7581"}],"version-history":[{"count":3,"href":"https:\/\/agora.xtec.cat\/ielesvinyes\/wp-json\/wp\/v2\/posts\/7581\/revisions"}],"predecessor-version":[{"id":7594,"href":"https:\/\/agora.xtec.cat\/ielesvinyes\/wp-json\/wp\/v2\/posts\/7581\/revisions\/7594"}],"wp:featuredmedia":[{"embeddable":true,"href":"https:\/\/agora.xtec.cat\/ielesvinyes\/wp-json\/wp\/v2\/media\/6659"}],"wp:attachment":[{"href":"https:\/\/agora.xtec.cat\/ielesvinyes\/wp-json\/wp\/v2\/media?parent=7581"}],"wp:term":[{"taxonomy":"category","embeddable":true,"href":"https:\/\/agora.xtec.cat\/ielesvinyes\/wp-json\/wp\/v2\/categories?post=7581"},{"taxonomy":"post_tag","embeddable":true,"href":"https:\/\/agora.xtec.cat\/ielesvinyes\/wp-json\/wp\/v2\/tags?post=7581"}],"curies":[{"name":"wp","href":"https:\/\/api.w.org\/{rel}","templated":true}]}}