{"id":7456,"date":"2022-09-29T08:25:55","date_gmt":"2022-09-29T06:25:55","guid":{"rendered":"https:\/\/agora.xtec.cat\/ielesvinyes\/?p=7456"},"modified":"2025-11-18T11:24:48","modified_gmt":"2025-11-18T10:24:48","slug":"camins-demografics","status":"publish","type":"post","link":"https:\/\/agora.xtec.cat\/ielesvinyes\/portada\/camins-demografics\/","title":{"rendered":"Camins demogr\u00e0fics"},"content":{"rendered":"<p>El darrer trimestre del curs 2021-22, en el marc del projecte <strong>Camins demogr\u00e0fics<\/strong> els alumnes de <strong>2n d\u2019ESO<\/strong> van estar treballant en la creaci\u00f3 d\u2019una revista digital especialitzada en processos migratoris.<\/p>\n<p>Vam comen\u00e7ar el projecte fent una primera aproximaci\u00f3 a conceptes demogr\u00e0fics i repassant grans moviments de poblaci\u00f3 per tot el planeta. Tamb\u00e9 vam tenir l\u2019oportunitat d\u2019escoltar relats en primera persona de persones que han migrat o que han assistit com a voluntaris en camps de refugiats, com la fotoperiodista M\u00f2nica Parra, els voluntaris i usuaris de Colors del M\u00f3n i del centre de primera assist\u00e8ncia Can Santoi.<\/p>\n<div id='gallery-1' class='gallery galleryid-7456 gallery-columns-2 gallery-size-large'><figure class='gallery-item'>\n\t\t\t<div class='gallery-icon landscape'>\n\t\t\t\t<a href='https:\/\/agora.xtec.cat\/ielesvinyes\/portada\/camins-demografics\/attachment\/1652774596782\/'><img loading=\"lazy\" decoding=\"async\" width=\"1024\" height=\"766\" src=\"https:\/\/agora.xtec.cat\/ielesvinyes\/wp-content\/uploads\/usu1433\/2022\/09\/1652774596782-1024x766.jpg\" class=\"attachment-large size-large\" alt=\"\" srcset=\"https:\/\/agora.xtec.cat\/ielesvinyes\/wp-content\/uploads\/usu1433\/2022\/09\/1652774596782-1024x766.jpg 1024w, https:\/\/agora.xtec.cat\/ielesvinyes\/wp-content\/uploads\/usu1433\/2022\/09\/1652774596782-300x225.jpg 300w, https:\/\/agora.xtec.cat\/ielesvinyes\/wp-content\/uploads\/usu1433\/2022\/09\/1652774596782-768x575.jpg 768w, https:\/\/agora.xtec.cat\/ielesvinyes\/wp-content\/uploads\/usu1433\/2022\/09\/1652774596782-1536x1149.jpg 1536w, https:\/\/agora.xtec.cat\/ielesvinyes\/wp-content\/uploads\/usu1433\/2022\/09\/1652774596782-200x150.jpg 200w, https:\/\/agora.xtec.cat\/ielesvinyes\/wp-content\/uploads\/usu1433\/2022\/09\/1652774596782.jpg 1800w\" sizes=\"auto, (max-width: 1024px) 100vw, 1024px\" \/><\/a>\n\t\t\t<\/div><\/figure><figure class='gallery-item'>\n\t\t\t<div class='gallery-icon landscape'>\n\t\t\t\t<a href='https:\/\/agora.xtec.cat\/ielesvinyes\/portada\/camins-demografics\/attachment\/1652774596775\/'><img loading=\"lazy\" decoding=\"async\" width=\"1024\" height=\"766\" src=\"https:\/\/agora.xtec.cat\/ielesvinyes\/wp-content\/uploads\/usu1433\/2022\/09\/1652774596775-1024x766.jpg\" class=\"attachment-large size-large\" alt=\"\" srcset=\"https:\/\/agora.xtec.cat\/ielesvinyes\/wp-content\/uploads\/usu1433\/2022\/09\/1652774596775-1024x766.jpg 1024w, https:\/\/agora.xtec.cat\/ielesvinyes\/wp-content\/uploads\/usu1433\/2022\/09\/1652774596775-300x225.jpg 300w, https:\/\/agora.xtec.cat\/ielesvinyes\/wp-content\/uploads\/usu1433\/2022\/09\/1652774596775-768x575.jpg 768w, https:\/\/agora.xtec.cat\/ielesvinyes\/wp-content\/uploads\/usu1433\/2022\/09\/1652774596775-1536x1149.jpg 1536w, https:\/\/agora.xtec.cat\/ielesvinyes\/wp-content\/uploads\/usu1433\/2022\/09\/1652774596775-200x150.jpg 200w, https:\/\/agora.xtec.cat\/ielesvinyes\/wp-content\/uploads\/usu1433\/2022\/09\/1652774596775.jpg 1800w\" sizes=\"auto, (max-width: 1024px) 100vw, 1024px\" \/><\/a>\n\t\t\t<\/div><\/figure>\n\t\t<\/div>\n\n<p>Aix\u00f2 ens va permetre assentar les bases pel repte que es proposava als alumnes: <strong>escriure un article d\u2019investigaci\u00f3<\/strong> que mir\u00e9s d\u2019aprofundir en un fenomen migratori concret, i acompanyar-lo d\u2019una entrevista amb una persona pogu\u00e9s parlar-ne, sigui com a testimoni o com a especialista.<\/p>\n<p>Tots aquests productes formen la <strong>Revista Digital<\/strong> (<a href=\"https:\/\/sites.google.com\/ielesvinyes.net\/revistacaminsdemografics-2122\/portada\" target=\"_blank\" rel=\"noopener\">https:\/\/sites.google.com\/ielesvinyes.net\/revistacaminsdemografics-2122\/portada<\/a>) que aqu\u00ed ara us compartim, juntament amb alguns dels materials que ells van fer servir per guiar la construcci\u00f3 de coneixement i la investigaci\u00f3. Els articles es poden consultar per temes o per classes. Els grups han generat p\u00e0gines webs diferents per penjar-hi cada producte, aix\u00ed que en la majoria dels casos en la p\u00e0gina de cada grup hi trobareu un \u00edndex que us dirigir\u00e0 a cada producte. Al final de cada p\u00e0gina podeu tornar a la p\u00e0gina principal de la revista.<\/p>\n<p><strong>Us convidem ferventment a rec\u00f3rrer els diferents espais web i llegir-ne els diferents articles i entrevistes<\/strong> i aprofitem per comentar-vos que hem creat un espai a la p\u00e0gina principal dedicat a fam\u00edlies, on hi descobrireu <strong>un formulari on podeu deixar comentaris, preguntes i propostes de millora en cas que ho considereu<\/strong>.<\/p>\n<p>Per a nosaltres vas ser un orgull i una satisfacci\u00f3 compartir aquestes investigacions amb els vostres fills i filles. Esperem que en gaudiu molt.<\/p>\n","protected":false},"excerpt":{"rendered":"<p>El darrer trimestre del curs 2021-22, en el marc del projecte Camins demogr\u00e0fics els alumnes de 2n d\u2019ESO van estar treballant en la creaci\u00f3 d\u2019una revista digital especialitzada en processos migratoris. Vam comen\u00e7ar el projecte fent una primera aproximaci\u00f3 a conceptes demogr\u00e0fics i repassant grans moviments de poblaci\u00f3 per tot el planeta. Tamb\u00e9 vam tenir [&hellip;]<\/p>\n","protected":false},"author":6,"featured_media":7457,"comment_status":"open","ping_status":"closed","sticky":false,"template":"","format":"standard","meta":{"_bbp_topic_count":0,"_bbp_reply_count":0,"_bbp_total_topic_count":0,"_bbp_total_reply_count":0,"_bbp_voice_count":0,"_bbp_anonymous_reply_count":0,"_bbp_topic_count_hidden":0,"_bbp_reply_count_hidden":0,"_bbp_forum_subforum_count":0,"site-sidebar-layout":"default","site-content-layout":"","ast-site-content-layout":"","site-content-style":"default","site-sidebar-style":"default","ast-global-header-display":"","ast-banner-title-visibility":"","ast-main-header-display":"","ast-hfb-above-header-display":"","ast-hfb-below-header-display":"","ast-hfb-mobile-header-display":"","site-post-title":"","ast-breadcrumbs-content":"","ast-featured-img":"","footer-sml-layout":"","theme-transparent-header-meta":"","adv-header-id-meta":"","stick-header-meta":"","header-above-stick-meta":"","header-main-stick-meta":"","header-below-stick-meta":"","astra-migrate-meta-layouts":"default","ast-page-background-enabled":"default","ast-page-background-meta":{"desktop":{"background-color":"var(--ast-global-color-4)","background-image":"","background-repeat":"repeat","background-position":"center center","background-size":"auto","background-attachment":"scroll","background-type":"","background-media":"","overlay-type":"","overlay-color":"","overlay-opacity":"","overlay-gradient":""},"tablet":{"background-color":"","background-image":"","background-repeat":"repeat","background-position":"center center","background-size":"auto","background-attachment":"scroll","background-type":"","background-media":"","overlay-type":"","overlay-color":"","overlay-opacity":"","overlay-gradient":""},"mobile":{"background-color":"","background-image":"","background-repeat":"repeat","background-position":"center center","background-size":"auto","background-attachment":"scroll","background-type":"","background-media":"","overlay-type":"","overlay-color":"","overlay-opacity":"","overlay-gradient":""}},"ast-content-background-meta":{"desktop":{"background-color":"var(--ast-global-color-5)","background-image":"","background-repeat":"repeat","background-position":"center center","background-size":"auto","background-attachment":"scroll","background-type":"","background-media":"","overlay-type":"","overlay-color":"","overlay-opacity":"","overlay-gradient":""},"tablet":{"background-color":"var(--ast-global-color-5)","background-image":"","background-repeat":"repeat","background-position":"center center","background-size":"auto","background-attachment":"scroll","background-type":"","background-media":"","overlay-type":"","overlay-color":"","overlay-opacity":"","overlay-gradient":""},"mobile":{"background-color":"var(--ast-global-color-5)","background-image":"","background-repeat":"repeat","background-position":"center center","background-size":"auto","background-attachment":"scroll","background-type":"","background-media":"","overlay-type":"","overlay-color":"","overlay-opacity":"","overlay-gradient":""}},"footnotes":""},"categories":[516,29,105,527,301],"tags":[],"class_list":["post-7456","post","type-post","status-publish","format-standard","has-post-thumbnail","hentry","category-2021-22","category-portada","category-projectes","category-sae","category-secundaria"],"post_mailing_queue_ids":[],"_links":{"self":[{"href":"https:\/\/agora.xtec.cat\/ielesvinyes\/wp-json\/wp\/v2\/posts\/7456","targetHints":{"allow":["GET"]}}],"collection":[{"href":"https:\/\/agora.xtec.cat\/ielesvinyes\/wp-json\/wp\/v2\/posts"}],"about":[{"href":"https:\/\/agora.xtec.cat\/ielesvinyes\/wp-json\/wp\/v2\/types\/post"}],"author":[{"embeddable":true,"href":"https:\/\/agora.xtec.cat\/ielesvinyes\/wp-json\/wp\/v2\/users\/6"}],"replies":[{"embeddable":true,"href":"https:\/\/agora.xtec.cat\/ielesvinyes\/wp-json\/wp\/v2\/comments?post=7456"}],"version-history":[{"count":3,"href":"https:\/\/agora.xtec.cat\/ielesvinyes\/wp-json\/wp\/v2\/posts\/7456\/revisions"}],"predecessor-version":[{"id":7461,"href":"https:\/\/agora.xtec.cat\/ielesvinyes\/wp-json\/wp\/v2\/posts\/7456\/revisions\/7461"}],"wp:featuredmedia":[{"embeddable":true,"href":"https:\/\/agora.xtec.cat\/ielesvinyes\/wp-json\/wp\/v2\/media\/7457"}],"wp:attachment":[{"href":"https:\/\/agora.xtec.cat\/ielesvinyes\/wp-json\/wp\/v2\/media?parent=7456"}],"wp:term":[{"taxonomy":"category","embeddable":true,"href":"https:\/\/agora.xtec.cat\/ielesvinyes\/wp-json\/wp\/v2\/categories?post=7456"},{"taxonomy":"post_tag","embeddable":true,"href":"https:\/\/agora.xtec.cat\/ielesvinyes\/wp-json\/wp\/v2\/tags?post=7456"}],"curies":[{"name":"wp","href":"https:\/\/api.w.org\/{rel}","templated":true}]}}