{"id":7189,"date":"2022-02-22T12:51:49","date_gmt":"2022-02-22T11:51:49","guid":{"rendered":"https:\/\/agora.xtec.cat\/ielesvinyes\/?p=7189"},"modified":"2025-11-18T11:25:59","modified_gmt":"2025-11-18T10:25:59","slug":"descobreix-nos","status":"publish","type":"post","link":"https:\/\/agora.xtec.cat\/ielesvinyes\/portada\/descobreix-nos\/","title":{"rendered":"PORTES OBERTES. DESCOBREIX-NOS!"},"content":{"rendered":"<p>L&#8217;<strong>Institut-Escola Les Vinyes<\/strong> obre les portes a totes aquelles fam\u00edlies que vulguin con\u00e8ixer de prop el nostre projecte educatiu. Un <strong>projecte Educatiu<\/strong> singular fonamentat en els principis de l&#8217;aprenentatge.<\/p>\n<h3 style=\"text-align: center;\"><span style=\"color: #800080;\"><strong>Visita&#8217;ns el dimarts 1 o dijous 3 de mar\u00e7 de 17 a 19 h o el dissabte 5 de mar\u00e7 de 10 a 13 h\u00a0<\/strong><\/span><\/h3>\n<p>Les visites s\u00f3n totes <strong>presencials en grups redu\u00efts de 15 persones per torn<\/strong>.\u00a0Per a aquest motiu, per assistir cal que demaneu<strong> cita pr\u00e8via<\/strong> als seg\u00fcents enlla\u00e7os.<\/p>\n<p style=\"padding-left: 40px;\"><a href=\"https:\/\/aplicacions.gestioeducativa.gencat.cat\/pls\/apex\/f?p=CITA_PREVIA:4::::4:P4_TIPUS_CALENDARI,P4_DOMINI:01_JPO_O,08067594\">CITA PR\u00c8VIA INFANTIL I PRIM\u00c0RIA<\/a> &#8211; <em>m\u00e0xim 2 persones per nucli familiar i sense infants.<\/em><\/p>\n<p style=\"padding-left: 40px;\"><a href=\"https:\/\/aplicacions.gestioeducativa.gencat.cat\/pls\/apex\/f?p=CITA_PREVIA:4::::4:P4_TIPUS_CALENDARI,P4_DOMINI:01_JPO_P,08067594\">CITA PR\u00c8VIA EDUCACI\u00d3 SECUND\u00c0RIA<\/a> &#8211; <em>m\u00e0xim 3 persones per nucli familiar<\/em><\/p>\n<p><strong>Les inscripcions s\u00f3n individuals<\/strong>, una per cada persona que assisteixi. Si teniu alguna dificultat truqueu al centre (937722488). Un cop inscrits, si per algun motiu no podeu assistir, us preguem que aviseu per deixar espai lliure a altres fam\u00edlies.<\/p>\n<p><strong>ATENCI\u00d3.<\/strong> <span style=\"color: #ff0000;\"><strong>Aquesta jornada \u00e9s exclusiva per a fam\u00edlies. <\/strong><\/span>Us agra\u00efm l&#8217;inter\u00e8s, per\u00f2 si us plau, en aquestes dates<strong> absteniu-vos altres col\u00b7lectius.<\/strong><\/p>\n<p><iframe loading=\"lazy\" title=\"YouTube video player\" src=\"https:\/\/www.youtube.com\/embed\/uwKz0gOzeSk\" width=\"560\" height=\"315\" frameborder=\"0\" allowfullscreen=\"allowfullscreen\"><\/iframe><\/p>\n","protected":false},"excerpt":{"rendered":"<p>L&#8217;Institut-Escola Les Vinyes obre les portes a totes aquelles fam\u00edlies que vulguin con\u00e8ixer de prop el nostre projecte educatiu. Un projecte Educatiu singular fonamentat en els principis de l&#8217;aprenentatge. Visita&#8217;ns el dimarts 1 o dijous 3 de mar\u00e7 de 17 a 19 h o el dissabte 5 de mar\u00e7 de 10 a 13 h\u00a0 Les [&hellip;]<\/p>\n","protected":false},"author":6,"featured_media":7190,"comment_status":"open","ping_status":"closed","sticky":false,"template":"","format":"standard","meta":{"_bbp_topic_count":0,"_bbp_reply_count":0,"_bbp_total_topic_count":0,"_bbp_total_reply_count":0,"_bbp_voice_count":0,"_bbp_anonymous_reply_count":0,"_bbp_topic_count_hidden":0,"_bbp_reply_count_hidden":0,"_bbp_forum_subforum_count":0,"site-sidebar-layout":"default","site-content-layout":"","ast-site-content-layout":"","site-content-style":"default","site-sidebar-style":"default","ast-global-header-display":"","ast-banner-title-visibility":"","ast-main-header-display":"","ast-hfb-above-header-display":"","ast-hfb-below-header-display":"","ast-hfb-mobile-header-display":"","site-post-title":"","ast-breadcrumbs-content":"","ast-featured-img":"","footer-sml-layout":"","theme-transparent-header-meta":"","adv-header-id-meta":"","stick-header-meta":"","header-above-stick-meta":"","header-main-stick-meta":"","header-below-stick-meta":"","astra-migrate-meta-layouts":"default","ast-page-background-enabled":"default","ast-page-background-meta":{"desktop":{"background-color":"var(--ast-global-color-4)","background-image":"","background-repeat":"repeat","background-position":"center center","background-size":"auto","background-attachment":"scroll","background-type":"","background-media":"","overlay-type":"","overlay-color":"","overlay-opacity":"","overlay-gradient":""},"tablet":{"background-color":"","background-image":"","background-repeat":"repeat","background-position":"center center","background-size":"auto","background-attachment":"scroll","background-type":"","background-media":"","overlay-type":"","overlay-color":"","overlay-opacity":"","overlay-gradient":""},"mobile":{"background-color":"","background-image":"","background-repeat":"repeat","background-position":"center center","background-size":"auto","background-attachment":"scroll","background-type":"","background-media":"","overlay-type":"","overlay-color":"","overlay-opacity":"","overlay-gradient":""}},"ast-content-background-meta":{"desktop":{"background-color":"var(--ast-global-color-5)","background-image":"","background-repeat":"repeat","background-position":"center center","background-size":"auto","background-attachment":"scroll","background-type":"","background-media":"","overlay-type":"","overlay-color":"","overlay-opacity":"","overlay-gradient":""},"tablet":{"background-color":"var(--ast-global-color-5)","background-image":"","background-repeat":"repeat","background-position":"center center","background-size":"auto","background-attachment":"scroll","background-type":"","background-media":"","overlay-type":"","overlay-color":"","overlay-opacity":"","overlay-gradient":""},"mobile":{"background-color":"var(--ast-global-color-5)","background-image":"","background-repeat":"repeat","background-position":"center center","background-size":"auto","background-attachment":"scroll","background-type":"","background-media":"","overlay-type":"","overlay-color":"","overlay-opacity":"","overlay-gradient":""}},"footnotes":""},"categories":[516,100,29,473,375,301],"tags":[],"class_list":["post-7189","post","type-post","status-publish","format-standard","has-post-thumbnail","hentry","category-2021-22","category-infipri","category-portada","category-preinscripcio-matricula","category-projecte-educatiu","category-secundaria"],"post_mailing_queue_ids":[],"_links":{"self":[{"href":"https:\/\/agora.xtec.cat\/ielesvinyes\/wp-json\/wp\/v2\/posts\/7189","targetHints":{"allow":["GET"]}}],"collection":[{"href":"https:\/\/agora.xtec.cat\/ielesvinyes\/wp-json\/wp\/v2\/posts"}],"about":[{"href":"https:\/\/agora.xtec.cat\/ielesvinyes\/wp-json\/wp\/v2\/types\/post"}],"author":[{"embeddable":true,"href":"https:\/\/agora.xtec.cat\/ielesvinyes\/wp-json\/wp\/v2\/users\/6"}],"replies":[{"embeddable":true,"href":"https:\/\/agora.xtec.cat\/ielesvinyes\/wp-json\/wp\/v2\/comments?post=7189"}],"version-history":[{"count":4,"href":"https:\/\/agora.xtec.cat\/ielesvinyes\/wp-json\/wp\/v2\/posts\/7189\/revisions"}],"predecessor-version":[{"id":7225,"href":"https:\/\/agora.xtec.cat\/ielesvinyes\/wp-json\/wp\/v2\/posts\/7189\/revisions\/7225"}],"wp:featuredmedia":[{"embeddable":true,"href":"https:\/\/agora.xtec.cat\/ielesvinyes\/wp-json\/wp\/v2\/media\/7190"}],"wp:attachment":[{"href":"https:\/\/agora.xtec.cat\/ielesvinyes\/wp-json\/wp\/v2\/media?parent=7189"}],"wp:term":[{"taxonomy":"category","embeddable":true,"href":"https:\/\/agora.xtec.cat\/ielesvinyes\/wp-json\/wp\/v2\/categories?post=7189"},{"taxonomy":"post_tag","embeddable":true,"href":"https:\/\/agora.xtec.cat\/ielesvinyes\/wp-json\/wp\/v2\/tags?post=7189"}],"curies":[{"name":"wp","href":"https:\/\/api.w.org\/{rel}","templated":true}]}}