{"id":7178,"date":"2021-11-08T10:52:15","date_gmt":"2021-11-08T09:52:15","guid":{"rendered":"https:\/\/agora.xtec.cat\/ielesvinyes\/?p=7178"},"modified":"2025-11-18T11:26:53","modified_gmt":"2025-11-18T10:26:53","slug":"som-centre-erasmus","status":"publish","type":"post","link":"https:\/\/agora.xtec.cat\/ielesvinyes\/general\/som-centre-erasmus\/","title":{"rendered":"Som centre Erasmus+"},"content":{"rendered":"<p>Aquest curs, el Laboratori de Transformaci\u00f3 educativa, participa en el programa de l\u2019ERASMUS+ del Departament d\u2019Educaci\u00f3.<br \/>\nAquest programa est\u00e0 organitzat en forma de consorci sota el nom de CETE+ (Consorci Europeu per a la Transformaci\u00f3 Educativa), on hi participen 14 serveis del departament en format de micro-consorcis. En total s\u00f3n 88 centres educatius que participen en aquesta iniciativa, dels quals 7 formen part del <a href=\"https:\/\/projectes.xtec.cat\/transformacioenxarxa\/consorci-ka120-escolar-erasmus-2021-2027\/\">MATE (Micro-consorci d\u2019Acceleraci\u00f3 per a la Transformaci\u00f3 Educativa)<\/a>, entre ells l&#8217;Institut-Escola Les Vinyes.<\/p>\n<p>El pla Erasmus+ \u00e9s un pla de millora de la instituci\u00f3 (organitzaci\u00f3, professorat, alumnat) a trav\u00e9s de les oportunitats de les modalitats de mobilitat i intercanvi que ofereix l\u2019Erasmus+: shadowing (visita en centre), cursos i xarxes de transfer\u00e8ncia entre els centres participants al Consorci CETE+.<\/p>\n<p>Des de l&#8217;Institut-Escola Les Vinyes volem aprofitar aquesta oportunitat per con\u00e8ixer altres vessants pedag\u00f2giques que es porten a terme a Europa, poder-les veure i viure-les de prop per tal de poder seguir innovant en el nostre model educatiu ja que l&#8217;Educaci\u00f3 igual com la Societat, van canviant.<\/p>\n","protected":false},"excerpt":{"rendered":"<p>Aquest curs, el Laboratori de Transformaci\u00f3 educativa, participa en el programa de l\u2019ERASMUS+ del Departament d\u2019Educaci\u00f3. Aquest programa est\u00e0 organitzat en forma de consorci sota el nom de CETE+ (Consorci Europeu per a la Transformaci\u00f3 Educativa), on hi participen 14 serveis del departament en format de micro-consorcis. En total s\u00f3n 88 centres educatius que participen [&hellip;]<\/p>\n","protected":false},"author":6,"featured_media":7179,"comment_status":"open","ping_status":"closed","sticky":false,"template":"","format":"standard","meta":{"_bbp_topic_count":0,"_bbp_reply_count":0,"_bbp_total_topic_count":0,"_bbp_total_reply_count":0,"_bbp_voice_count":0,"_bbp_anonymous_reply_count":0,"_bbp_topic_count_hidden":0,"_bbp_reply_count_hidden":0,"_bbp_forum_subforum_count":0,"site-sidebar-layout":"default","site-content-layout":"","ast-site-content-layout":"","site-content-style":"default","site-sidebar-style":"default","ast-global-header-display":"","ast-banner-title-visibility":"","ast-main-header-display":"","ast-hfb-above-header-display":"","ast-hfb-below-header-display":"","ast-hfb-mobile-header-display":"","site-post-title":"","ast-breadcrumbs-content":"","ast-featured-img":"","footer-sml-layout":"","theme-transparent-header-meta":"","adv-header-id-meta":"","stick-header-meta":"","header-above-stick-meta":"","header-main-stick-meta":"","header-below-stick-meta":"","astra-migrate-meta-layouts":"default","ast-page-background-enabled":"default","ast-page-background-meta":{"desktop":{"background-color":"var(--ast-global-color-4)","background-image":"","background-repeat":"repeat","background-position":"center center","background-size":"auto","background-attachment":"scroll","background-type":"","background-media":"","overlay-type":"","overlay-color":"","overlay-opacity":"","overlay-gradient":""},"tablet":{"background-color":"","background-image":"","background-repeat":"repeat","background-position":"center center","background-size":"auto","background-attachment":"scroll","background-type":"","background-media":"","overlay-type":"","overlay-color":"","overlay-opacity":"","overlay-gradient":""},"mobile":{"background-color":"","background-image":"","background-repeat":"repeat","background-position":"center center","background-size":"auto","background-attachment":"scroll","background-type":"","background-media":"","overlay-type":"","overlay-color":"","overlay-opacity":"","overlay-gradient":""}},"ast-content-background-meta":{"desktop":{"background-color":"var(--ast-global-color-5)","background-image":"","background-repeat":"repeat","background-position":"center center","background-size":"auto","background-attachment":"scroll","background-type":"","background-media":"","overlay-type":"","overlay-color":"","overlay-opacity":"","overlay-gradient":""},"tablet":{"background-color":"var(--ast-global-color-5)","background-image":"","background-repeat":"repeat","background-position":"center center","background-size":"auto","background-attachment":"scroll","background-type":"","background-media":"","overlay-type":"","overlay-color":"","overlay-opacity":"","overlay-gradient":""},"mobile":{"background-color":"var(--ast-global-color-5)","background-image":"","background-repeat":"repeat","background-position":"center center","background-size":"auto","background-attachment":"scroll","background-type":"","background-media":"","overlay-type":"","overlay-color":"","overlay-opacity":"","overlay-gradient":""}},"footnotes":""},"categories":[516,1,100,29,301],"tags":[549],"class_list":["post-7178","post","type-post","status-publish","format-standard","has-post-thumbnail","hentry","category-2021-22","category-general","category-infipri","category-portada","category-secundaria","tag-erasmus"],"post_mailing_queue_ids":[],"_links":{"self":[{"href":"https:\/\/agora.xtec.cat\/ielesvinyes\/wp-json\/wp\/v2\/posts\/7178","targetHints":{"allow":["GET"]}}],"collection":[{"href":"https:\/\/agora.xtec.cat\/ielesvinyes\/wp-json\/wp\/v2\/posts"}],"about":[{"href":"https:\/\/agora.xtec.cat\/ielesvinyes\/wp-json\/wp\/v2\/types\/post"}],"author":[{"embeddable":true,"href":"https:\/\/agora.xtec.cat\/ielesvinyes\/wp-json\/wp\/v2\/users\/6"}],"replies":[{"embeddable":true,"href":"https:\/\/agora.xtec.cat\/ielesvinyes\/wp-json\/wp\/v2\/comments?post=7178"}],"version-history":[{"count":1,"href":"https:\/\/agora.xtec.cat\/ielesvinyes\/wp-json\/wp\/v2\/posts\/7178\/revisions"}],"predecessor-version":[{"id":7180,"href":"https:\/\/agora.xtec.cat\/ielesvinyes\/wp-json\/wp\/v2\/posts\/7178\/revisions\/7180"}],"wp:featuredmedia":[{"embeddable":true,"href":"https:\/\/agora.xtec.cat\/ielesvinyes\/wp-json\/wp\/v2\/media\/7179"}],"wp:attachment":[{"href":"https:\/\/agora.xtec.cat\/ielesvinyes\/wp-json\/wp\/v2\/media?parent=7178"}],"wp:term":[{"taxonomy":"category","embeddable":true,"href":"https:\/\/agora.xtec.cat\/ielesvinyes\/wp-json\/wp\/v2\/categories?post=7178"},{"taxonomy":"post_tag","embeddable":true,"href":"https:\/\/agora.xtec.cat\/ielesvinyes\/wp-json\/wp\/v2\/tags?post=7178"}],"curies":[{"name":"wp","href":"https:\/\/api.w.org\/{rel}","templated":true}]}}