{"id":7117,"date":"2021-11-14T17:10:44","date_gmt":"2021-11-14T16:10:44","guid":{"rendered":"https:\/\/agora.xtec.cat\/ielesvinyes\/?p=7117"},"modified":"2025-11-18T11:26:25","modified_gmt":"2025-11-18T10:26:25","slug":"acte-dagraiment-al-projecte-stratos","status":"publish","type":"post","link":"https:\/\/agora.xtec.cat\/ielesvinyes\/portada\/acte-dagraiment-al-projecte-stratos\/","title":{"rendered":"Acte d&#8217;agra\u00efment al projecte Stratos"},"content":{"rendered":"<div id='gallery-1' class='gallery galleryid-7117 gallery-columns-3 gallery-size-large'><figure class='gallery-item'>\n\t\t\t<div class='gallery-icon landscape'>\n\t\t\t\t<a href='https:\/\/agora.xtec.cat\/ielesvinyes\/portada\/acte-dagraiment-al-projecte-stratos\/attachment\/01_petita\/'><img loading=\"lazy\" decoding=\"async\" width=\"800\" height=\"600\" src=\"https:\/\/agora.xtec.cat\/ielesvinyes\/wp-content\/uploads\/usu1433\/2021\/11\/01_PETITA.jpg\" class=\"attachment-large size-large\" alt=\"\" srcset=\"https:\/\/agora.xtec.cat\/ielesvinyes\/wp-content\/uploads\/usu1433\/2021\/11\/01_PETITA.jpg 800w, https:\/\/agora.xtec.cat\/ielesvinyes\/wp-content\/uploads\/usu1433\/2021\/11\/01_PETITA-300x225.jpg 300w, https:\/\/agora.xtec.cat\/ielesvinyes\/wp-content\/uploads\/usu1433\/2021\/11\/01_PETITA-768x576.jpg 768w, https:\/\/agora.xtec.cat\/ielesvinyes\/wp-content\/uploads\/usu1433\/2021\/11\/01_PETITA-200x150.jpg 200w\" sizes=\"auto, (max-width: 800px) 100vw, 800px\" \/><\/a>\n\t\t\t<\/div><\/figure><figure class='gallery-item'>\n\t\t\t<div class='gallery-icon landscape'>\n\t\t\t\t<a href='https:\/\/agora.xtec.cat\/ielesvinyes\/portada\/acte-dagraiment-al-projecte-stratos\/attachment\/02_petita\/'><img loading=\"lazy\" decoding=\"async\" width=\"800\" height=\"600\" src=\"https:\/\/agora.xtec.cat\/ielesvinyes\/wp-content\/uploads\/usu1433\/2021\/11\/02_PETITA.jpg\" class=\"attachment-large size-large\" alt=\"\" srcset=\"https:\/\/agora.xtec.cat\/ielesvinyes\/wp-content\/uploads\/usu1433\/2021\/11\/02_PETITA.jpg 800w, https:\/\/agora.xtec.cat\/ielesvinyes\/wp-content\/uploads\/usu1433\/2021\/11\/02_PETITA-300x225.jpg 300w, https:\/\/agora.xtec.cat\/ielesvinyes\/wp-content\/uploads\/usu1433\/2021\/11\/02_PETITA-768x576.jpg 768w, https:\/\/agora.xtec.cat\/ielesvinyes\/wp-content\/uploads\/usu1433\/2021\/11\/02_PETITA-200x150.jpg 200w\" sizes=\"auto, (max-width: 800px) 100vw, 800px\" \/><\/a>\n\t\t\t<\/div><\/figure><figure class='gallery-item'>\n\t\t\t<div class='gallery-icon landscape'>\n\t\t\t\t<a href='https:\/\/agora.xtec.cat\/ielesvinyes\/portada\/acte-dagraiment-al-projecte-stratos\/attachment\/06_petita\/'><img loading=\"lazy\" decoding=\"async\" width=\"800\" height=\"600\" src=\"https:\/\/agora.xtec.cat\/ielesvinyes\/wp-content\/uploads\/usu1433\/2021\/11\/06_PETITA.jpg\" class=\"attachment-large size-large\" alt=\"\" srcset=\"https:\/\/agora.xtec.cat\/ielesvinyes\/wp-content\/uploads\/usu1433\/2021\/11\/06_PETITA.jpg 800w, https:\/\/agora.xtec.cat\/ielesvinyes\/wp-content\/uploads\/usu1433\/2021\/11\/06_PETITA-300x225.jpg 300w, https:\/\/agora.xtec.cat\/ielesvinyes\/wp-content\/uploads\/usu1433\/2021\/11\/06_PETITA-768x576.jpg 768w, https:\/\/agora.xtec.cat\/ielesvinyes\/wp-content\/uploads\/usu1433\/2021\/11\/06_PETITA-200x150.jpg 200w\" sizes=\"auto, (max-width: 800px) 100vw, 800px\" \/><\/a>\n\t\t\t<\/div><\/figure>\n\t\t<\/div>\n\n<p>El curs passat un grup de nois i noies de 3r d&#8217;ESO van endegar un projecte personal molt ambici\u00f3s: volien llen\u00e7ar una sonda a l&#8217;estratosfera i aconseguir una foto de la terra. Aix\u00ed naixia <b>Stratos, <\/b><span style=\"font-weight: 400;\">un projecte d\u2019una enorme complexitat totalment gestionat per ells i elles. Durant tot el curs van treballar de valent per aconseguir-ho: van planificar t\u00e8cnicament, van fer difusi\u00f3 de la iniciativa, van treballar amb persones expertes, van organitzar i aconseguir el finan\u00e7ament, i nosaltres vam tenir la sort de poder mirar-los de prop.\u00a0<\/span><\/p>\n<p>Ara Jaume, Agustin, \u00c0lex, Alba, Alejandro, Aran, Hanna i Gerard ja estan a 4t, i des de Les Vinyes els volem agrair la seva capacitat de tirar endavant un projecte tan complex i que ens reafirma en el convenciment que l\u2019aprenentatge dels nois i les noies pot arribar molt lluny. Els \u201cStratos\u201d volien arribar a l\u2019espai, i amb el seu gest ens han eixamplat l\u2019horitz\u00f3 i la mirada tamb\u00e9 a nosaltres.<\/p>\n<p>Per aix\u00f2 el proper <b>dijous 18 de novembre<\/b><span style=\"font-weight: 400;\"> a les 18 h, tindr\u00e0 lloc un <\/span><b>acte p\u00fablic d\u2019agra\u00efment en el que els propis protagonistes<\/b><span style=\"font-weight: 400;\"> ens explicaran el projecte i com han viscut el proc\u00e9s en primera persona, ens compartiran les seves reflexions i ens posaran al corrent dels seus propers projectes.<\/span><\/p>\n<p>Es tracta d&#8217;un acte obert a tothom, que creiem que <b>pot interessar especialment a joves i adults a qui agradi l&#8217;espai i la tecnologia, i tamb\u00e9 a persones que vulguin saber com endegar projectes personals<\/b><span style=\"font-weight: 400;\">.<\/span><\/p>\n<p>Per tal de preveure l&#8217;aforament <strong>cal que us inscriviu pr\u00e8viament<\/strong> en aquest\u00a0 enlla\u00e7: <a href=\"https:\/\/docs.google.com\/forms\/d\/e\/1FAIpQLSdjyIFRT3sHy6PfFGkT1xRAQCOO0NkQ5QHYklEljfDO70fArw\/viewform\" target=\"_blank\" rel=\"noopener\">https:\/\/docs.google.com\/forms\/d\/e\/1FAIpQLSdjyIFRT3sHy6PfFGkT1xRAQCOO0NkQ5QHYklEljfDO70fArw\/viewform<\/a><\/p>\n","protected":false},"excerpt":{"rendered":"<p>El curs passat un grup de nois i noies de 3r d&#8217;ESO van endegar un projecte personal molt ambici\u00f3s: volien llen\u00e7ar una sonda a l&#8217;estratosfera i aconseguir una foto de la terra. Aix\u00ed naixia Stratos, un projecte d\u2019una enorme complexitat totalment gestionat per ells i elles. Durant tot el curs van treballar de valent per aconseguir-ho: van planificar t\u00e8cnicament, van fer difusi\u00f3 de la iniciativa, van treballar amb persones expertes, van organitzar i aconseguir el finan\u00e7ament, i nosaltres vam tenir la sort de poder mirar-los de prop.\u00a0<\/p>\n","protected":false},"author":6,"featured_media":7121,"comment_status":"open","ping_status":"closed","sticky":false,"template":"","format":"standard","meta":{"_bbp_topic_count":0,"_bbp_reply_count":0,"_bbp_total_topic_count":0,"_bbp_total_reply_count":0,"_bbp_voice_count":0,"_bbp_anonymous_reply_count":0,"_bbp_topic_count_hidden":0,"_bbp_reply_count_hidden":0,"_bbp_forum_subforum_count":0,"site-sidebar-layout":"default","site-content-layout":"","ast-site-content-layout":"","site-content-style":"default","site-sidebar-style":"default","ast-global-header-display":"","ast-banner-title-visibility":"","ast-main-header-display":"","ast-hfb-above-header-display":"","ast-hfb-below-header-display":"","ast-hfb-mobile-header-display":"","site-post-title":"","ast-breadcrumbs-content":"","ast-featured-img":"","footer-sml-layout":"","theme-transparent-header-meta":"","adv-header-id-meta":"","stick-header-meta":"","header-above-stick-meta":"","header-main-stick-meta":"","header-below-stick-meta":"","astra-migrate-meta-layouts":"default","ast-page-background-enabled":"default","ast-page-background-meta":{"desktop":{"background-color":"var(--ast-global-color-4)","background-image":"","background-repeat":"repeat","background-position":"center center","background-size":"auto","background-attachment":"scroll","background-type":"","background-media":"","overlay-type":"","overlay-color":"","overlay-opacity":"","overlay-gradient":""},"tablet":{"background-color":"","background-image":"","background-repeat":"repeat","background-position":"center center","background-size":"auto","background-attachment":"scroll","background-type":"","background-media":"","overlay-type":"","overlay-color":"","overlay-opacity":"","overlay-gradient":""},"mobile":{"background-color":"","background-image":"","background-repeat":"repeat","background-position":"center center","background-size":"auto","background-attachment":"scroll","background-type":"","background-media":"","overlay-type":"","overlay-color":"","overlay-opacity":"","overlay-gradient":""}},"ast-content-background-meta":{"desktop":{"background-color":"var(--ast-global-color-5)","background-image":"","background-repeat":"repeat","background-position":"center center","background-size":"auto","background-attachment":"scroll","background-type":"","background-media":"","overlay-type":"","overlay-color":"","overlay-opacity":"","overlay-gradient":""},"tablet":{"background-color":"var(--ast-global-color-5)","background-image":"","background-repeat":"repeat","background-position":"center center","background-size":"auto","background-attachment":"scroll","background-type":"","background-media":"","overlay-type":"","overlay-color":"","overlay-opacity":"","overlay-gradient":""},"mobile":{"background-color":"var(--ast-global-color-5)","background-image":"","background-repeat":"repeat","background-position":"center center","background-size":"auto","background-attachment":"scroll","background-type":"","background-media":"","overlay-type":"","overlay-color":"","overlay-opacity":"","overlay-gradient":""}},"footnotes":""},"categories":[516,427,397,29,373,105,301],"tags":[522,520,521],"class_list":["post-7117","post","type-post","status-publish","format-standard","has-post-thumbnail","hentry","category-2021-22","category-ciencies-tecnologia-i-matematiques","category-la-verema","category-portada","category-premis","category-projectes","category-secundaria","tag-estratosfera","tag-stratos","tag-stratos-project"],"post_mailing_queue_ids":[],"_links":{"self":[{"href":"https:\/\/agora.xtec.cat\/ielesvinyes\/wp-json\/wp\/v2\/posts\/7117","targetHints":{"allow":["GET"]}}],"collection":[{"href":"https:\/\/agora.xtec.cat\/ielesvinyes\/wp-json\/wp\/v2\/posts"}],"about":[{"href":"https:\/\/agora.xtec.cat\/ielesvinyes\/wp-json\/wp\/v2\/types\/post"}],"author":[{"embeddable":true,"href":"https:\/\/agora.xtec.cat\/ielesvinyes\/wp-json\/wp\/v2\/users\/6"}],"replies":[{"embeddable":true,"href":"https:\/\/agora.xtec.cat\/ielesvinyes\/wp-json\/wp\/v2\/comments?post=7117"}],"version-history":[{"count":4,"href":"https:\/\/agora.xtec.cat\/ielesvinyes\/wp-json\/wp\/v2\/posts\/7117\/revisions"}],"predecessor-version":[{"id":7134,"href":"https:\/\/agora.xtec.cat\/ielesvinyes\/wp-json\/wp\/v2\/posts\/7117\/revisions\/7134"}],"wp:featuredmedia":[{"embeddable":true,"href":"https:\/\/agora.xtec.cat\/ielesvinyes\/wp-json\/wp\/v2\/media\/7121"}],"wp:attachment":[{"href":"https:\/\/agora.xtec.cat\/ielesvinyes\/wp-json\/wp\/v2\/media?parent=7117"}],"wp:term":[{"taxonomy":"category","embeddable":true,"href":"https:\/\/agora.xtec.cat\/ielesvinyes\/wp-json\/wp\/v2\/categories?post=7117"},{"taxonomy":"post_tag","embeddable":true,"href":"https:\/\/agora.xtec.cat\/ielesvinyes\/wp-json\/wp\/v2\/tags?post=7117"}],"curies":[{"name":"wp","href":"https:\/\/api.w.org\/{rel}","templated":true}]}}