{"id":705,"date":"2012-11-22T23:18:52","date_gmt":"2012-11-22T22:18:52","guid":{"rendered":"http:\/\/ielesvinyes.net\/?p=705"},"modified":"2012-11-22T23:18:52","modified_gmt":"2012-11-22T22:18:52","slug":"concert-de-santa-cecilia","status":"publish","type":"post","link":"https:\/\/agora.xtec.cat\/ielesvinyes\/etapes\/secundaria\/concert-de-santa-cecilia\/","title":{"rendered":"Concert de Santa Cec\u00edlia"},"content":{"rendered":"<div>\n<figure id=\"attachment_715\" aria-describedby=\"caption-attachment-715\" style=\"width: 300px\" class=\"wp-caption alignleft\"><a href=\"http:\/\/agora.xtec.cat\/ielesvinyes\/wp-content\/uploads\/usu1433\/2012\/11\/infantil-SC1.jpg\"><img loading=\"lazy\" decoding=\"async\" class=\"size-medium wp-image-715\" title=\"infantil SC\" src=\"http:\/\/agora.xtec.cat\/ielesvinyes\/wp-content\/uploads\/usu1433\/2012\/11\/infantil-SC1-300x197.jpg\" alt=\"\" width=\"300\" height=\"197\" \/><\/a><figcaption id=\"caption-attachment-715\" class=\"wp-caption-text\">Concert a Educaci\u00f3 Infantil<\/figcaption><\/figure>\n<p>Aquest dimarts hem celebrat el concert de Santa\u00a0Cec\u00edlia\u00a0al centre. Lluna\u00a0Arag\u00f3n\u00a0 viol\u00ed i Elena Montan\u00e9, piano i acordi\u00f3, ens van oferir dues magn\u00edfiques audicions comentades a l&#8217;Institut Escola. Primer vam tocar algunes peces pels alumnes d&#8217;educaci\u00f3 infantil i van mostrar-nos els instruments. Tamb\u00e9 vam cantar plegats les can\u00e7ons de la castanyada i, per acabar, vam ballar junts una can\u00e7\u00f3!<\/p>\n<\/div>\n<p>Amb els alumnes de l&#8217;ESO, van mostrar el proc\u00e9s de creaci\u00f3 de la banda sonora d&#8217;una escena de cinema. A partir d&#8217;un fragment de la pel\u2022l\u00edcula Excalibur que vam projectar, Lluna i Elena van anar oferint diferents possibilitats d&#8217;arranjament d&#8217;una melodia proposada. Tot fent variacions d&#8217;escala, pulsaci\u00f3, tempo o estil musical, els alumnes de l&#8217;ESO vam anar decidint quina era la banda sonora m\u00e9s adequada. Una reflexi\u00f3 a prop\u00f2sit del <a href=\"http:\/\/www.flickr.com\/photos\/ielesvinyes\/sets\/72157632060188980\/\" target=\"_blank\">Projecte trimestral<\/a> de 2n d&#8217;ESO.<\/p>\n<div>\n<figure id=\"attachment_716\" aria-describedby=\"caption-attachment-716\" style=\"width: 300px\" class=\"wp-caption alignright\"><a href=\"http:\/\/agora.xtec.cat\/ielesvinyes\/wp-content\/uploads\/usu1433\/2012\/11\/esosc2.jpg\"><img loading=\"lazy\" decoding=\"async\" class=\"size-medium wp-image-716\" title=\"esosc\" src=\"http:\/\/agora.xtec.cat\/ielesvinyes\/wp-content\/uploads\/usu1433\/2012\/11\/esosc2-300x174.jpg\" alt=\"\" width=\"300\" height=\"174\" srcset=\"https:\/\/agora.xtec.cat\/ielesvinyes\/wp-content\/uploads\/usu1433\/2012\/11\/esosc2-300x174.jpg 300w, https:\/\/agora.xtec.cat\/ielesvinyes\/wp-content\/uploads\/usu1433\/2012\/11\/esosc2.jpg 611w\" sizes=\"auto, (max-width: 300px) 100vw, 300px\" \/><\/a><figcaption id=\"caption-attachment-716\" class=\"wp-caption-text\">Concert a Educaci\u00f3 Secund\u00e0ria<\/figcaption><\/figure>\n<p>Per acabar el concert, ens van oferir tres peces breus per a viol\u00ed i piano.\u00a0Volem tamb\u00e9 agrair a l&#8217;Escola de M\u00fasica de Castellbisbal aquesta oportunitat d&#8217;escoltar m\u00fasica en directe: <strong>gr\u00e0cies Lluna i Elena!<\/strong><\/p>\n<\/div>\n","protected":false},"excerpt":{"rendered":"<p>Aquest dimarts hem celebrat el concert de Santa\u00a0Cec\u00edlia\u00a0al centre. Lluna\u00a0Arag\u00f3n\u00a0 viol\u00ed i Elena Montan\u00e9, piano i acordi\u00f3, ens van oferir dues magn\u00edfiques audicions comentades a l&#8217;Institut Escola. Primer vam tocar algunes peces pels alumnes d&#8217;educaci\u00f3 infantil i van mostrar-nos els instruments. Tamb\u00e9 vam cantar plegats les can\u00e7ons de la castanyada i, per acabar, vam ballar [&hellip;]<\/p>\n","protected":false},"author":1,"featured_media":0,"comment_status":"open","ping_status":"open","sticky":false,"template":"","format":"standard","meta":{"_bbp_topic_count":0,"_bbp_reply_count":0,"_bbp_total_topic_count":0,"_bbp_total_reply_count":0,"_bbp_voice_count":0,"_bbp_anonymous_reply_count":0,"_bbp_topic_count_hidden":0,"_bbp_reply_count_hidden":0,"_bbp_forum_subforum_count":0,"site-sidebar-layout":"default","site-content-layout":"","ast-site-content-layout":"","site-content-style":"default","site-sidebar-style":"default","ast-global-header-display":"","ast-banner-title-visibility":"","ast-main-header-display":"","ast-hfb-above-header-display":"","ast-hfb-below-header-display":"","ast-hfb-mobile-header-display":"","site-post-title":"","ast-breadcrumbs-content":"","ast-featured-img":"","footer-sml-layout":"","theme-transparent-header-meta":"","adv-header-id-meta":"","stick-header-meta":"","header-above-stick-meta":"","header-main-stick-meta":"","header-below-stick-meta":"","astra-migrate-meta-layouts":"default","ast-page-background-enabled":"default","ast-page-background-meta":{"desktop":{"background-color":"var(--ast-global-color-4)","background-image":"","background-repeat":"repeat","background-position":"center center","background-size":"auto","background-attachment":"scroll","background-type":"","background-media":"","overlay-type":"","overlay-color":"","overlay-opacity":"","overlay-gradient":""},"tablet":{"background-color":"","background-image":"","background-repeat":"repeat","background-position":"center center","background-size":"auto","background-attachment":"scroll","background-type":"","background-media":"","overlay-type":"","overlay-color":"","overlay-opacity":"","overlay-gradient":""},"mobile":{"background-color":"","background-image":"","background-repeat":"repeat","background-position":"center center","background-size":"auto","background-attachment":"scroll","background-type":"","background-media":"","overlay-type":"","overlay-color":"","overlay-opacity":"","overlay-gradient":""}},"ast-content-background-meta":{"desktop":{"background-color":"var(--ast-global-color-5)","background-image":"","background-repeat":"repeat","background-position":"center center","background-size":"auto","background-attachment":"scroll","background-type":"","background-media":"","overlay-type":"","overlay-color":"","overlay-opacity":"","overlay-gradient":""},"tablet":{"background-color":"var(--ast-global-color-5)","background-image":"","background-repeat":"repeat","background-position":"center center","background-size":"auto","background-attachment":"scroll","background-type":"","background-media":"","overlay-type":"","overlay-color":"","overlay-opacity":"","overlay-gradient":""},"mobile":{"background-color":"var(--ast-global-color-5)","background-image":"","background-repeat":"repeat","background-position":"center center","background-size":"auto","background-attachment":"scroll","background-type":"","background-media":"","overlay-type":"","overlay-color":"","overlay-opacity":"","overlay-gradient":""}},"footnotes":""},"categories":[301],"tags":[185],"class_list":["post-705","post","type-post","status-publish","format-standard","hentry","category-secundaria","tag-concert"],"post_mailing_queue_ids":[],"_links":{"self":[{"href":"https:\/\/agora.xtec.cat\/ielesvinyes\/wp-json\/wp\/v2\/posts\/705","targetHints":{"allow":["GET"]}}],"collection":[{"href":"https:\/\/agora.xtec.cat\/ielesvinyes\/wp-json\/wp\/v2\/posts"}],"about":[{"href":"https:\/\/agora.xtec.cat\/ielesvinyes\/wp-json\/wp\/v2\/types\/post"}],"author":[{"embeddable":true,"href":"https:\/\/agora.xtec.cat\/ielesvinyes\/wp-json\/wp\/v2\/users\/1"}],"replies":[{"embeddable":true,"href":"https:\/\/agora.xtec.cat\/ielesvinyes\/wp-json\/wp\/v2\/comments?post=705"}],"version-history":[{"count":0,"href":"https:\/\/agora.xtec.cat\/ielesvinyes\/wp-json\/wp\/v2\/posts\/705\/revisions"}],"wp:attachment":[{"href":"https:\/\/agora.xtec.cat\/ielesvinyes\/wp-json\/wp\/v2\/media?parent=705"}],"wp:term":[{"taxonomy":"category","embeddable":true,"href":"https:\/\/agora.xtec.cat\/ielesvinyes\/wp-json\/wp\/v2\/categories?post=705"},{"taxonomy":"post_tag","embeddable":true,"href":"https:\/\/agora.xtec.cat\/ielesvinyes\/wp-json\/wp\/v2\/tags?post=705"}],"curies":[{"name":"wp","href":"https:\/\/api.w.org\/{rel}","templated":true}]}}