{"id":694,"date":"2012-11-15T13:43:09","date_gmt":"2012-11-15T12:43:09","guid":{"rendered":"http:\/\/ielesvinyes.net\/?p=694"},"modified":"2012-11-15T13:43:09","modified_gmt":"2012-11-15T12:43:09","slug":"projectes-trimestrals-i-reunio-a-leso","status":"publish","type":"post","link":"https:\/\/agora.xtec.cat\/ielesvinyes\/etapes\/secundaria\/projectes-trimestrals-i-reunio-a-leso\/","title":{"rendered":"Projectes trimestrals i reuni\u00f3 a l&#039;ESO"},"content":{"rendered":"<p>Des del dia 19 de novembre fins el 5 de desembre, els alumnes de l&#8217;ESO faran els\u00a0projectes\u00a0trimestrals.\u00a0<strong>Un herbari virtual<\/strong> a partir del treball de naturalistes, cart\u00f2grafs,\u00a0fot\u00f2grafs\u00a0i reporters ser\u00e0 el projecte trimestral de 1r d\u2019ESO. \u00a0<strong>Una pel\u00b7l\u00edcula sobre la llegenda art\u00farica<\/strong> ser\u00e0 el projecte trimestral de 2n d\u2019ESO, amb guionistes, actors, directors i productors.<\/p>\n<p>Un tipus de treball que forma part del Projecte Educatiu del centre,\u00a0 en el qual l\u2019alumnat ha d\u2019aprendre a treballar en grup, a col\u00b7laborar i coordinar-se, a afrontar reptes, buscar i seleccionar informaci\u00f3, a resoldre problemes&#8230; per assolir aprenentatges m\u00e9s complexos i compet\u00e8ncies transversals. Aquest\u00a0proc\u00e9s\u00a0i resultat ser\u00e0 presentat als \u00a0pares i mares, al final del projecte. A la web de l&#8217;ESO <a href=\"http:\/\/eso.ielesvinyes.net\/2012\/11\/projectes-trimestrals\/\" target=\"_blank\">publicarem informaci\u00f3<\/a>.<\/p>\n<p><a href=\"http:\/\/agora.xtec.cat\/ielesvinyes\/wp-content\/uploads\/usu1433\/2012\/11\/ordinadors.jpg\"><img loading=\"lazy\" decoding=\"async\" class=\"size-medium wp-image-695 alignleft\" title=\"ordinadors\" src=\"http:\/\/agora.xtec.cat\/ielesvinyes\/wp-content\/uploads\/usu1433\/2012\/11\/ordinadors-300x139.jpg\" alt=\"\" width=\"300\" height=\"139\" srcset=\"https:\/\/agora.xtec.cat\/ielesvinyes\/wp-content\/uploads\/usu1433\/2012\/11\/ordinadors-300x139.jpg 300w, https:\/\/agora.xtec.cat\/ielesvinyes\/wp-content\/uploads\/usu1433\/2012\/11\/ordinadors.jpg 360w\" sizes=\"auto, (max-width: 300px) 100vw, 300px\" \/><\/a><\/p>\n<p>Aix\u00ed mateix, aquest <strong>dilluns 19 de novembre, a les 19 hores estan convocades les fam\u00edlies de l&#8217;ESO al centre per tal\u00a0d&#8217;abordar\u00a0el tema de la digitalitzaci\u00f3<\/strong>, tant pel que fa a les infraestructures com als aprenentatges associats a les compet\u00e8ncies digitals. Una reuni\u00f3 informativa per a tots els pares de l&#8217;ESO: <strong><span style=\"color: #339966;\">us hi esperem!<\/span><\/strong><\/p>\n<p>Les fam\u00edlies haureu rebut una convocat\u00f2ria escrita que caldr\u00e0 tornar signada indicant que\u00a0assistireu\u00a0(o no) a la reuni\u00f3 sobre la digitalitzaci\u00f3 i a la presentaci\u00f3 dels projectes.<\/p>\n","protected":false},"excerpt":{"rendered":"<p>Des del dia 19 de novembre fins el 5 de desembre, els alumnes de l&#8217;ESO faran els\u00a0projectes\u00a0trimestrals.\u00a0Un herbari virtual a partir del treball de naturalistes, cart\u00f2grafs,\u00a0fot\u00f2grafs\u00a0i reporters ser\u00e0 el projecte trimestral de 1r d\u2019ESO. \u00a0Una pel\u00b7l\u00edcula sobre la llegenda art\u00farica ser\u00e0 el projecte trimestral de 2n d\u2019ESO, amb guionistes, actors, directors i productors. Un tipus [&hellip;]<\/p>\n","protected":false},"author":1,"featured_media":0,"comment_status":"open","ping_status":"open","sticky":false,"template":"","format":"standard","meta":{"_bbp_topic_count":0,"_bbp_reply_count":0,"_bbp_total_topic_count":0,"_bbp_total_reply_count":0,"_bbp_voice_count":0,"_bbp_anonymous_reply_count":0,"_bbp_topic_count_hidden":0,"_bbp_reply_count_hidden":0,"_bbp_forum_subforum_count":0,"site-sidebar-layout":"default","site-content-layout":"","ast-site-content-layout":"","site-content-style":"default","site-sidebar-style":"default","ast-global-header-display":"","ast-banner-title-visibility":"","ast-main-header-display":"","ast-hfb-above-header-display":"","ast-hfb-below-header-display":"","ast-hfb-mobile-header-display":"","site-post-title":"","ast-breadcrumbs-content":"","ast-featured-img":"","footer-sml-layout":"","theme-transparent-header-meta":"","adv-header-id-meta":"","stick-header-meta":"","header-above-stick-meta":"","header-main-stick-meta":"","header-below-stick-meta":"","astra-migrate-meta-layouts":"default","ast-page-background-enabled":"default","ast-page-background-meta":{"desktop":{"background-color":"var(--ast-global-color-4)","background-image":"","background-repeat":"repeat","background-position":"center center","background-size":"auto","background-attachment":"scroll","background-type":"","background-media":"","overlay-type":"","overlay-color":"","overlay-opacity":"","overlay-gradient":""},"tablet":{"background-color":"","background-image":"","background-repeat":"repeat","background-position":"center center","background-size":"auto","background-attachment":"scroll","background-type":"","background-media":"","overlay-type":"","overlay-color":"","overlay-opacity":"","overlay-gradient":""},"mobile":{"background-color":"","background-image":"","background-repeat":"repeat","background-position":"center center","background-size":"auto","background-attachment":"scroll","background-type":"","background-media":"","overlay-type":"","overlay-color":"","overlay-opacity":"","overlay-gradient":""}},"ast-content-background-meta":{"desktop":{"background-color":"var(--ast-global-color-5)","background-image":"","background-repeat":"repeat","background-position":"center center","background-size":"auto","background-attachment":"scroll","background-type":"","background-media":"","overlay-type":"","overlay-color":"","overlay-opacity":"","overlay-gradient":""},"tablet":{"background-color":"var(--ast-global-color-5)","background-image":"","background-repeat":"repeat","background-position":"center center","background-size":"auto","background-attachment":"scroll","background-type":"","background-media":"","overlay-type":"","overlay-color":"","overlay-opacity":"","overlay-gradient":""},"mobile":{"background-color":"var(--ast-global-color-5)","background-image":"","background-repeat":"repeat","background-position":"center center","background-size":"auto","background-attachment":"scroll","background-type":"","background-media":"","overlay-type":"","overlay-color":"","overlay-opacity":"","overlay-gradient":""}},"footnotes":""},"categories":[301],"tags":[260],"class_list":["post-694","post","type-post","status-publish","format-standard","hentry","category-secundaria","tag-reunio"],"post_mailing_queue_ids":[],"_links":{"self":[{"href":"https:\/\/agora.xtec.cat\/ielesvinyes\/wp-json\/wp\/v2\/posts\/694","targetHints":{"allow":["GET"]}}],"collection":[{"href":"https:\/\/agora.xtec.cat\/ielesvinyes\/wp-json\/wp\/v2\/posts"}],"about":[{"href":"https:\/\/agora.xtec.cat\/ielesvinyes\/wp-json\/wp\/v2\/types\/post"}],"author":[{"embeddable":true,"href":"https:\/\/agora.xtec.cat\/ielesvinyes\/wp-json\/wp\/v2\/users\/1"}],"replies":[{"embeddable":true,"href":"https:\/\/agora.xtec.cat\/ielesvinyes\/wp-json\/wp\/v2\/comments?post=694"}],"version-history":[{"count":0,"href":"https:\/\/agora.xtec.cat\/ielesvinyes\/wp-json\/wp\/v2\/posts\/694\/revisions"}],"wp:attachment":[{"href":"https:\/\/agora.xtec.cat\/ielesvinyes\/wp-json\/wp\/v2\/media?parent=694"}],"wp:term":[{"taxonomy":"category","embeddable":true,"href":"https:\/\/agora.xtec.cat\/ielesvinyes\/wp-json\/wp\/v2\/categories?post=694"},{"taxonomy":"post_tag","embeddable":true,"href":"https:\/\/agora.xtec.cat\/ielesvinyes\/wp-json\/wp\/v2\/tags?post=694"}],"curies":[{"name":"wp","href":"https:\/\/api.w.org\/{rel}","templated":true}]}}