{"id":685,"date":"2012-11-13T10:10:19","date_gmt":"2012-11-13T09:10:19","guid":{"rendered":"http:\/\/ielesvinyes.net\/?p=685"},"modified":"2012-11-13T10:10:19","modified_gmt":"2012-11-13T09:10:19","slug":"jornada-de-vaga-general-14-de-novembre-2012","status":"publish","type":"post","link":"https:\/\/agora.xtec.cat\/ielesvinyes\/etapes\/secundaria\/jornada-de-vaga-general-14-de-novembre-2012\/","title":{"rendered":"Jornada de vaga general &#8211; 14 de novembre 2012"},"content":{"rendered":"<p style=\"text-align: left;\" align=\"center\"><a href=\"http:\/\/agora.xtec.cat\/ielesvinyes\/wp-content\/uploads\/usu1433\/2012\/11\/Cartell..jpg\"><img loading=\"lazy\" decoding=\"async\" class=\"alignleft size-medium wp-image-686\" title=\"Cartell.\" src=\"http:\/\/agora.xtec.cat\/ielesvinyes\/wp-content\/uploads\/usu1433\/2012\/11\/Cartell.-214x300.jpg\" alt=\"\" width=\"214\" height=\"300\" srcset=\"https:\/\/agora.xtec.cat\/ielesvinyes\/wp-content\/uploads\/usu1433\/2012\/11\/Cartell.-214x300.jpg 214w, https:\/\/agora.xtec.cat\/ielesvinyes\/wp-content\/uploads\/usu1433\/2012\/11\/Cartell..jpg 340w\" sizes=\"auto, (max-width: 214px) 100vw, 214px\" \/><\/a><\/p>\n<p style=\"text-align: left;\" align=\"center\">Com sabeu, els sindicats <strong>convoquen vaga general el proper dimecres 14 de novembre<\/strong>, en contra de la reforma laboral i les pol\u00edtiques de retallades. Prop d\u2019un miler d\u2019entitats i, en particular, les Federacions d\u2019Associacions de Pares i Mares dels centres p\u00fablics de Catalunya (FAPAC i FAPAES) donen suport a aquesta jornada de lluita.<\/p>\n<p>\u00a0Aquestes organitzacions fan una crida a les fam\u00edlies perqu\u00e8 <strong>el dia 14<\/strong> <strong>no<\/strong> porteu els vostres fills i filles a l\u2019escola, per manifestar la preocupaci\u00f3 sobre la situaci\u00f3 laboral, les repercussions que comporta, i les pol\u00edtiques de retallades en el futur dels nois i noies.<\/p>\n<p><strong>Una part del nostre claustre de professors\/es i de mestres se suma a la convocat\u00f2ria de vaga del dia 14 de novembre.<\/strong> Volem destacar que el transport p\u00fablic i privat pot impedir que molts dels professionals de l\u2019Institut Escola puguin arribar al Centre.<\/p>\n<p>Per tant:<\/p>\n<ul>\n<li>Tot i que el Centre estar\u00e0 obert i que mantindrem els serveis m\u00ednims, no podrem oferir les activitats lectives habituals.<\/li>\n<li>Queden suspeses les activitats extraescolars d\u2019Educaci\u00f3 Infantil.<\/li>\n<\/ul>\n<p>Volem fer constar tamb\u00e9 que alguns docents vindran al Centre a refor\u00e7ar els serveis m\u00ednims, i cediran a l\u2019AMPA la part corresponent del sou que el Departament els restaria si s\u2019haguessin afegit a la vaga. D\u2019aquesta manera secunden la protesta, per\u00f2 sense sumar-se a la vaga en concret.<\/p>\n<p style=\"text-align: right;\">Equip directiu del centre<\/p>\n<p>&nbsp;<\/p>\n","protected":false},"excerpt":{"rendered":"<p>Com sabeu, els sindicats convoquen vaga general el proper dimecres 14 de novembre, en contra de la reforma laboral i les pol\u00edtiques de retallades. Prop d\u2019un miler d\u2019entitats i, en particular, les Federacions d\u2019Associacions de Pares i Mares dels centres p\u00fablics de Catalunya (FAPAC i FAPAES) donen suport a aquesta jornada de lluita. \u00a0Aquestes organitzacions [&hellip;]<\/p>\n","protected":false},"author":1,"featured_media":0,"comment_status":"open","ping_status":"open","sticky":false,"template":"","format":"standard","meta":{"_bbp_topic_count":0,"_bbp_reply_count":0,"_bbp_total_topic_count":0,"_bbp_total_reply_count":0,"_bbp_voice_count":0,"_bbp_anonymous_reply_count":0,"_bbp_topic_count_hidden":0,"_bbp_reply_count_hidden":0,"_bbp_forum_subforum_count":0,"site-sidebar-layout":"default","site-content-layout":"","ast-site-content-layout":"","site-content-style":"default","site-sidebar-style":"default","ast-global-header-display":"","ast-banner-title-visibility":"","ast-main-header-display":"","ast-hfb-above-header-display":"","ast-hfb-below-header-display":"","ast-hfb-mobile-header-display":"","site-post-title":"","ast-breadcrumbs-content":"","ast-featured-img":"","footer-sml-layout":"","theme-transparent-header-meta":"","adv-header-id-meta":"","stick-header-meta":"","header-above-stick-meta":"","header-main-stick-meta":"","header-below-stick-meta":"","astra-migrate-meta-layouts":"default","ast-page-background-enabled":"default","ast-page-background-meta":{"desktop":{"background-color":"var(--ast-global-color-4)","background-image":"","background-repeat":"repeat","background-position":"center center","background-size":"auto","background-attachment":"scroll","background-type":"","background-media":"","overlay-type":"","overlay-color":"","overlay-opacity":"","overlay-gradient":""},"tablet":{"background-color":"","background-image":"","background-repeat":"repeat","background-position":"center center","background-size":"auto","background-attachment":"scroll","background-type":"","background-media":"","overlay-type":"","overlay-color":"","overlay-opacity":"","overlay-gradient":""},"mobile":{"background-color":"","background-image":"","background-repeat":"repeat","background-position":"center center","background-size":"auto","background-attachment":"scroll","background-type":"","background-media":"","overlay-type":"","overlay-color":"","overlay-opacity":"","overlay-gradient":""}},"ast-content-background-meta":{"desktop":{"background-color":"var(--ast-global-color-5)","background-image":"","background-repeat":"repeat","background-position":"center center","background-size":"auto","background-attachment":"scroll","background-type":"","background-media":"","overlay-type":"","overlay-color":"","overlay-opacity":"","overlay-gradient":""},"tablet":{"background-color":"var(--ast-global-color-5)","background-image":"","background-repeat":"repeat","background-position":"center center","background-size":"auto","background-attachment":"scroll","background-type":"","background-media":"","overlay-type":"","overlay-color":"","overlay-opacity":"","overlay-gradient":""},"mobile":{"background-color":"var(--ast-global-color-5)","background-image":"","background-repeat":"repeat","background-position":"center center","background-size":"auto","background-attachment":"scroll","background-type":"","background-media":"","overlay-type":"","overlay-color":"","overlay-opacity":"","overlay-gradient":""}},"footnotes":""},"categories":[301],"tags":[314],"class_list":["post-685","post","type-post","status-publish","format-standard","hentry","category-secundaria","tag-vaga"],"post_mailing_queue_ids":[],"_links":{"self":[{"href":"https:\/\/agora.xtec.cat\/ielesvinyes\/wp-json\/wp\/v2\/posts\/685","targetHints":{"allow":["GET"]}}],"collection":[{"href":"https:\/\/agora.xtec.cat\/ielesvinyes\/wp-json\/wp\/v2\/posts"}],"about":[{"href":"https:\/\/agora.xtec.cat\/ielesvinyes\/wp-json\/wp\/v2\/types\/post"}],"author":[{"embeddable":true,"href":"https:\/\/agora.xtec.cat\/ielesvinyes\/wp-json\/wp\/v2\/users\/1"}],"replies":[{"embeddable":true,"href":"https:\/\/agora.xtec.cat\/ielesvinyes\/wp-json\/wp\/v2\/comments?post=685"}],"version-history":[{"count":0,"href":"https:\/\/agora.xtec.cat\/ielesvinyes\/wp-json\/wp\/v2\/posts\/685\/revisions"}],"wp:attachment":[{"href":"https:\/\/agora.xtec.cat\/ielesvinyes\/wp-json\/wp\/v2\/media?parent=685"}],"wp:term":[{"taxonomy":"category","embeddable":true,"href":"https:\/\/agora.xtec.cat\/ielesvinyes\/wp-json\/wp\/v2\/categories?post=685"},{"taxonomy":"post_tag","embeddable":true,"href":"https:\/\/agora.xtec.cat\/ielesvinyes\/wp-json\/wp\/v2\/tags?post=685"}],"curies":[{"name":"wp","href":"https:\/\/api.w.org\/{rel}","templated":true}]}}