{"id":6794,"date":"2021-06-07T11:29:06","date_gmt":"2021-06-07T09:29:06","guid":{"rendered":"http:\/\/agora.xtec.cat\/ielesvinyes\/?p=6794"},"modified":"2021-06-07T11:29:06","modified_gmt":"2021-06-07T09:29:06","slug":"llistats-dassignacio-a-les-vinyes-curs-2021-2022","status":"publish","type":"post","link":"https:\/\/agora.xtec.cat\/ielesvinyes\/portada\/llistats-dassignacio-a-les-vinyes-curs-2021-2022\/","title":{"rendered":"Llistats d&#8217;assignaci\u00f3 a Les Vinyes curs 2021-2022"},"content":{"rendered":"<p>Publiquem amb data d&#8217;avui, 7 de juny del 2021, el llistat d&#8217;assignaci\u00f3 i el llistat en llista d&#8217;espera a les etapes d&#8217;infantil, prim\u00e0ria i secund\u00e0ria.<\/p>\n<p>INFANTIL I PRIM\u00c0RIA<\/p>\n<p><a href=\"https:\/\/agora.xtec.cat\/ielesvinyes\/wp-content\/uploads\/usu1433\/2021\/06\/INFORME_ASSIGNADES_INFORME_ASSIGNADES-1.pdf\">INFORME_ASSIGNADES_INFORME_ASSIGNADES<\/a><\/p>\n<p><a href=\"https:\/\/agora.xtec.cat\/ielesvinyes\/wp-content\/uploads\/usu1433\/2021\/06\/INFORME_LLISTA_ESPERA_OME_LLISTA_ESPERA-1.pdf\">INFORME_LLISTA_ESPERA_OME_LLISTA_ESPERA<\/a><\/p>\n<p><a href=\"https:\/\/agora.xtec.cat\/ielesvinyes\/wp-content\/uploads\/usu1433\/2021\/06\/INFORME_PREINSCRITES_OME_INFORME_PREINSCRITES_OME-1.pdf\">INFORME_PREINSCRITES_OME_INFORME_PREINSCRITES_OME<\/a><\/p>\n<p>SECUND\u00c0RIA<\/p>\n<p><a href=\"https:\/\/agora.xtec.cat\/ielesvinyes\/wp-content\/uploads\/usu1433\/2021\/06\/INFORME_ASSIGNADES_ESO_INFORME_ASSIGNADES-1-1.pdf\">INFORME_ASSIGNADES_ESO_INFORME_ASSIGNADES (1)<\/a><\/p>\n<p><a href=\"https:\/\/agora.xtec.cat\/ielesvinyes\/wp-content\/uploads\/usu1433\/2021\/06\/INFORME_LLISTA_ESPERA_ESO_OME_LLISTA_ESPERA-1-1.pdf\">INFORME_LLISTA_ESPERA_ESO_OME_LLISTA_ESPERA (1)<\/a><\/p>\n<p><a href=\"https:\/\/agora.xtec.cat\/ielesvinyes\/wp-content\/uploads\/usu1433\/2021\/06\/INFORME_PREINSCRITES_ESO_OME_INFORME_PREINSCRITES_OME-2-1.pdf\">INFORME_PREINSCRITES_ESO_OME_INFORME_PREINSCRITES_OME (2)<\/a><\/p>\n","protected":false},"excerpt":{"rendered":"<p>Publiquem amb data d&#8217;avui, 7 de juny del 2021, el llistat d&#8217;assignaci\u00f3 i el llistat en llista d&#8217;espera a les etapes d&#8217;infantil, prim\u00e0ria i secund\u00e0ria. INFANTIL I PRIM\u00c0RIA INFORME_ASSIGNADES_INFORME_ASSIGNADES INFORME_LLISTA_ESPERA_OME_LLISTA_ESPERA INFORME_PREINSCRITES_OME_INFORME_PREINSCRITES_OME SECUND\u00c0RIA INFORME_ASSIGNADES_ESO_INFORME_ASSIGNADES (1) INFORME_LLISTA_ESPERA_ESO_OME_LLISTA_ESPERA (1) INFORME_PREINSCRITES_ESO_OME_INFORME_PREINSCRITES_OME (2)<\/p>\n","protected":false},"author":6,"featured_media":6317,"comment_status":"open","ping_status":"closed","sticky":false,"template":"","format":"standard","meta":{"_bbp_topic_count":0,"_bbp_reply_count":0,"_bbp_total_topic_count":0,"_bbp_total_reply_count":0,"_bbp_voice_count":0,"_bbp_anonymous_reply_count":0,"_bbp_topic_count_hidden":0,"_bbp_reply_count_hidden":0,"_bbp_forum_subforum_count":0,"site-sidebar-layout":"default","site-content-layout":"","ast-site-content-layout":"","site-content-style":"default","site-sidebar-style":"default","ast-global-header-display":"","ast-banner-title-visibility":"","ast-main-header-display":"","ast-hfb-above-header-display":"","ast-hfb-below-header-display":"","ast-hfb-mobile-header-display":"","site-post-title":"","ast-breadcrumbs-content":"","ast-featured-img":"","footer-sml-layout":"","theme-transparent-header-meta":"","adv-header-id-meta":"","stick-header-meta":"","header-above-stick-meta":"","header-main-stick-meta":"","header-below-stick-meta":"","astra-migrate-meta-layouts":"default","ast-page-background-enabled":"default","ast-page-background-meta":{"desktop":{"background-color":"var(--ast-global-color-4)","background-image":"","background-repeat":"repeat","background-position":"center center","background-size":"auto","background-attachment":"scroll","background-type":"","background-media":"","overlay-type":"","overlay-color":"","overlay-opacity":"","overlay-gradient":""},"tablet":{"background-color":"","background-image":"","background-repeat":"repeat","background-position":"center center","background-size":"auto","background-attachment":"scroll","background-type":"","background-media":"","overlay-type":"","overlay-color":"","overlay-opacity":"","overlay-gradient":""},"mobile":{"background-color":"","background-image":"","background-repeat":"repeat","background-position":"center center","background-size":"auto","background-attachment":"scroll","background-type":"","background-media":"","overlay-type":"","overlay-color":"","overlay-opacity":"","overlay-gradient":""}},"ast-content-background-meta":{"desktop":{"background-color":"var(--ast-global-color-5)","background-image":"","background-repeat":"repeat","background-position":"center center","background-size":"auto","background-attachment":"scroll","background-type":"","background-media":"","overlay-type":"","overlay-color":"","overlay-opacity":"","overlay-gradient":""},"tablet":{"background-color":"var(--ast-global-color-5)","background-image":"","background-repeat":"repeat","background-position":"center center","background-size":"auto","background-attachment":"scroll","background-type":"","background-media":"","overlay-type":"","overlay-color":"","overlay-opacity":"","overlay-gradient":""},"mobile":{"background-color":"var(--ast-global-color-5)","background-image":"","background-repeat":"repeat","background-position":"center center","background-size":"auto","background-attachment":"scroll","background-type":"","background-media":"","overlay-type":"","overlay-color":"","overlay-opacity":"","overlay-gradient":""}},"footnotes":""},"categories":[513,29],"tags":[],"class_list":["post-6794","post","type-post","status-publish","format-standard","has-post-thumbnail","hentry","category-2020-21","category-portada"],"post_mailing_queue_ids":[],"_links":{"self":[{"href":"https:\/\/agora.xtec.cat\/ielesvinyes\/wp-json\/wp\/v2\/posts\/6794","targetHints":{"allow":["GET"]}}],"collection":[{"href":"https:\/\/agora.xtec.cat\/ielesvinyes\/wp-json\/wp\/v2\/posts"}],"about":[{"href":"https:\/\/agora.xtec.cat\/ielesvinyes\/wp-json\/wp\/v2\/types\/post"}],"author":[{"embeddable":true,"href":"https:\/\/agora.xtec.cat\/ielesvinyes\/wp-json\/wp\/v2\/users\/6"}],"replies":[{"embeddable":true,"href":"https:\/\/agora.xtec.cat\/ielesvinyes\/wp-json\/wp\/v2\/comments?post=6794"}],"version-history":[{"count":1,"href":"https:\/\/agora.xtec.cat\/ielesvinyes\/wp-json\/wp\/v2\/posts\/6794\/revisions"}],"predecessor-version":[{"id":6807,"href":"https:\/\/agora.xtec.cat\/ielesvinyes\/wp-json\/wp\/v2\/posts\/6794\/revisions\/6807"}],"wp:featuredmedia":[{"embeddable":true,"href":"https:\/\/agora.xtec.cat\/ielesvinyes\/wp-json\/wp\/v2\/media\/6317"}],"wp:attachment":[{"href":"https:\/\/agora.xtec.cat\/ielesvinyes\/wp-json\/wp\/v2\/media?parent=6794"}],"wp:term":[{"taxonomy":"category","embeddable":true,"href":"https:\/\/agora.xtec.cat\/ielesvinyes\/wp-json\/wp\/v2\/categories?post=6794"},{"taxonomy":"post_tag","embeddable":true,"href":"https:\/\/agora.xtec.cat\/ielesvinyes\/wp-json\/wp\/v2\/tags?post=6794"}],"curies":[{"name":"wp","href":"https:\/\/api.w.org\/{rel}","templated":true}]}}