{"id":6778,"date":"2021-05-28T14:04:53","date_gmt":"2021-05-28T12:04:53","guid":{"rendered":"http:\/\/agora.xtec.cat\/ielesvinyes\/?p=6778"},"modified":"2022-09-28T07:03:12","modified_gmt":"2022-09-28T05:03:12","slug":"presentacions-daprenentatge","status":"publish","type":"post","link":"https:\/\/agora.xtec.cat\/ielesvinyes\/portada\/presentacions-daprenentatge\/","title":{"rendered":"Presentacions d&#8217;Aprenentatge"},"content":{"rendered":"<p><img loading=\"lazy\" decoding=\"async\" class=\"aligncenter size-large wp-image-6780\" src=\"https:\/\/agora.xtec.cat\/ielesvinyes\/wp-content\/uploads\/usu1433\/2021\/05\/IMG-20210125-WA0002-1024x576.jpg\" alt=\"\" width=\"1024\" height=\"576\" srcset=\"https:\/\/agora.xtec.cat\/ielesvinyes\/wp-content\/uploads\/usu1433\/2021\/05\/IMG-20210125-WA0002-1024x576.jpg 1024w, https:\/\/agora.xtec.cat\/ielesvinyes\/wp-content\/uploads\/usu1433\/2021\/05\/IMG-20210125-WA0002-300x169.jpg 300w, https:\/\/agora.xtec.cat\/ielesvinyes\/wp-content\/uploads\/usu1433\/2021\/05\/IMG-20210125-WA0002-768x432.jpg 768w, https:\/\/agora.xtec.cat\/ielesvinyes\/wp-content\/uploads\/usu1433\/2021\/05\/IMG-20210125-WA0002.jpg 1600w\" sizes=\"auto, (max-width: 1024px) 100vw, 1024px\" \/><\/p>\n<blockquote><p>No s\u2019apr\u00e8n de l\u2019experi\u00e8ncia, sin\u00f3 de la reflexi\u00f3 sobre l\u2019experi\u00e8ncia<\/p>\n<p>John Dewey, pedag\u00f2g.<\/p><\/blockquote>\n<p>Aquest ha estat certament un curs intens, per\u00f2, malgrat les limitacions que la situaci\u00f3 imposava, els vostres fills i filles han continuat creixent i aprenent, enfrontant-se a reptes i preguntes importants, creant, treballant amb altres, comunicant all\u00f2 que saben o que els importa. I nosaltres, que hem estat testimonis de molts d\u2019aquests moments, estem conven\u00e7uts que<strong> val la pena compartir aquests aprenentatges<\/strong>.<\/p>\n<p>Amb aquesta intenci\u00f3 encetem a secund\u00e0ria les <strong>Presentacions d&#8217;Aprenentatge<\/strong>, un projecte que ens il\u00b7lusiona i que pensem que pot ser clau per l\u2019aprenentatge dels nois i les noies perqu\u00e8 neix amb el prop\u00f2sit d\u2019ajudar-los a reflexionar sobre el que han apr\u00e8s i a potenciar la construcci\u00f3 del seu propi relat. Les presentacions s\u00f3n una oportunitat per aturar-se a pensar, per donar significat al que han viscut i han apr\u00e8s, per con\u00e8ixer\u2019s m\u00e9s, per mostrar el que \u00e9s important per a ells i elles, amb quines dificultats s\u2019han trobat i com les ha superat, per compartir tamb\u00e9 els seus desitjos i les seves ganes de seguir aprenent.<\/p>\n<p>Estem conven\u00e7uts que preparar i fer aquesta presentaci\u00f3 davant <strong>una audi\u00e8ncia a qui li importa<\/strong>, ajudar\u00e0 als nois i les noies a fer-se m\u00e9s <strong>protagonistes del seu aprenentatge i a desenvolupar les seves habilitats reflexives i comunicatives<\/strong>. I ens ajudar\u00e0 als altres a con\u00e8ixer\u2019ls m\u00e9s, a <strong>entendre m\u00e9s profundament com aprenen<\/strong>, a saber com els podem acompanyar millor, i a fer gest, en el si de la comunitat, una frase que repetim sovint: aprendre importa.<\/p>\n<p>Importa perqu\u00e8 el m\u00f3n est\u00e0 ple de reptes i preguntes fascinants. Importa perqu\u00e8 tothom t\u00e9 dret a aprendre i construir un projecte de vida propi que li permeti viure amb dignitat. Importa perqu\u00e8 aprendre, i fer-ho amb altres, ens pot fer millor individual i col\u00b7lectivament. I per qu\u00e8 el m\u00f3n necessita una ciutadania competent i cr\u00edtica amb capacitat per intervenir en el m\u00f3n i fer-lo millor.<\/p>\n<p>Esperem que la proposta us sembli tan interessant com a nosaltres. I sobretot desitgem que les presentacions siguin <strong>una ocasi\u00f3 per compartir, per seguir aprenent i posar al centre dels vincles que ens uneixen l\u2019aprenentatge dels nois i les noies<\/strong>, que \u00e9s tamb\u00e9 el de tots i totes nosaltres.<\/p>\n<h3>Participaci\u00f3 de la comunitat educativa a trav\u00e9s de l&#8217;AFA<\/h3>\n<p>Un cop m\u00e9s, volem agrair p\u00fablicament a l&#8217;<strong>AFA<\/strong> la complicitat per endegar aquesta nova iniciativa, i en particular, per acceptar el repte d&#8217;assumir un paper actiu i rellevant en la posada en marxa, no nom\u00e9s pel que fa a aspectes organitzatius, sin\u00f3 sobretot per decidir-se a formar un equip de representats de les fam\u00edlies que pugui participar com a panelistes de les presentacions dels nois i noies. Gr\u00e0cies!<\/p>\n","protected":false},"excerpt":{"rendered":"<p>No s\u2019apr\u00e8n de l\u2019experi\u00e8ncia, sin\u00f3 de la reflexi\u00f3 sobre l\u2019experi\u00e8ncia John Dewey, pedag\u00f2g. Aquest ha estat certament un curs intens, per\u00f2, malgrat les limitacions que la situaci\u00f3 imposava, els vostres fills i filles han continuat creixent i aprenent, enfrontant-se a reptes i preguntes importants, creant, treballant amb altres, comunicant all\u00f2 que saben o que els [&hellip;]<\/p>\n","protected":false},"author":6,"featured_media":6780,"comment_status":"open","ping_status":"closed","sticky":false,"template":"","format":"standard","meta":{"_bbp_topic_count":0,"_bbp_reply_count":0,"_bbp_total_topic_count":0,"_bbp_total_reply_count":0,"_bbp_voice_count":0,"_bbp_anonymous_reply_count":0,"_bbp_topic_count_hidden":0,"_bbp_reply_count_hidden":0,"_bbp_forum_subforum_count":0,"site-sidebar-layout":"default","site-content-layout":"","ast-site-content-layout":"","site-content-style":"default","site-sidebar-style":"default","ast-global-header-display":"","ast-banner-title-visibility":"","ast-main-header-display":"","ast-hfb-above-header-display":"","ast-hfb-below-header-display":"","ast-hfb-mobile-header-display":"","site-post-title":"","ast-breadcrumbs-content":"","ast-featured-img":"","footer-sml-layout":"","theme-transparent-header-meta":"","adv-header-id-meta":"","stick-header-meta":"","header-above-stick-meta":"","header-main-stick-meta":"","header-below-stick-meta":"","astra-migrate-meta-layouts":"default","ast-page-background-enabled":"default","ast-page-background-meta":{"desktop":{"background-color":"var(--ast-global-color-4)","background-image":"","background-repeat":"repeat","background-position":"center center","background-size":"auto","background-attachment":"scroll","background-type":"","background-media":"","overlay-type":"","overlay-color":"","overlay-opacity":"","overlay-gradient":""},"tablet":{"background-color":"","background-image":"","background-repeat":"repeat","background-position":"center center","background-size":"auto","background-attachment":"scroll","background-type":"","background-media":"","overlay-type":"","overlay-color":"","overlay-opacity":"","overlay-gradient":""},"mobile":{"background-color":"","background-image":"","background-repeat":"repeat","background-position":"center center","background-size":"auto","background-attachment":"scroll","background-type":"","background-media":"","overlay-type":"","overlay-color":"","overlay-opacity":"","overlay-gradient":""}},"ast-content-background-meta":{"desktop":{"background-color":"var(--ast-global-color-5)","background-image":"","background-repeat":"repeat","background-position":"center center","background-size":"auto","background-attachment":"scroll","background-type":"","background-media":"","overlay-type":"","overlay-color":"","overlay-opacity":"","overlay-gradient":""},"tablet":{"background-color":"var(--ast-global-color-5)","background-image":"","background-repeat":"repeat","background-position":"center center","background-size":"auto","background-attachment":"scroll","background-type":"","background-media":"","overlay-type":"","overlay-color":"","overlay-opacity":"","overlay-gradient":""},"mobile":{"background-color":"var(--ast-global-color-5)","background-image":"","background-repeat":"repeat","background-position":"center center","background-size":"auto","background-attachment":"scroll","background-type":"","background-media":"","overlay-type":"","overlay-color":"","overlay-opacity":"","overlay-gradient":""}},"footnotes":""},"categories":[513,466,29,301],"tags":[515],"class_list":["post-6778","post","type-post","status-publish","format-standard","has-post-thumbnail","hentry","category-2020-21","category-participacio","category-portada","category-secundaria","tag-presentacio-daprenentatge"],"post_mailing_queue_ids":[],"_links":{"self":[{"href":"https:\/\/agora.xtec.cat\/ielesvinyes\/wp-json\/wp\/v2\/posts\/6778","targetHints":{"allow":["GET"]}}],"collection":[{"href":"https:\/\/agora.xtec.cat\/ielesvinyes\/wp-json\/wp\/v2\/posts"}],"about":[{"href":"https:\/\/agora.xtec.cat\/ielesvinyes\/wp-json\/wp\/v2\/types\/post"}],"author":[{"embeddable":true,"href":"https:\/\/agora.xtec.cat\/ielesvinyes\/wp-json\/wp\/v2\/users\/6"}],"replies":[{"embeddable":true,"href":"https:\/\/agora.xtec.cat\/ielesvinyes\/wp-json\/wp\/v2\/comments?post=6778"}],"version-history":[{"count":3,"href":"https:\/\/agora.xtec.cat\/ielesvinyes\/wp-json\/wp\/v2\/posts\/6778\/revisions"}],"predecessor-version":[{"id":6782,"href":"https:\/\/agora.xtec.cat\/ielesvinyes\/wp-json\/wp\/v2\/posts\/6778\/revisions\/6782"}],"wp:featuredmedia":[{"embeddable":true,"href":"https:\/\/agora.xtec.cat\/ielesvinyes\/wp-json\/wp\/v2\/media\/6780"}],"wp:attachment":[{"href":"https:\/\/agora.xtec.cat\/ielesvinyes\/wp-json\/wp\/v2\/media?parent=6778"}],"wp:term":[{"taxonomy":"category","embeddable":true,"href":"https:\/\/agora.xtec.cat\/ielesvinyes\/wp-json\/wp\/v2\/categories?post=6778"},{"taxonomy":"post_tag","embeddable":true,"href":"https:\/\/agora.xtec.cat\/ielesvinyes\/wp-json\/wp\/v2\/tags?post=6778"}],"curies":[{"name":"wp","href":"https:\/\/api.w.org\/{rel}","templated":true}]}}