{"id":675,"date":"2012-11-12T08:01:21","date_gmt":"2012-11-12T07:01:21","guid":{"rendered":"http:\/\/ielesvinyes.net\/?p=675"},"modified":"2012-11-12T08:01:21","modified_gmt":"2012-11-12T07:01:21","slug":"bon-dia","status":"publish","type":"post","link":"https:\/\/agora.xtec.cat\/ielesvinyes\/etapes\/secundaria\/bon-dia\/","title":{"rendered":"Bon dia!"},"content":{"rendered":"<p>Avui comencem a tots els grups de l&#8217;ESO, l&#8217;activitat <strong><span style=\"color: #008000;\">Bon dia!<\/span><\/strong><\/p>\n<p><a href=\"http:\/\/agora.xtec.cat\/ielesvinyes\/wp-content\/uploads\/usu1433\/2012\/11\/2012-10-03imatge-mans1.jpg\"><img loading=\"lazy\" decoding=\"async\" class=\"alignleft  wp-image-676\" title=\"2012-10-03+imatge+-+mans[1]\" src=\"http:\/\/agora.xtec.cat\/ielesvinyes\/wp-content\/uploads\/usu1433\/2012\/11\/2012-10-03imatge-mans1-1024x768.jpg\" alt=\"\" width=\"314\" height=\"235\" srcset=\"https:\/\/agora.xtec.cat\/ielesvinyes\/wp-content\/uploads\/usu1433\/2012\/11\/2012-10-03imatge-mans1-1024x768.jpg 1024w, https:\/\/agora.xtec.cat\/ielesvinyes\/wp-content\/uploads\/usu1433\/2012\/11\/2012-10-03imatge-mans1-300x225.jpg 300w, https:\/\/agora.xtec.cat\/ielesvinyes\/wp-content\/uploads\/usu1433\/2012\/11\/2012-10-03imatge-mans1-768x576.jpg 768w, https:\/\/agora.xtec.cat\/ielesvinyes\/wp-content\/uploads\/usu1433\/2012\/11\/2012-10-03imatge-mans1-200x150.jpg 200w, https:\/\/agora.xtec.cat\/ielesvinyes\/wp-content\/uploads\/usu1433\/2012\/11\/2012-10-03imatge-mans1.jpg 1600w\" sizes=\"auto, (max-width: 314px) 100vw, 314px\" \/><\/a><\/p>\n<p>Cada dia, a les 8 del mat\u00ed ens donarem el <strong>Bon dia!<\/strong> amb una imatge, una can\u00e7\u00f3, una frase breu, un v\u00eddeo o una not\u00edcia. Un petit espai de reflexi\u00f3 personal de bon mat\u00ed per a predisposar-nos a treballar.<\/p>\n<p>El\u00a0<strong>Bon dia!<\/strong>\u00a0oferir\u00e0 continguts que tinguin inter\u00e8s per la consci\u00e8ncia que desperten, per la seva bellesa intr\u00ednseca o per l\u2019estat an\u00edmic que promocionen.<\/p>\n<p>Propostes amb valors positius en un temps de pensament i evocaci\u00f3 personal acompanyat, si s&#8217;escau, un breu di\u00e0leg amb tota la classe.<\/p>\n<p><strong>Bon dia a tothom!<\/strong><\/p>\n","protected":false},"excerpt":{"rendered":"<p>Avui comencem a tots els grups de l&#8217;ESO, l&#8217;activitat Bon dia! Cada dia, a les 8 del mat\u00ed ens donarem el Bon dia! amb una imatge, una can\u00e7\u00f3, una frase breu, un v\u00eddeo o una not\u00edcia. Un petit espai de reflexi\u00f3 personal de bon mat\u00ed per a predisposar-nos a treballar. El\u00a0Bon dia!\u00a0oferir\u00e0 continguts que tinguin [&hellip;]<\/p>\n","protected":false},"author":1,"featured_media":0,"comment_status":"open","ping_status":"open","sticky":false,"template":"","format":"standard","meta":{"_bbp_topic_count":0,"_bbp_reply_count":0,"_bbp_total_topic_count":0,"_bbp_total_reply_count":0,"_bbp_voice_count":0,"_bbp_anonymous_reply_count":0,"_bbp_topic_count_hidden":0,"_bbp_reply_count_hidden":0,"_bbp_forum_subforum_count":0,"site-sidebar-layout":"default","site-content-layout":"","ast-site-content-layout":"","site-content-style":"default","site-sidebar-style":"default","ast-global-header-display":"","ast-banner-title-visibility":"","ast-main-header-display":"","ast-hfb-above-header-display":"","ast-hfb-below-header-display":"","ast-hfb-mobile-header-display":"","site-post-title":"","ast-breadcrumbs-content":"","ast-featured-img":"","footer-sml-layout":"","theme-transparent-header-meta":"","adv-header-id-meta":"","stick-header-meta":"","header-above-stick-meta":"","header-main-stick-meta":"","header-below-stick-meta":"","astra-migrate-meta-layouts":"default","ast-page-background-enabled":"default","ast-page-background-meta":{"desktop":{"background-color":"var(--ast-global-color-4)","background-image":"","background-repeat":"repeat","background-position":"center center","background-size":"auto","background-attachment":"scroll","background-type":"","background-media":"","overlay-type":"","overlay-color":"","overlay-opacity":"","overlay-gradient":""},"tablet":{"background-color":"","background-image":"","background-repeat":"repeat","background-position":"center center","background-size":"auto","background-attachment":"scroll","background-type":"","background-media":"","overlay-type":"","overlay-color":"","overlay-opacity":"","overlay-gradient":""},"mobile":{"background-color":"","background-image":"","background-repeat":"repeat","background-position":"center center","background-size":"auto","background-attachment":"scroll","background-type":"","background-media":"","overlay-type":"","overlay-color":"","overlay-opacity":"","overlay-gradient":""}},"ast-content-background-meta":{"desktop":{"background-color":"var(--ast-global-color-5)","background-image":"","background-repeat":"repeat","background-position":"center center","background-size":"auto","background-attachment":"scroll","background-type":"","background-media":"","overlay-type":"","overlay-color":"","overlay-opacity":"","overlay-gradient":""},"tablet":{"background-color":"var(--ast-global-color-5)","background-image":"","background-repeat":"repeat","background-position":"center center","background-size":"auto","background-attachment":"scroll","background-type":"","background-media":"","overlay-type":"","overlay-color":"","overlay-opacity":"","overlay-gradient":""},"mobile":{"background-color":"var(--ast-global-color-5)","background-image":"","background-repeat":"repeat","background-position":"center center","background-size":"auto","background-attachment":"scroll","background-type":"","background-media":"","overlay-type":"","overlay-color":"","overlay-opacity":"","overlay-gradient":""}},"footnotes":""},"categories":[301],"tags":[],"class_list":["post-675","post","type-post","status-publish","format-standard","hentry","category-secundaria"],"post_mailing_queue_ids":[],"_links":{"self":[{"href":"https:\/\/agora.xtec.cat\/ielesvinyes\/wp-json\/wp\/v2\/posts\/675","targetHints":{"allow":["GET"]}}],"collection":[{"href":"https:\/\/agora.xtec.cat\/ielesvinyes\/wp-json\/wp\/v2\/posts"}],"about":[{"href":"https:\/\/agora.xtec.cat\/ielesvinyes\/wp-json\/wp\/v2\/types\/post"}],"author":[{"embeddable":true,"href":"https:\/\/agora.xtec.cat\/ielesvinyes\/wp-json\/wp\/v2\/users\/1"}],"replies":[{"embeddable":true,"href":"https:\/\/agora.xtec.cat\/ielesvinyes\/wp-json\/wp\/v2\/comments?post=675"}],"version-history":[{"count":0,"href":"https:\/\/agora.xtec.cat\/ielesvinyes\/wp-json\/wp\/v2\/posts\/675\/revisions"}],"wp:attachment":[{"href":"https:\/\/agora.xtec.cat\/ielesvinyes\/wp-json\/wp\/v2\/media?parent=675"}],"wp:term":[{"taxonomy":"category","embeddable":true,"href":"https:\/\/agora.xtec.cat\/ielesvinyes\/wp-json\/wp\/v2\/categories?post=675"},{"taxonomy":"post_tag","embeddable":true,"href":"https:\/\/agora.xtec.cat\/ielesvinyes\/wp-json\/wp\/v2\/tags?post=675"}],"curies":[{"name":"wp","href":"https:\/\/api.w.org\/{rel}","templated":true}]}}