{"id":6716,"date":"2021-04-21T23:09:23","date_gmt":"2021-04-21T21:09:23","guid":{"rendered":"http:\/\/agora.xtec.cat\/ielesvinyes\/?p=6716"},"modified":"2022-09-28T06:53:03","modified_gmt":"2022-09-28T04:53:03","slug":"entre-volcans","status":"publish","type":"post","link":"https:\/\/agora.xtec.cat\/ielesvinyes\/portada\/entre-volcans\/","title":{"rendered":"ENTRE VOLCANS!"},"content":{"rendered":"<p><span id=\"m_1038093118742007551gmail-docs-internal-guid-b68ca3d7-7fff-338f-ccda-cbb0abec7f62\"><img loading=\"lazy\" decoding=\"async\" class=\"alignleft wp-image-6718 size-medium\" src=\"https:\/\/agora.xtec.cat\/ielesvinyes\/wp-content\/uploads\/usu1433\/2021\/04\/IMG_3098_v1-263x300.jpg\" alt=\"\" width=\"263\" height=\"300\" srcset=\"https:\/\/agora.xtec.cat\/ielesvinyes\/wp-content\/uploads\/usu1433\/2021\/04\/IMG_3098_v1-263x300.jpg 263w, https:\/\/agora.xtec.cat\/ielesvinyes\/wp-content\/uploads\/usu1433\/2021\/04\/IMG_3098_v1-768x875.jpg 768w, https:\/\/agora.xtec.cat\/ielesvinyes\/wp-content\/uploads\/usu1433\/2021\/04\/IMG_3098_v1-899x1024.jpg 899w\" sizes=\"auto, (max-width: 263px) 100vw, 263px\" \/>Els Investigadors i Investigadores del m\u00f3n, hem anat al Camp d&#8217;Aprenentatge de la Garrotxa que es troba a Olot, a la comarca de la Garrotxa, i les activitats que hem realitzat han estat situades dins la zona volc\u00e0nica, situada dins l\u2019espai natural protegit del Parc Natural de la Zona Volc\u00e0nica de la Garrotxa (el volc\u00e0 Croscat, el volc\u00e0 Montsacopa i la Fageda d&#8217;en Jord\u00e0). Les activitats han estat relacionades amb el Vulcanisme i la natura. <\/span>\u00a0<span id=\"m_1038093118742007551gmail-docs-internal-guid-6f8fe6d8-7fff-b767-9622-372c8e46910c\">Les diferents activitats portades a terme ens han permet acostar-nos al medi a partir d\u2019una metodologia\u00a0 interdisciplinar i significativa, on l\u2019alumnat ha estat el principal protagonista del seu propi aprenentatge.<\/span><\/p>\n<div>A m\u00e9s, ha estat una oportunitat per experimentar la conviv\u00e8ncia durant aquests tres dies amb tots els companys i companyes del grup.<\/div>\n","protected":false},"excerpt":{"rendered":"<p>Els Investigadors i Investigadores del m\u00f3n, hem anat al Camp d&#8217;Aprenentatge de la Garrotxa que es troba a Olot, a la comarca de la Garrotxa, i les activitats que hem realitzat han estat situades dins la zona volc\u00e0nica, situada dins l\u2019espai natural protegit del Parc Natural de la Zona Volc\u00e0nica de la Garrotxa (el volc\u00e0 [&hellip;]<\/p>\n","protected":false},"author":6,"featured_media":6717,"comment_status":"open","ping_status":"closed","sticky":false,"template":"","format":"standard","meta":{"_bbp_topic_count":0,"_bbp_reply_count":0,"_bbp_total_topic_count":0,"_bbp_total_reply_count":0,"_bbp_voice_count":0,"_bbp_anonymous_reply_count":0,"_bbp_topic_count_hidden":0,"_bbp_reply_count_hidden":0,"_bbp_forum_subforum_count":0,"site-sidebar-layout":"default","site-content-layout":"","ast-site-content-layout":"","site-content-style":"default","site-sidebar-style":"default","ast-global-header-display":"","ast-banner-title-visibility":"","ast-main-header-display":"","ast-hfb-above-header-display":"","ast-hfb-below-header-display":"","ast-hfb-mobile-header-display":"","site-post-title":"","ast-breadcrumbs-content":"","ast-featured-img":"","footer-sml-layout":"","theme-transparent-header-meta":"","adv-header-id-meta":"","stick-header-meta":"","header-above-stick-meta":"","header-main-stick-meta":"","header-below-stick-meta":"","astra-migrate-meta-layouts":"default","ast-page-background-enabled":"default","ast-page-background-meta":{"desktop":{"background-color":"var(--ast-global-color-4)","background-image":"","background-repeat":"repeat","background-position":"center center","background-size":"auto","background-attachment":"scroll","background-type":"","background-media":"","overlay-type":"","overlay-color":"","overlay-opacity":"","overlay-gradient":""},"tablet":{"background-color":"","background-image":"","background-repeat":"repeat","background-position":"center center","background-size":"auto","background-attachment":"scroll","background-type":"","background-media":"","overlay-type":"","overlay-color":"","overlay-opacity":"","overlay-gradient":""},"mobile":{"background-color":"","background-image":"","background-repeat":"repeat","background-position":"center center","background-size":"auto","background-attachment":"scroll","background-type":"","background-media":"","overlay-type":"","overlay-color":"","overlay-opacity":"","overlay-gradient":""}},"ast-content-background-meta":{"desktop":{"background-color":"var(--ast-global-color-5)","background-image":"","background-repeat":"repeat","background-position":"center center","background-size":"auto","background-attachment":"scroll","background-type":"","background-media":"","overlay-type":"","overlay-color":"","overlay-opacity":"","overlay-gradient":""},"tablet":{"background-color":"var(--ast-global-color-5)","background-image":"","background-repeat":"repeat","background-position":"center center","background-size":"auto","background-attachment":"scroll","background-type":"","background-media":"","overlay-type":"","overlay-color":"","overlay-opacity":"","overlay-gradient":""},"mobile":{"background-color":"var(--ast-global-color-5)","background-image":"","background-repeat":"repeat","background-position":"center center","background-size":"auto","background-attachment":"scroll","background-type":"","background-media":"","overlay-type":"","overlay-color":"","overlay-opacity":"","overlay-gradient":""}},"footnotes":""},"categories":[513,100,29],"tags":[],"class_list":["post-6716","post","type-post","status-publish","format-standard","has-post-thumbnail","hentry","category-2020-21","category-infipri","category-portada"],"post_mailing_queue_ids":[],"_links":{"self":[{"href":"https:\/\/agora.xtec.cat\/ielesvinyes\/wp-json\/wp\/v2\/posts\/6716","targetHints":{"allow":["GET"]}}],"collection":[{"href":"https:\/\/agora.xtec.cat\/ielesvinyes\/wp-json\/wp\/v2\/posts"}],"about":[{"href":"https:\/\/agora.xtec.cat\/ielesvinyes\/wp-json\/wp\/v2\/types\/post"}],"author":[{"embeddable":true,"href":"https:\/\/agora.xtec.cat\/ielesvinyes\/wp-json\/wp\/v2\/users\/6"}],"replies":[{"embeddable":true,"href":"https:\/\/agora.xtec.cat\/ielesvinyes\/wp-json\/wp\/v2\/comments?post=6716"}],"version-history":[{"count":1,"href":"https:\/\/agora.xtec.cat\/ielesvinyes\/wp-json\/wp\/v2\/posts\/6716\/revisions"}],"predecessor-version":[{"id":6719,"href":"https:\/\/agora.xtec.cat\/ielesvinyes\/wp-json\/wp\/v2\/posts\/6716\/revisions\/6719"}],"wp:featuredmedia":[{"embeddable":true,"href":"https:\/\/agora.xtec.cat\/ielesvinyes\/wp-json\/wp\/v2\/media\/6717"}],"wp:attachment":[{"href":"https:\/\/agora.xtec.cat\/ielesvinyes\/wp-json\/wp\/v2\/media?parent=6716"}],"wp:term":[{"taxonomy":"category","embeddable":true,"href":"https:\/\/agora.xtec.cat\/ielesvinyes\/wp-json\/wp\/v2\/categories?post=6716"},{"taxonomy":"post_tag","embeddable":true,"href":"https:\/\/agora.xtec.cat\/ielesvinyes\/wp-json\/wp\/v2\/tags?post=6716"}],"curies":[{"name":"wp","href":"https:\/\/api.w.org\/{rel}","templated":true}]}}