{"id":6682,"date":"2021-03-25T11:09:34","date_gmt":"2021-03-25T10:09:34","guid":{"rendered":"http:\/\/agora.xtec.cat\/ielesvinyes\/?p=6682"},"modified":"2022-09-28T06:53:15","modified_gmt":"2022-09-28T04:53:15","slug":"somiar-en-un-camp-de-concentracio","status":"publish","type":"post","link":"https:\/\/agora.xtec.cat\/ielesvinyes\/portada\/somiar-en-un-camp-de-concentracio\/","title":{"rendered":"SOMIAR EN UN CAMP DE CONCENTRACI\u00d3&#8230;"},"content":{"rendered":"<p><span style=\"font-weight: 400;\">Somiar, qu\u00e8 \u00e9s somiar? Com podem controlar el qu\u00e8 somiem?<\/span><\/p>\n<p><span style=\"font-weight: 400;\">Aquesta \u00e9s la pregunta que ens plantegem a l\u2019aula dels futuristes i de seguida ens surt la inc\u00f2gnita de si tothom somia igual, sorgeix la inc\u00f2gnita que no totes les persones dormim en un llit o fins i tot sota teulada, i ens surt la inc\u00f2gnita que hi ha hagut \u00e8poques de malson al llarg de la hist\u00f2ria.<\/span><\/p>\n<p><span style=\"font-weight: 400;\"> <img loading=\"lazy\" decoding=\"async\" class=\"alignleft wp-image-6687 size-thumbnail\" src=\"https:\/\/agora.xtec.cat\/ielesvinyes\/wp-content\/uploads\/usu1433\/2021\/03\/20210319_155019_1-150x150.jpg\" alt=\"\" width=\"150\" height=\"150\" \/> Aquest fet ens porta a parlar de l\u2019Alemanya nazi, del model dictatorial i sobretot dels camps de concentraci\u00f3. Uns espais que n\u2019hem sentit a parlar per\u00f2 sempre com un tab\u00fa de la societat i on poques persones expressen el que hi passava.<img loading=\"lazy\" decoding=\"async\" class=\"alignright wp-image-6691 size-thumbnail\" src=\"https:\/\/agora.xtec.cat\/ielesvinyes\/wp-content\/uploads\/usu1433\/2021\/03\/20210319_155614_1-150x150.jpg\" alt=\"\" width=\"150\" height=\"150\" \/><\/span><\/p>\n<p><span style=\"font-weight: 400;\">La nostra inquietud i ganes de saber ens porten a la investigaci\u00f3 a trav\u00e9s de documents que continuen vius com cartes de testimonis, llibres basats en fets reals com el que narra la hist\u00f2ria de Neus Catal\u00e0, llibres que expliquen com s\u2019amagaven com el cl\u00e0ssic \u201cDiari d\u2019Anna Frank, i tamb\u00e9 a trav\u00e9s de filmoteca com \u201cEl nen del pijama de ratlles\u201d<\/span><\/p>\n<p><span style=\"font-weight: 400;\"><img loading=\"lazy\" decoding=\"async\" class=\"alignleft wp-image-6688 size-medium\" src=\"https:\/\/agora.xtec.cat\/ielesvinyes\/wp-content\/uploads\/usu1433\/2021\/03\/20210319_155417_1-225x300.jpg\" alt=\"\" width=\"225\" height=\"300\" srcset=\"https:\/\/agora.xtec.cat\/ielesvinyes\/wp-content\/uploads\/usu1433\/2021\/03\/20210319_155417_1-225x300.jpg 225w, https:\/\/agora.xtec.cat\/ielesvinyes\/wp-content\/uploads\/usu1433\/2021\/03\/20210319_155417_1-768x1024.jpg 768w, https:\/\/agora.xtec.cat\/ielesvinyes\/wp-content\/uploads\/usu1433\/2021\/03\/20210319_155417_1.jpg 1224w\" sizes=\"auto, (max-width: 225px) 100vw, 225px\" \/>Tant \u00e9s aix\u00ed que a llarg de la nostra investigaci\u00f3 ens han colpit les imatges, els fragments que hem llegit i ens hem pogut fer una lleugera idea de la realitat dels jueus en l\u2019\u00e8poca del nazisme.<\/span><\/p>\n<p><span style=\"font-weight: 400;\">Hem volgut transmetre el que molts d\u2019ells sentien, hem volgut posar imatges actuals per entendre situacions passades.<img loading=\"lazy\" decoding=\"async\" class=\"alignright wp-image-6689 size-medium\" src=\"https:\/\/agora.xtec.cat\/ielesvinyes\/wp-content\/uploads\/usu1433\/2021\/03\/20210319_155851_1-225x300.jpg\" alt=\"\" width=\"225\" height=\"300\" srcset=\"https:\/\/agora.xtec.cat\/ielesvinyes\/wp-content\/uploads\/usu1433\/2021\/03\/20210319_155851_1-225x300.jpg 225w, https:\/\/agora.xtec.cat\/ielesvinyes\/wp-content\/uploads\/usu1433\/2021\/03\/20210319_155851_1-768x1024.jpg 768w, https:\/\/agora.xtec.cat\/ielesvinyes\/wp-content\/uploads\/usu1433\/2021\/03\/20210319_155851_1.jpg 1224w\" sizes=\"auto, (max-width: 225px) 100vw, 225px\" \/><\/span><\/p>\n<p><span style=\"font-weight: 400;\">Per a aquest motiu, vam comen\u00e7ar a cercar imatges del nostre centre per tal de poder representar un camp de concentraci\u00f3 i transmetre els sentiments que nosaltres hem sentit mentre an\u00e0vem descobrint part de la hist\u00f2ria.<\/span><\/p>\n","protected":false},"excerpt":{"rendered":"<p>Somiar, qu\u00e8 \u00e9s somiar? Com podem controlar el qu\u00e8 somiem? Aquesta \u00e9s la pregunta que ens plantegem a l\u2019aula dels futuristes i de seguida ens surt la inc\u00f2gnita de si tothom somia igual, sorgeix la inc\u00f2gnita que no totes les persones dormim en un llit o fins i tot sota teulada, i ens surt la [&hellip;]<\/p>\n","protected":false},"author":6,"featured_media":6686,"comment_status":"open","ping_status":"closed","sticky":false,"template":"","format":"standard","meta":{"_bbp_topic_count":0,"_bbp_reply_count":0,"_bbp_total_topic_count":0,"_bbp_total_reply_count":0,"_bbp_voice_count":0,"_bbp_anonymous_reply_count":0,"_bbp_topic_count_hidden":0,"_bbp_reply_count_hidden":0,"_bbp_forum_subforum_count":0,"site-sidebar-layout":"default","site-content-layout":"","ast-site-content-layout":"","site-content-style":"default","site-sidebar-style":"default","ast-global-header-display":"","ast-banner-title-visibility":"","ast-main-header-display":"","ast-hfb-above-header-display":"","ast-hfb-below-header-display":"","ast-hfb-mobile-header-display":"","site-post-title":"","ast-breadcrumbs-content":"","ast-featured-img":"","footer-sml-layout":"","theme-transparent-header-meta":"","adv-header-id-meta":"","stick-header-meta":"","header-above-stick-meta":"","header-main-stick-meta":"","header-below-stick-meta":"","astra-migrate-meta-layouts":"default","ast-page-background-enabled":"default","ast-page-background-meta":{"desktop":{"background-color":"var(--ast-global-color-4)","background-image":"","background-repeat":"repeat","background-position":"center center","background-size":"auto","background-attachment":"scroll","background-type":"","background-media":"","overlay-type":"","overlay-color":"","overlay-opacity":"","overlay-gradient":""},"tablet":{"background-color":"","background-image":"","background-repeat":"repeat","background-position":"center center","background-size":"auto","background-attachment":"scroll","background-type":"","background-media":"","overlay-type":"","overlay-color":"","overlay-opacity":"","overlay-gradient":""},"mobile":{"background-color":"","background-image":"","background-repeat":"repeat","background-position":"center center","background-size":"auto","background-attachment":"scroll","background-type":"","background-media":"","overlay-type":"","overlay-color":"","overlay-opacity":"","overlay-gradient":""}},"ast-content-background-meta":{"desktop":{"background-color":"var(--ast-global-color-5)","background-image":"","background-repeat":"repeat","background-position":"center center","background-size":"auto","background-attachment":"scroll","background-type":"","background-media":"","overlay-type":"","overlay-color":"","overlay-opacity":"","overlay-gradient":""},"tablet":{"background-color":"var(--ast-global-color-5)","background-image":"","background-repeat":"repeat","background-position":"center center","background-size":"auto","background-attachment":"scroll","background-type":"","background-media":"","overlay-type":"","overlay-color":"","overlay-opacity":"","overlay-gradient":""},"mobile":{"background-color":"var(--ast-global-color-5)","background-image":"","background-repeat":"repeat","background-position":"center center","background-size":"auto","background-attachment":"scroll","background-type":"","background-media":"","overlay-type":"","overlay-color":"","overlay-opacity":"","overlay-gradient":""}},"footnotes":""},"categories":[513,100,29],"tags":[],"class_list":["post-6682","post","type-post","status-publish","format-standard","has-post-thumbnail","hentry","category-2020-21","category-infipri","category-portada"],"post_mailing_queue_ids":[],"_links":{"self":[{"href":"https:\/\/agora.xtec.cat\/ielesvinyes\/wp-json\/wp\/v2\/posts\/6682","targetHints":{"allow":["GET"]}}],"collection":[{"href":"https:\/\/agora.xtec.cat\/ielesvinyes\/wp-json\/wp\/v2\/posts"}],"about":[{"href":"https:\/\/agora.xtec.cat\/ielesvinyes\/wp-json\/wp\/v2\/types\/post"}],"author":[{"embeddable":true,"href":"https:\/\/agora.xtec.cat\/ielesvinyes\/wp-json\/wp\/v2\/users\/6"}],"replies":[{"embeddable":true,"href":"https:\/\/agora.xtec.cat\/ielesvinyes\/wp-json\/wp\/v2\/comments?post=6682"}],"version-history":[{"count":3,"href":"https:\/\/agora.xtec.cat\/ielesvinyes\/wp-json\/wp\/v2\/posts\/6682\/revisions"}],"predecessor-version":[{"id":6693,"href":"https:\/\/agora.xtec.cat\/ielesvinyes\/wp-json\/wp\/v2\/posts\/6682\/revisions\/6693"}],"wp:featuredmedia":[{"embeddable":true,"href":"https:\/\/agora.xtec.cat\/ielesvinyes\/wp-json\/wp\/v2\/media\/6686"}],"wp:attachment":[{"href":"https:\/\/agora.xtec.cat\/ielesvinyes\/wp-json\/wp\/v2\/media?parent=6682"}],"wp:term":[{"taxonomy":"category","embeddable":true,"href":"https:\/\/agora.xtec.cat\/ielesvinyes\/wp-json\/wp\/v2\/categories?post=6682"},{"taxonomy":"post_tag","embeddable":true,"href":"https:\/\/agora.xtec.cat\/ielesvinyes\/wp-json\/wp\/v2\/tags?post=6682"}],"curies":[{"name":"wp","href":"https:\/\/api.w.org\/{rel}","templated":true}]}}