{"id":6672,"date":"2021-03-24T21:40:13","date_gmt":"2021-03-24T20:40:13","guid":{"rendered":"http:\/\/agora.xtec.cat\/ielesvinyes\/?p=6672"},"modified":"2022-09-28T06:53:15","modified_gmt":"2022-09-28T04:53:15","slug":"medim-per-construir","status":"publish","type":"post","link":"https:\/\/agora.xtec.cat\/ielesvinyes\/portada\/medim-per-construir\/","title":{"rendered":"MEDIM PER CONSTRUIR"},"content":{"rendered":"<p><span id=\"m_-2056580320243396947gmail-docs-internal-guid-0f92a676-7fff-dd1b-7759-ddce8534c9bd\"><img loading=\"lazy\" decoding=\"async\" class=\"alignleft wp-image-6674 size-thumbnail\" src=\"https:\/\/agora.xtec.cat\/ielesvinyes\/wp-content\/uploads\/usu1433\/2021\/03\/IMG_2781_1-150x150.jpg\" alt=\"\" width=\"150\" height=\"150\" \/>Durant varies sessions, els Investigadors i Investigadores del Mon -1r de prim\u00e0ria- hem experimentat les mesures de longitud convencionals (el metre i cent\u00edmetre) ja que, per construir les casetes niu per al nostre projecte final, necessit\u00e0vem fer \u00fas de les diferents eines de mesura com\u00a0 el regle, el metre i la cinta m\u00e8trica.<img loading=\"lazy\" decoding=\"async\" class=\"alignright wp-image-6675 size-thumbnail\" src=\"https:\/\/agora.xtec.cat\/ielesvinyes\/wp-content\/uploads\/usu1433\/2021\/03\/IMG_2779_1-150x150.jpg\" alt=\"\" width=\"150\" height=\"150\" \/> <\/span><\/p>\n<p dir=\"ltr\">A m\u00e9s, vam poder mesurar la dist\u00e0ncia d&#8217;uns avions de paper que vam fer a microespais tot seguint un text instructiu.<\/p>\n<p dir=\"ltr\"><span style=\"font-weight: 400;\">Aquestes activitats tan vivencials ens han ajudat a entendre millor com funcionen les unitats de mesura.<\/span><\/p>\n<p>&nbsp;<\/p>\n","protected":false},"excerpt":{"rendered":"<p>Durant varies sessions, els Investigadors i Investigadores del Mon -1r de prim\u00e0ria- hem experimentat les mesures de longitud convencionals (el metre i cent\u00edmetre) ja que, per construir les casetes niu per al nostre projecte final, necessit\u00e0vem fer \u00fas de les diferents eines de mesura com\u00a0 el regle, el metre i la cinta m\u00e8trica. A m\u00e9s, [&hellip;]<\/p>\n","protected":false},"author":6,"featured_media":6673,"comment_status":"open","ping_status":"closed","sticky":false,"template":"","format":"standard","meta":{"_bbp_topic_count":0,"_bbp_reply_count":0,"_bbp_total_topic_count":0,"_bbp_total_reply_count":0,"_bbp_voice_count":0,"_bbp_anonymous_reply_count":0,"_bbp_topic_count_hidden":0,"_bbp_reply_count_hidden":0,"_bbp_forum_subforum_count":0,"site-sidebar-layout":"default","site-content-layout":"","ast-site-content-layout":"","site-content-style":"default","site-sidebar-style":"default","ast-global-header-display":"","ast-banner-title-visibility":"","ast-main-header-display":"","ast-hfb-above-header-display":"","ast-hfb-below-header-display":"","ast-hfb-mobile-header-display":"","site-post-title":"","ast-breadcrumbs-content":"","ast-featured-img":"","footer-sml-layout":"","theme-transparent-header-meta":"","adv-header-id-meta":"","stick-header-meta":"","header-above-stick-meta":"","header-main-stick-meta":"","header-below-stick-meta":"","astra-migrate-meta-layouts":"default","ast-page-background-enabled":"default","ast-page-background-meta":{"desktop":{"background-color":"var(--ast-global-color-4)","background-image":"","background-repeat":"repeat","background-position":"center center","background-size":"auto","background-attachment":"scroll","background-type":"","background-media":"","overlay-type":"","overlay-color":"","overlay-opacity":"","overlay-gradient":""},"tablet":{"background-color":"","background-image":"","background-repeat":"repeat","background-position":"center center","background-size":"auto","background-attachment":"scroll","background-type":"","background-media":"","overlay-type":"","overlay-color":"","overlay-opacity":"","overlay-gradient":""},"mobile":{"background-color":"","background-image":"","background-repeat":"repeat","background-position":"center center","background-size":"auto","background-attachment":"scroll","background-type":"","background-media":"","overlay-type":"","overlay-color":"","overlay-opacity":"","overlay-gradient":""}},"ast-content-background-meta":{"desktop":{"background-color":"var(--ast-global-color-5)","background-image":"","background-repeat":"repeat","background-position":"center center","background-size":"auto","background-attachment":"scroll","background-type":"","background-media":"","overlay-type":"","overlay-color":"","overlay-opacity":"","overlay-gradient":""},"tablet":{"background-color":"var(--ast-global-color-5)","background-image":"","background-repeat":"repeat","background-position":"center center","background-size":"auto","background-attachment":"scroll","background-type":"","background-media":"","overlay-type":"","overlay-color":"","overlay-opacity":"","overlay-gradient":""},"mobile":{"background-color":"var(--ast-global-color-5)","background-image":"","background-repeat":"repeat","background-position":"center center","background-size":"auto","background-attachment":"scroll","background-type":"","background-media":"","overlay-type":"","overlay-color":"","overlay-opacity":"","overlay-gradient":""}},"footnotes":""},"categories":[513,100,29],"tags":[],"class_list":["post-6672","post","type-post","status-publish","format-standard","has-post-thumbnail","hentry","category-2020-21","category-infipri","category-portada"],"post_mailing_queue_ids":[],"_links":{"self":[{"href":"https:\/\/agora.xtec.cat\/ielesvinyes\/wp-json\/wp\/v2\/posts\/6672","targetHints":{"allow":["GET"]}}],"collection":[{"href":"https:\/\/agora.xtec.cat\/ielesvinyes\/wp-json\/wp\/v2\/posts"}],"about":[{"href":"https:\/\/agora.xtec.cat\/ielesvinyes\/wp-json\/wp\/v2\/types\/post"}],"author":[{"embeddable":true,"href":"https:\/\/agora.xtec.cat\/ielesvinyes\/wp-json\/wp\/v2\/users\/6"}],"replies":[{"embeddable":true,"href":"https:\/\/agora.xtec.cat\/ielesvinyes\/wp-json\/wp\/v2\/comments?post=6672"}],"version-history":[{"count":3,"href":"https:\/\/agora.xtec.cat\/ielesvinyes\/wp-json\/wp\/v2\/posts\/6672\/revisions"}],"predecessor-version":[{"id":6681,"href":"https:\/\/agora.xtec.cat\/ielesvinyes\/wp-json\/wp\/v2\/posts\/6672\/revisions\/6681"}],"wp:featuredmedia":[{"embeddable":true,"href":"https:\/\/agora.xtec.cat\/ielesvinyes\/wp-json\/wp\/v2\/media\/6673"}],"wp:attachment":[{"href":"https:\/\/agora.xtec.cat\/ielesvinyes\/wp-json\/wp\/v2\/media?parent=6672"}],"wp:term":[{"taxonomy":"category","embeddable":true,"href":"https:\/\/agora.xtec.cat\/ielesvinyes\/wp-json\/wp\/v2\/categories?post=6672"},{"taxonomy":"post_tag","embeddable":true,"href":"https:\/\/agora.xtec.cat\/ielesvinyes\/wp-json\/wp\/v2\/tags?post=6672"}],"curies":[{"name":"wp","href":"https:\/\/api.w.org\/{rel}","templated":true}]}}