{"id":6614,"date":"2021-02-11T21:35:56","date_gmt":"2021-02-11T20:35:56","guid":{"rendered":"http:\/\/agora.xtec.cat\/ielesvinyes\/?p=6614"},"modified":"2022-09-28T06:53:16","modified_gmt":"2022-09-28T04:53:16","slug":"cabells-decorats","status":"publish","type":"post","link":"https:\/\/agora.xtec.cat\/ielesvinyes\/general\/cabells-decorats\/","title":{"rendered":"Cabells decorats!"},"content":{"rendered":"<p><span style=\"font-weight: 400;\"><img loading=\"lazy\" decoding=\"async\" class=\"alignleft wp-image-6615 size-medium\" src=\"https:\/\/agora.xtec.cat\/ielesvinyes\/wp-content\/uploads\/usu1433\/2021\/02\/C\u00f2pia-de-IMG_20210129_130637_bona-210x300.jpg\" alt=\"\" width=\"210\" height=\"300\" srcset=\"https:\/\/agora.xtec.cat\/ielesvinyes\/wp-content\/uploads\/usu1433\/2021\/02\/C\u00f2pia-de-IMG_20210129_130637_bona-210x300.jpg 210w, https:\/\/agora.xtec.cat\/ielesvinyes\/wp-content\/uploads\/usu1433\/2021\/02\/C\u00f2pia-de-IMG_20210129_130637_bona-768x1099.jpg 768w, https:\/\/agora.xtec.cat\/ielesvinyes\/wp-content\/uploads\/usu1433\/2021\/02\/C\u00f2pia-de-IMG_20210129_130637_bona-715x1024.jpg 715w\" sizes=\"auto, (max-width: 210px) 100vw, 210px\" \/>Els din\u00e0mics de segon hem posat a prova la nostra habilitat amb el grafisme i el tra\u00e7 per tal de poder agafar forces amb els dits i practicar els diferents moviments.\u00a0<\/span><\/p>\n<p><span style=\"font-weight: 400;\">La proposta s&#8217;engloba dins de l&#8217;\u00e0mbit art\u00edstic i, est\u00e0 proposada amb l&#8217;objectiu de treballar la creativitat, la imaginaci\u00f3, la representaci\u00f3 gr\u00e0fica i el tra\u00e7.<\/span><\/p>\n<p><span style=\"font-weight: 400;\">La combinaci\u00f3 de les diferents creacions individuals ha donat pas a una exposici\u00f3 art\u00edstica on els infants han triat des del t\u00edtol d&#8217;aquesta, a l&#8217;espai d&#8217;exposici\u00f3 i la distribuci\u00f3. Estem fets uns i unes artistes!<\/span><\/p>\n<p>&nbsp;<\/p>\n","protected":false},"excerpt":{"rendered":"<p>Els din\u00e0mics de segon hem posat a prova la nostra habilitat amb el grafisme i el tra\u00e7 per tal de poder agafar forces amb els dits i practicar els diferents moviments.\u00a0 La proposta s&#8217;engloba dins de l&#8217;\u00e0mbit art\u00edstic i, est\u00e0 proposada amb l&#8217;objectiu de treballar la creativitat, la imaginaci\u00f3, la representaci\u00f3 gr\u00e0fica i el tra\u00e7. [&hellip;]<\/p>\n","protected":false},"author":6,"featured_media":6616,"comment_status":"open","ping_status":"closed","sticky":false,"template":"","format":"standard","meta":{"_bbp_topic_count":0,"_bbp_reply_count":0,"_bbp_total_topic_count":0,"_bbp_total_reply_count":0,"_bbp_voice_count":0,"_bbp_anonymous_reply_count":0,"_bbp_topic_count_hidden":0,"_bbp_reply_count_hidden":0,"_bbp_forum_subforum_count":0,"site-sidebar-layout":"default","site-content-layout":"","ast-site-content-layout":"","site-content-style":"default","site-sidebar-style":"default","ast-global-header-display":"","ast-banner-title-visibility":"","ast-main-header-display":"","ast-hfb-above-header-display":"","ast-hfb-below-header-display":"","ast-hfb-mobile-header-display":"","site-post-title":"","ast-breadcrumbs-content":"","ast-featured-img":"","footer-sml-layout":"","theme-transparent-header-meta":"","adv-header-id-meta":"","stick-header-meta":"","header-above-stick-meta":"","header-main-stick-meta":"","header-below-stick-meta":"","astra-migrate-meta-layouts":"default","ast-page-background-enabled":"default","ast-page-background-meta":{"desktop":{"background-color":"var(--ast-global-color-4)","background-image":"","background-repeat":"repeat","background-position":"center center","background-size":"auto","background-attachment":"scroll","background-type":"","background-media":"","overlay-type":"","overlay-color":"","overlay-opacity":"","overlay-gradient":""},"tablet":{"background-color":"","background-image":"","background-repeat":"repeat","background-position":"center center","background-size":"auto","background-attachment":"scroll","background-type":"","background-media":"","overlay-type":"","overlay-color":"","overlay-opacity":"","overlay-gradient":""},"mobile":{"background-color":"","background-image":"","background-repeat":"repeat","background-position":"center center","background-size":"auto","background-attachment":"scroll","background-type":"","background-media":"","overlay-type":"","overlay-color":"","overlay-opacity":"","overlay-gradient":""}},"ast-content-background-meta":{"desktop":{"background-color":"var(--ast-global-color-5)","background-image":"","background-repeat":"repeat","background-position":"center center","background-size":"auto","background-attachment":"scroll","background-type":"","background-media":"","overlay-type":"","overlay-color":"","overlay-opacity":"","overlay-gradient":""},"tablet":{"background-color":"var(--ast-global-color-5)","background-image":"","background-repeat":"repeat","background-position":"center center","background-size":"auto","background-attachment":"scroll","background-type":"","background-media":"","overlay-type":"","overlay-color":"","overlay-opacity":"","overlay-gradient":""},"mobile":{"background-color":"var(--ast-global-color-5)","background-image":"","background-repeat":"repeat","background-position":"center center","background-size":"auto","background-attachment":"scroll","background-type":"","background-media":"","overlay-type":"","overlay-color":"","overlay-opacity":"","overlay-gradient":""}},"footnotes":""},"categories":[513,1,100,29],"tags":[],"class_list":["post-6614","post","type-post","status-publish","format-standard","has-post-thumbnail","hentry","category-2020-21","category-general","category-infipri","category-portada"],"post_mailing_queue_ids":[],"_links":{"self":[{"href":"https:\/\/agora.xtec.cat\/ielesvinyes\/wp-json\/wp\/v2\/posts\/6614","targetHints":{"allow":["GET"]}}],"collection":[{"href":"https:\/\/agora.xtec.cat\/ielesvinyes\/wp-json\/wp\/v2\/posts"}],"about":[{"href":"https:\/\/agora.xtec.cat\/ielesvinyes\/wp-json\/wp\/v2\/types\/post"}],"author":[{"embeddable":true,"href":"https:\/\/agora.xtec.cat\/ielesvinyes\/wp-json\/wp\/v2\/users\/6"}],"replies":[{"embeddable":true,"href":"https:\/\/agora.xtec.cat\/ielesvinyes\/wp-json\/wp\/v2\/comments?post=6614"}],"version-history":[{"count":2,"href":"https:\/\/agora.xtec.cat\/ielesvinyes\/wp-json\/wp\/v2\/posts\/6614\/revisions"}],"predecessor-version":[{"id":6618,"href":"https:\/\/agora.xtec.cat\/ielesvinyes\/wp-json\/wp\/v2\/posts\/6614\/revisions\/6618"}],"wp:featuredmedia":[{"embeddable":true,"href":"https:\/\/agora.xtec.cat\/ielesvinyes\/wp-json\/wp\/v2\/media\/6616"}],"wp:attachment":[{"href":"https:\/\/agora.xtec.cat\/ielesvinyes\/wp-json\/wp\/v2\/media?parent=6614"}],"wp:term":[{"taxonomy":"category","embeddable":true,"href":"https:\/\/agora.xtec.cat\/ielesvinyes\/wp-json\/wp\/v2\/categories?post=6614"},{"taxonomy":"post_tag","embeddable":true,"href":"https:\/\/agora.xtec.cat\/ielesvinyes\/wp-json\/wp\/v2\/tags?post=6614"}],"curies":[{"name":"wp","href":"https:\/\/api.w.org\/{rel}","templated":true}]}}