{"id":6600,"date":"2021-02-19T12:25:38","date_gmt":"2021-02-19T11:25:38","guid":{"rendered":"http:\/\/agora.xtec.cat\/ielesvinyes\/?p=6600"},"modified":"2022-09-28T07:03:28","modified_gmt":"2022-09-28T05:03:28","slug":"jornada-de-portes-obertes-descobreix-nos","status":"publish","type":"post","link":"https:\/\/agora.xtec.cat\/ielesvinyes\/general\/jornada-de-portes-obertes-descobreix-nos\/","title":{"rendered":"JORNADA DE PORTES OBERTES &#8211; Descobreix-nos!"},"content":{"rendered":"<p><img loading=\"lazy\" decoding=\"async\" class=\"alignleft wp-image-4477 size-medium\" src=\"https:\/\/agora.xtec.cat\/ielesvinyes\/wp-content\/uploads\/usu1433\/2019\/12\/Logo-IE-vertical-220x300.jpg\" alt=\"\" width=\"220\" height=\"300\" srcset=\"https:\/\/agora.xtec.cat\/ielesvinyes\/wp-content\/uploads\/usu1433\/2019\/12\/Logo-IE-vertical-220x300.jpg 220w, https:\/\/agora.xtec.cat\/ielesvinyes\/wp-content\/uploads\/usu1433\/2019\/12\/Logo-IE-vertical-768x1047.jpg 768w, https:\/\/agora.xtec.cat\/ielesvinyes\/wp-content\/uploads\/usu1433\/2019\/12\/Logo-IE-vertical-751x1024.jpg 751w, https:\/\/agora.xtec.cat\/ielesvinyes\/wp-content\/uploads\/usu1433\/2019\/12\/Logo-IE-vertical.jpg 1740w\" sizes=\"auto, (max-width: 220px) 100vw, 220px\" \/>L&#8217;<strong>Institut-Escola Les Vinyes<\/strong> obre les seves portes a totes aquelles fam\u00edlies que vulguin con\u00e8ixer el nostre projecte educatiu. Un <strong>Projecte Educatiu<\/strong> singular fonamentat en els 7 principis de l&#8217;aprenentatge a trav\u00e9s de la manipulaci\u00f3, investigaci\u00f3, experimentaci\u00f3 i els interessos dels alumnes.<\/p>\n<h4 style=\"text-align: center;\"><span style=\"color: #800080;\"><strong>Visita&#8217;ns del 8 a l&#8217;12 de mar\u00e7 del 2021 de 17 a 19 h\u00a0<\/strong><\/span><\/h4>\n<h3 style=\"text-align: center;\"><span style=\"color: #ff0000;\">CITES PR\u00c8VIES EXHAURIDES<\/span><\/h3>\n<p>Les visites s\u00f3n de <strong>forma presencial amb un m\u00e0xim de 10 persones per torn i respectant les normes sanit\u00e0ries<\/strong>: dist\u00e0ncia, mascareta, mans.<\/p>\n<p>Per a aquest motiu us demanem que demaneu<strong> cita pr\u00e8via<\/strong> als seg\u00fcents enlla\u00e7.<\/p>\n<p><a href=\"https:\/\/aplicacions.gestioeducativa.gencat.cat\/pls\/apex\/f?p=CITA_PREVIA:4::::4:P4_TIPUS_CALENDARI,P4_DOMINI:01_JPO_O,08067594\">CITA PR\u00c8VIA INFANTIL I PRIM\u00c0RIA <\/a>&#8211; <em>recomanem un m\u00e0xim de dues persones per nucli familiar i sense infants.<\/em><\/p>\n<p><a href=\"https:\/\/aplicacions.gestioeducativa.gencat.cat\/pls\/apex\/f?p=CITA_PREVIA:4::::4:P4_TIPUS_CALENDARI,P4_DOMINI:01_JPO_P,08067594\">CITA PR\u00c8VIA EDUCACI\u00d3 SECUND\u00c0RIA<\/a> &#8211; <em>recomanem un m\u00e0xim de dues persones per nucli familiar (tutors, tutor\/a-alumne\/a)<\/em><\/p>\n<p><strong>Les inscripcions s\u00f3n individuals<\/strong>, una per a cada persona que vingui a fer la visita. Recomanem seguir les indicacions pertinents per tal de poder oferir a tothom qui ho desitgi visitar el nostre centre.<\/p>\n<p>Si en algun cas, hi ha una fam\u00edlia que per diversos motius no pot assistir a la trobada agrair\u00edem que avises per deixar espai lliure a altres persones interessades.<\/p>\n<p>Podeu trobar tota la informaci\u00f3 al proc\u00e9s de preinscripci\u00f3 al web <a href=\"https:\/\/preinscripcio.gencat.cat\/ca\/inici\">https:\/\/preinscripcio.gencat.cat\/ca\/inici\u00a0<\/a><\/p>\n","protected":false},"excerpt":{"rendered":"<p>L&#8217;Institut-Escola Les Vinyes obre les seves portes a totes aquelles fam\u00edlies que vulguin con\u00e8ixer el nostre projecte educatiu. Un Projecte Educatiu singular fonamentat en els 7 principis de l&#8217;aprenentatge a trav\u00e9s de la manipulaci\u00f3, investigaci\u00f3, experimentaci\u00f3 i els interessos dels alumnes. Visita&#8217;ns del 8 a l&#8217;12 de mar\u00e7 del 2021 de 17 a 19 h\u00a0 [&hellip;]<\/p>\n","protected":false},"author":6,"featured_media":6653,"comment_status":"open","ping_status":"closed","sticky":false,"template":"","format":"standard","meta":{"_bbp_topic_count":0,"_bbp_reply_count":0,"_bbp_total_topic_count":0,"_bbp_total_reply_count":0,"_bbp_voice_count":0,"_bbp_anonymous_reply_count":0,"_bbp_topic_count_hidden":0,"_bbp_reply_count_hidden":0,"_bbp_forum_subforum_count":0,"site-sidebar-layout":"default","site-content-layout":"","ast-site-content-layout":"","site-content-style":"default","site-sidebar-style":"default","ast-global-header-display":"","ast-banner-title-visibility":"","ast-main-header-display":"","ast-hfb-above-header-display":"","ast-hfb-below-header-display":"","ast-hfb-mobile-header-display":"","site-post-title":"","ast-breadcrumbs-content":"","ast-featured-img":"","footer-sml-layout":"","theme-transparent-header-meta":"","adv-header-id-meta":"","stick-header-meta":"","header-above-stick-meta":"","header-main-stick-meta":"","header-below-stick-meta":"","astra-migrate-meta-layouts":"default","ast-page-background-enabled":"default","ast-page-background-meta":{"desktop":{"background-color":"var(--ast-global-color-4)","background-image":"","background-repeat":"repeat","background-position":"center center","background-size":"auto","background-attachment":"scroll","background-type":"","background-media":"","overlay-type":"","overlay-color":"","overlay-opacity":"","overlay-gradient":""},"tablet":{"background-color":"","background-image":"","background-repeat":"repeat","background-position":"center center","background-size":"auto","background-attachment":"scroll","background-type":"","background-media":"","overlay-type":"","overlay-color":"","overlay-opacity":"","overlay-gradient":""},"mobile":{"background-color":"","background-image":"","background-repeat":"repeat","background-position":"center center","background-size":"auto","background-attachment":"scroll","background-type":"","background-media":"","overlay-type":"","overlay-color":"","overlay-opacity":"","overlay-gradient":""}},"ast-content-background-meta":{"desktop":{"background-color":"var(--ast-global-color-5)","background-image":"","background-repeat":"repeat","background-position":"center center","background-size":"auto","background-attachment":"scroll","background-type":"","background-media":"","overlay-type":"","overlay-color":"","overlay-opacity":"","overlay-gradient":""},"tablet":{"background-color":"var(--ast-global-color-5)","background-image":"","background-repeat":"repeat","background-position":"center center","background-size":"auto","background-attachment":"scroll","background-type":"","background-media":"","overlay-type":"","overlay-color":"","overlay-opacity":"","overlay-gradient":""},"mobile":{"background-color":"var(--ast-global-color-5)","background-image":"","background-repeat":"repeat","background-position":"center center","background-size":"auto","background-attachment":"scroll","background-type":"","background-media":"","overlay-type":"","overlay-color":"","overlay-opacity":"","overlay-gradient":""}},"footnotes":""},"categories":[513,31,1,100,29,473,301],"tags":[],"class_list":["post-6600","post","type-post","status-publish","format-standard","has-post-thumbnail","hentry","category-2020-21","category-afa","category-general","category-infipri","category-portada","category-preinscripcio-matricula","category-secundaria"],"post_mailing_queue_ids":[],"_links":{"self":[{"href":"https:\/\/agora.xtec.cat\/ielesvinyes\/wp-json\/wp\/v2\/posts\/6600","targetHints":{"allow":["GET"]}}],"collection":[{"href":"https:\/\/agora.xtec.cat\/ielesvinyes\/wp-json\/wp\/v2\/posts"}],"about":[{"href":"https:\/\/agora.xtec.cat\/ielesvinyes\/wp-json\/wp\/v2\/types\/post"}],"author":[{"embeddable":true,"href":"https:\/\/agora.xtec.cat\/ielesvinyes\/wp-json\/wp\/v2\/users\/6"}],"replies":[{"embeddable":true,"href":"https:\/\/agora.xtec.cat\/ielesvinyes\/wp-json\/wp\/v2\/comments?post=6600"}],"version-history":[{"count":3,"href":"https:\/\/agora.xtec.cat\/ielesvinyes\/wp-json\/wp\/v2\/posts\/6600\/revisions"}],"predecessor-version":[{"id":6661,"href":"https:\/\/agora.xtec.cat\/ielesvinyes\/wp-json\/wp\/v2\/posts\/6600\/revisions\/6661"}],"wp:featuredmedia":[{"embeddable":true,"href":"https:\/\/agora.xtec.cat\/ielesvinyes\/wp-json\/wp\/v2\/media\/6653"}],"wp:attachment":[{"href":"https:\/\/agora.xtec.cat\/ielesvinyes\/wp-json\/wp\/v2\/media?parent=6600"}],"wp:term":[{"taxonomy":"category","embeddable":true,"href":"https:\/\/agora.xtec.cat\/ielesvinyes\/wp-json\/wp\/v2\/categories?post=6600"},{"taxonomy":"post_tag","embeddable":true,"href":"https:\/\/agora.xtec.cat\/ielesvinyes\/wp-json\/wp\/v2\/tags?post=6600"}],"curies":[{"name":"wp","href":"https:\/\/api.w.org\/{rel}","templated":true}]}}