{"id":6594,"date":"2020-10-23T21:40:42","date_gmt":"2020-10-23T19:40:42","guid":{"rendered":"http:\/\/agora.xtec.cat\/ielesvinyes\/?p=6594"},"modified":"2021-02-09T21:49:52","modified_gmt":"2021-02-09T20:49:52","slug":"anem-al-delta","status":"publish","type":"post","link":"https:\/\/agora.xtec.cat\/ielesvinyes\/portada\/anem-al-delta\/","title":{"rendered":"Anem al Delta"},"content":{"rendered":"<p><img loading=\"lazy\" decoding=\"async\" class=\"aligncenter size-large wp-image-6595\" src=\"https:\/\/agora.xtec.cat\/ielesvinyes\/wp-content\/uploads\/usu1433\/2021\/02\/20201015_110552-1024x352.jpg\" alt=\"\" width=\"1024\" height=\"352\" srcset=\"https:\/\/agora.xtec.cat\/ielesvinyes\/wp-content\/uploads\/usu1433\/2021\/02\/20201015_110552-1024x352.jpg 1024w, https:\/\/agora.xtec.cat\/ielesvinyes\/wp-content\/uploads\/usu1433\/2021\/02\/20201015_110552-300x103.jpg 300w, https:\/\/agora.xtec.cat\/ielesvinyes\/wp-content\/uploads\/usu1433\/2021\/02\/20201015_110552-768x264.jpg 768w\" sizes=\"auto, (max-width: 1024px) 100vw, 1024px\" \/><\/p>\n<p>Tot i la situaci\u00f3 actual d&#8217;aquest curs, les noies i nois de 5\u00e8 han pogut gaudir del seu Camp d&#8217;Aprenentatge al Delta de l&#8217;Ebre.<\/p>\n<p>Ha estat comen\u00e7ar el curs i poder gaudir uns dies per fer cohesi\u00f3 i coneixement de grup despr\u00e9s del confinament del curs passat.<\/p>\n<p>&nbsp;<\/p>\n<p>Al Delta han pogut anar amb bicicleta pels arrossars, observar ocells, visitar la llotja del peix,passejar en barca per les muscleres i fer una gimcana per Sant Carles de la R\u00e0pita.<\/p>\n<p>Tota una experi\u00e8ncia amb la que no comptaven amb aquest inici de curs tant peculiar.<\/p>\n","protected":false},"excerpt":{"rendered":"<p>Tot i la situaci\u00f3 actual d&#8217;aquest curs, les noies i nois de 5\u00e8 han pogut gaudir del seu Camp d&#8217;Aprenentatge al Delta de l&#8217;Ebre. Ha estat comen\u00e7ar el curs i poder gaudir uns dies per fer cohesi\u00f3 i coneixement de grup despr\u00e9s del confinament del curs passat. &nbsp; Al Delta han pogut anar amb bicicleta [&hellip;]<\/p>\n","protected":false},"author":6,"featured_media":6595,"comment_status":"open","ping_status":"closed","sticky":false,"template":"","format":"standard","meta":{"_bbp_topic_count":0,"_bbp_reply_count":0,"_bbp_total_topic_count":0,"_bbp_total_reply_count":0,"_bbp_voice_count":0,"_bbp_anonymous_reply_count":0,"_bbp_topic_count_hidden":0,"_bbp_reply_count_hidden":0,"_bbp_forum_subforum_count":0,"site-sidebar-layout":"default","site-content-layout":"","ast-site-content-layout":"","site-content-style":"default","site-sidebar-style":"default","ast-global-header-display":"","ast-banner-title-visibility":"","ast-main-header-display":"","ast-hfb-above-header-display":"","ast-hfb-below-header-display":"","ast-hfb-mobile-header-display":"","site-post-title":"","ast-breadcrumbs-content":"","ast-featured-img":"","footer-sml-layout":"","theme-transparent-header-meta":"","adv-header-id-meta":"","stick-header-meta":"","header-above-stick-meta":"","header-main-stick-meta":"","header-below-stick-meta":"","astra-migrate-meta-layouts":"default","ast-page-background-enabled":"default","ast-page-background-meta":{"desktop":{"background-color":"var(--ast-global-color-4)","background-image":"","background-repeat":"repeat","background-position":"center center","background-size":"auto","background-attachment":"scroll","background-type":"","background-media":"","overlay-type":"","overlay-color":"","overlay-opacity":"","overlay-gradient":""},"tablet":{"background-color":"","background-image":"","background-repeat":"repeat","background-position":"center center","background-size":"auto","background-attachment":"scroll","background-type":"","background-media":"","overlay-type":"","overlay-color":"","overlay-opacity":"","overlay-gradient":""},"mobile":{"background-color":"","background-image":"","background-repeat":"repeat","background-position":"center center","background-size":"auto","background-attachment":"scroll","background-type":"","background-media":"","overlay-type":"","overlay-color":"","overlay-opacity":"","overlay-gradient":""}},"ast-content-background-meta":{"desktop":{"background-color":"var(--ast-global-color-5)","background-image":"","background-repeat":"repeat","background-position":"center center","background-size":"auto","background-attachment":"scroll","background-type":"","background-media":"","overlay-type":"","overlay-color":"","overlay-opacity":"","overlay-gradient":""},"tablet":{"background-color":"var(--ast-global-color-5)","background-image":"","background-repeat":"repeat","background-position":"center center","background-size":"auto","background-attachment":"scroll","background-type":"","background-media":"","overlay-type":"","overlay-color":"","overlay-opacity":"","overlay-gradient":""},"mobile":{"background-color":"var(--ast-global-color-5)","background-image":"","background-repeat":"repeat","background-position":"center center","background-size":"auto","background-attachment":"scroll","background-type":"","background-media":"","overlay-type":"","overlay-color":"","overlay-opacity":"","overlay-gradient":""}},"footnotes":""},"categories":[513,100,29],"tags":[],"class_list":["post-6594","post","type-post","status-publish","format-standard","has-post-thumbnail","hentry","category-2020-21","category-infipri","category-portada"],"post_mailing_queue_ids":[],"_links":{"self":[{"href":"https:\/\/agora.xtec.cat\/ielesvinyes\/wp-json\/wp\/v2\/posts\/6594","targetHints":{"allow":["GET"]}}],"collection":[{"href":"https:\/\/agora.xtec.cat\/ielesvinyes\/wp-json\/wp\/v2\/posts"}],"about":[{"href":"https:\/\/agora.xtec.cat\/ielesvinyes\/wp-json\/wp\/v2\/types\/post"}],"author":[{"embeddable":true,"href":"https:\/\/agora.xtec.cat\/ielesvinyes\/wp-json\/wp\/v2\/users\/6"}],"replies":[{"embeddable":true,"href":"https:\/\/agora.xtec.cat\/ielesvinyes\/wp-json\/wp\/v2\/comments?post=6594"}],"version-history":[{"count":1,"href":"https:\/\/agora.xtec.cat\/ielesvinyes\/wp-json\/wp\/v2\/posts\/6594\/revisions"}],"predecessor-version":[{"id":6596,"href":"https:\/\/agora.xtec.cat\/ielesvinyes\/wp-json\/wp\/v2\/posts\/6594\/revisions\/6596"}],"wp:featuredmedia":[{"embeddable":true,"href":"https:\/\/agora.xtec.cat\/ielesvinyes\/wp-json\/wp\/v2\/media\/6595"}],"wp:attachment":[{"href":"https:\/\/agora.xtec.cat\/ielesvinyes\/wp-json\/wp\/v2\/media?parent=6594"}],"wp:term":[{"taxonomy":"category","embeddable":true,"href":"https:\/\/agora.xtec.cat\/ielesvinyes\/wp-json\/wp\/v2\/categories?post=6594"},{"taxonomy":"post_tag","embeddable":true,"href":"https:\/\/agora.xtec.cat\/ielesvinyes\/wp-json\/wp\/v2\/tags?post=6594"}],"curies":[{"name":"wp","href":"https:\/\/api.w.org\/{rel}","templated":true}]}}