{"id":639,"date":"2012-10-28T11:35:33","date_gmt":"2012-10-28T10:35:33","guid":{"rendered":"http:\/\/ielesvinyes.net\/?p=639"},"modified":"2012-10-28T11:35:33","modified_gmt":"2012-10-28T10:35:33","slug":"reunions-de-leso-amb-les-families","status":"publish","type":"post","link":"https:\/\/agora.xtec.cat\/ielesvinyes\/general\/reunions-de-leso-amb-les-families\/","title":{"rendered":"Reunions de l&#039;ESO amb les fam\u00edlies"},"content":{"rendered":"<p>Despr\u00e9s del <a href=\"http:\/\/www.flickr.com\/photos\/ielesvinyes\/sets\/72157631623421347\/\" target=\"_blank\">Pla d&#8217;acollida inicial<\/a> i de posar en marxa del curs a l&#8217;ESO, acabem aquesta primera etapa amb l&#8217;Avaluaci\u00f3 0 interna i la sortida general amb tot el centre a la muntanya de Montserrat. \u00c9s el moment de trobar-nos amb les fam\u00edlies.<\/p>\n<p>Per aix\u00f2, aquest <strong>Dilluns 29, a les 6.30<\/strong> h tindr\u00e0 lloc <strong>la reuni\u00f3 de pares i mares dels alumnes de l&#8217;ESO amb els tutors<\/strong>. Cada grup-classe es trobar\u00e0 amb el tutor o tutora de grup i amb els tutors individuals. \u00c9s una reuni\u00f3 informativa que abordar\u00e0 temes organitzatius i pedag\u00f2gics, no per parlar de cada alumne en concret. S&#8217;entregar\u00e0 un breu dossier informatiu a cada fam\u00edlia.<\/p>\n<p><a href=\"http:\/\/agora.xtec.cat\/ielesvinyes\/wp-content\/uploads\/usu1433\/2012\/10\/reunions.jpg\"><img loading=\"lazy\" decoding=\"async\" class=\"alignleft size-medium wp-image-647\" title=\"reunions\" src=\"http:\/\/agora.xtec.cat\/ielesvinyes\/wp-content\/uploads\/usu1433\/2012\/10\/reunions-300x215.jpg\" alt=\"\" width=\"300\" height=\"215\" \/><\/a><\/p>\n<p>Normes de funcionament, aspectes curriculars, agrupaments, el treball a casa i al centre, les optatives, els serveis complementaris del centre, etc.<strong> Tot de temes importants per presentar i un espai de trobada amb les fam\u00edlies per poder preguntar i proposar.<\/strong> <strong><span style=\"color: #339966;\">Us hi esperem!<\/span><\/strong><\/p>\n<p>Les fam\u00edlies haureu rebut una convocat\u00f2ria escrita que caldr\u00e0 tornar signada indicant que\u00a0assistireu\u00a0(o no) a la reuni\u00f3.<\/p>\n<p><iframe loading=\"lazy\" src=\"http:\/\/player.vimeo.com\/video\/49551934?badge=0\" frameborder=\"0\" width=\"500\" height=\"375\"><\/iframe><\/p>\n","protected":false},"excerpt":{"rendered":"<p>Despr\u00e9s del Pla d&#8217;acollida inicial i de posar en marxa del curs a l&#8217;ESO, acabem aquesta primera etapa amb l&#8217;Avaluaci\u00f3 0 interna i la sortida general amb tot el centre a la muntanya de Montserrat. \u00c9s el moment de trobar-nos amb les fam\u00edlies. Per aix\u00f2, aquest Dilluns 29, a les 6.30 h tindr\u00e0 lloc la [&hellip;]<\/p>\n","protected":false},"author":1,"featured_media":0,"comment_status":"open","ping_status":"open","sticky":false,"template":"","format":"standard","meta":{"_bbp_topic_count":0,"_bbp_reply_count":0,"_bbp_total_topic_count":0,"_bbp_total_reply_count":0,"_bbp_voice_count":0,"_bbp_anonymous_reply_count":0,"_bbp_topic_count_hidden":0,"_bbp_reply_count_hidden":0,"_bbp_forum_subforum_count":0,"site-sidebar-layout":"default","site-content-layout":"","ast-site-content-layout":"","site-content-style":"default","site-sidebar-style":"default","ast-global-header-display":"","ast-banner-title-visibility":"","ast-main-header-display":"","ast-hfb-above-header-display":"","ast-hfb-below-header-display":"","ast-hfb-mobile-header-display":"","site-post-title":"","ast-breadcrumbs-content":"","ast-featured-img":"","footer-sml-layout":"","theme-transparent-header-meta":"","adv-header-id-meta":"","stick-header-meta":"","header-above-stick-meta":"","header-main-stick-meta":"","header-below-stick-meta":"","astra-migrate-meta-layouts":"default","ast-page-background-enabled":"default","ast-page-background-meta":{"desktop":{"background-color":"var(--ast-global-color-4)","background-image":"","background-repeat":"repeat","background-position":"center center","background-size":"auto","background-attachment":"scroll","background-type":"","background-media":"","overlay-type":"","overlay-color":"","overlay-opacity":"","overlay-gradient":""},"tablet":{"background-color":"","background-image":"","background-repeat":"repeat","background-position":"center center","background-size":"auto","background-attachment":"scroll","background-type":"","background-media":"","overlay-type":"","overlay-color":"","overlay-opacity":"","overlay-gradient":""},"mobile":{"background-color":"","background-image":"","background-repeat":"repeat","background-position":"center center","background-size":"auto","background-attachment":"scroll","background-type":"","background-media":"","overlay-type":"","overlay-color":"","overlay-opacity":"","overlay-gradient":""}},"ast-content-background-meta":{"desktop":{"background-color":"var(--ast-global-color-5)","background-image":"","background-repeat":"repeat","background-position":"center center","background-size":"auto","background-attachment":"scroll","background-type":"","background-media":"","overlay-type":"","overlay-color":"","overlay-opacity":"","overlay-gradient":""},"tablet":{"background-color":"var(--ast-global-color-5)","background-image":"","background-repeat":"repeat","background-position":"center center","background-size":"auto","background-attachment":"scroll","background-type":"","background-media":"","overlay-type":"","overlay-color":"","overlay-opacity":"","overlay-gradient":""},"mobile":{"background-color":"var(--ast-global-color-5)","background-image":"","background-repeat":"repeat","background-position":"center center","background-size":"auto","background-attachment":"scroll","background-type":"","background-media":"","overlay-type":"","overlay-color":"","overlay-opacity":"","overlay-gradient":""}},"footnotes":""},"categories":[1,301],"tags":[260],"class_list":["post-639","post","type-post","status-publish","format-standard","hentry","category-general","category-secundaria","tag-reunio"],"post_mailing_queue_ids":[],"_links":{"self":[{"href":"https:\/\/agora.xtec.cat\/ielesvinyes\/wp-json\/wp\/v2\/posts\/639","targetHints":{"allow":["GET"]}}],"collection":[{"href":"https:\/\/agora.xtec.cat\/ielesvinyes\/wp-json\/wp\/v2\/posts"}],"about":[{"href":"https:\/\/agora.xtec.cat\/ielesvinyes\/wp-json\/wp\/v2\/types\/post"}],"author":[{"embeddable":true,"href":"https:\/\/agora.xtec.cat\/ielesvinyes\/wp-json\/wp\/v2\/users\/1"}],"replies":[{"embeddable":true,"href":"https:\/\/agora.xtec.cat\/ielesvinyes\/wp-json\/wp\/v2\/comments?post=639"}],"version-history":[{"count":0,"href":"https:\/\/agora.xtec.cat\/ielesvinyes\/wp-json\/wp\/v2\/posts\/639\/revisions"}],"wp:attachment":[{"href":"https:\/\/agora.xtec.cat\/ielesvinyes\/wp-json\/wp\/v2\/media?parent=639"}],"wp:term":[{"taxonomy":"category","embeddable":true,"href":"https:\/\/agora.xtec.cat\/ielesvinyes\/wp-json\/wp\/v2\/categories?post=639"},{"taxonomy":"post_tag","embeddable":true,"href":"https:\/\/agora.xtec.cat\/ielesvinyes\/wp-json\/wp\/v2\/tags?post=639"}],"curies":[{"name":"wp","href":"https:\/\/api.w.org\/{rel}","templated":true}]}}