{"id":6360,"date":"2020-07-07T10:52:52","date_gmt":"2020-07-07T08:52:52","guid":{"rendered":"http:\/\/agora.xtec.cat\/ielesvinyes\/?p=6360"},"modified":"2020-07-07T10:52:52","modified_gmt":"2020-07-07T08:52:52","slug":"llistat-definitiu-dassignacio-pel-curs-2020-2021","status":"publish","type":"post","link":"https:\/\/agora.xtec.cat\/ielesvinyes\/portada\/llistat-definitiu-dassignacio-pel-curs-2020-2021\/","title":{"rendered":"Llistat definitiu d&#8217;assignaci\u00f3 pel curs 2020-2021"},"content":{"rendered":"<p>Us facilitem els diferents <strong>llistats d&#8217;assignacions a l&#8217;Institut-Escola Les Vinyes pel curs 2020-2021<\/strong><\/p>\n<p>Llistat de preinscripci\u00f3: <a href=\"https:\/\/agora.xtec.cat\/ielesvinyes\/wp-content\/uploads\/usu1433\/2020\/07\/2_INFORME_PREINSCRITES_OME_INFORME_PREINSCRITES_OME.pdf\">2_INFORME_PREINSCRITES_OME_INFORME_PREINSCRITES_OME<\/a><\/p>\n<p>Llistat d&#8217;assignaci\u00f3 al centre pel curs 20-21: <a href=\"https:\/\/agora.xtec.cat\/ielesvinyes\/wp-content\/uploads\/usu1433\/2020\/07\/1_INFORME_ASSIGNADES_INFORME_ASSIGNADES.pdf\">1_INFORME_ASSIGNADES_INFORME_ASSIGNADES<\/a><\/p>\n<p>Llista d&#8217;espera: <a href=\"https:\/\/agora.xtec.cat\/ielesvinyes\/wp-content\/uploads\/usu1433\/2020\/07\/3_INFORME_LLISTA_ESPERA_OME_LLISTA_ESPERA.pdf\">3_INFORME_LLISTA_ESPERA_OME_LLISTA_ESPERA<\/a><\/p>\n<p>Us recordem que el procediment de <strong>MATR\u00cdCULA el farem del 13 al 17 de juliol<\/strong> (ambdos inclosos) a trav\u00e9s de <a href=\"https:\/\/aplicacions.gestioeducativa.gencat.cat\/pls\/apex\/f?p=CITA_PREVIA:4::::4:P4_TIPUS_CALENDARI,P4_DOMINI:03_Oblig,08067594\"><span style=\"color: #800080;\"><strong>cita pr\u00e8via<\/strong><\/span><\/a><\/p>\n<p>Un informem que el <strong>PROC\u00c9S DE RECLAMACIONS<\/strong> ser\u00e0 els dies 8,9 i 10 de juliol del 2020<\/p>\n<p><strong><span style=\"color: #800080;\">Sup\u00f2sits en els quals les fam\u00edlies poden presentar una reclamaci\u00f3:<\/span><\/strong><\/p>\n<ul>\n<li><em>Disconformitat amb l\u2019assignaci\u00f3 de pla\u00e7a<\/em><\/li>\n<li><em>Educaci\u00f3 Infantil 3 anys i 1r d\u2019ESO (amb vacants)<\/em><\/li>\n<li><em>Cursos intermedis (amb vacants)<\/em><\/li>\n<li><em>Germans separats<\/em><\/li>\n<li><em>Pla\u00e7a d\u2019ofici sense cap centre assignat<\/em><\/li>\n<li><em>Canvis de poblaci\u00f3 sense pla\u00e7a assignada<\/em><\/li>\n<\/ul>\n<p><b style=\"color: #800080; font-family: inherit; font-size: 1em;\">No ser\u00e0 motiu de reclamaci\u00f3:<\/b><\/p>\n<ul>\n<li><span style=\"font-weight: 400;\">Els cursos intermedis, quan no hi ha vacants\u00a0<\/span><\/li>\n<li><span style=\"font-weight: 400;\">Quan la fam\u00edlia t\u00e9 el seu fill\/a en llista d\u2019espera i est\u00e0 pendent que el centre confirmi la matr\u00edcula perqu\u00e8 s\u2019activi la llista, amb ocasi\u00f3 de vacant. A tall d\u2019exemple, si han posat a la sol\u00b7licitud els 10 centres possibles que podien demanar, apareixeran a 10 llistes d\u2019espera fins al 8 de setembre (data fins la qual \u00e9s vigent la llista d\u2019espera).<\/span><\/li>\n<\/ul>\n<p><b style=\"color: #800080; font-family: inherit; font-size: 1em;\">Vies: per presentar una reclamaci\u00f3<\/b><\/p>\n<p><b>Telem\u00e0tica:<\/b><span style=\"font-weight: 400;\"> a trav\u00e9s d\u2019aquest <\/span><b>formulari: <\/b><a href=\"https:\/\/docs.google.com\/forms\/d\/e\/1FAIpQLSf4sC5dT5SlfzF6MBp9uaVrr6VrqDkS9XYBZzpAsP-un3mBUw\/viewform\"><span style=\"font-weight: 400;\">Reclamaci\u00f3 contra la pla\u00e7a assignada<\/span><\/a><\/p>\n<p>&nbsp;<\/p>\n<p><span style=\"color: #800080;\"><b>Resposta a les reclamacions:<\/b><\/span><\/p>\n<p><span style=\"font-weight: 400;\">Cal tenir en compte que totes les reclamacions presentades es tracten per igual, tant si es presenten el primer dia com si es presenten el darrer.\u00a0<\/span><\/p>\n<p><span style=\"font-weight: 400;\">La comissi\u00f3 <\/span><span style=\"font-weight: 400;\">de garanties d\u2019admissi\u00f3 es reunir\u00e0 el 13 i 14 de juliol i donar\u00e0 <\/span><b>resposta a cadascuna de les reclamacions per correu electr\u00f2nic, els dies 14 i 15 de juliol.<\/b><\/p>\n<p>&nbsp;<\/p>\n","protected":false},"excerpt":{"rendered":"<p>Us facilitem els diferents llistats d&#8217;assignacions a l&#8217;Institut-Escola Les Vinyes pel curs 2020-2021 Llistat de preinscripci\u00f3: 2_INFORME_PREINSCRITES_OME_INFORME_PREINSCRITES_OME Llistat d&#8217;assignaci\u00f3 al centre pel curs 20-21: 1_INFORME_ASSIGNADES_INFORME_ASSIGNADES Llista d&#8217;espera: 3_INFORME_LLISTA_ESPERA_OME_LLISTA_ESPERA Us recordem que el procediment de MATR\u00cdCULA el farem del 13 al 17 de juliol (ambdos inclosos) a trav\u00e9s de cita pr\u00e8via Un informem que el PROC\u00c9S [&hellip;]<\/p>\n","protected":false},"author":6,"featured_media":6369,"comment_status":"open","ping_status":"closed","sticky":false,"template":"","format":"standard","meta":{"_bbp_topic_count":0,"_bbp_reply_count":0,"_bbp_total_topic_count":0,"_bbp_total_reply_count":0,"_bbp_voice_count":0,"_bbp_anonymous_reply_count":0,"_bbp_topic_count_hidden":0,"_bbp_reply_count_hidden":0,"_bbp_forum_subforum_count":0,"site-sidebar-layout":"default","site-content-layout":"","ast-site-content-layout":"","site-content-style":"default","site-sidebar-style":"default","ast-global-header-display":"","ast-banner-title-visibility":"","ast-main-header-display":"","ast-hfb-above-header-display":"","ast-hfb-below-header-display":"","ast-hfb-mobile-header-display":"","site-post-title":"","ast-breadcrumbs-content":"","ast-featured-img":"","footer-sml-layout":"","theme-transparent-header-meta":"","adv-header-id-meta":"","stick-header-meta":"","header-above-stick-meta":"","header-main-stick-meta":"","header-below-stick-meta":"","astra-migrate-meta-layouts":"default","ast-page-background-enabled":"default","ast-page-background-meta":{"desktop":{"background-color":"var(--ast-global-color-4)","background-image":"","background-repeat":"repeat","background-position":"center center","background-size":"auto","background-attachment":"scroll","background-type":"","background-media":"","overlay-type":"","overlay-color":"","overlay-opacity":"","overlay-gradient":""},"tablet":{"background-color":"","background-image":"","background-repeat":"repeat","background-position":"center center","background-size":"auto","background-attachment":"scroll","background-type":"","background-media":"","overlay-type":"","overlay-color":"","overlay-opacity":"","overlay-gradient":""},"mobile":{"background-color":"","background-image":"","background-repeat":"repeat","background-position":"center center","background-size":"auto","background-attachment":"scroll","background-type":"","background-media":"","overlay-type":"","overlay-color":"","overlay-opacity":"","overlay-gradient":""}},"ast-content-background-meta":{"desktop":{"background-color":"var(--ast-global-color-5)","background-image":"","background-repeat":"repeat","background-position":"center center","background-size":"auto","background-attachment":"scroll","background-type":"","background-media":"","overlay-type":"","overlay-color":"","overlay-opacity":"","overlay-gradient":""},"tablet":{"background-color":"var(--ast-global-color-5)","background-image":"","background-repeat":"repeat","background-position":"center center","background-size":"auto","background-attachment":"scroll","background-type":"","background-media":"","overlay-type":"","overlay-color":"","overlay-opacity":"","overlay-gradient":""},"mobile":{"background-color":"var(--ast-global-color-5)","background-image":"","background-repeat":"repeat","background-position":"center center","background-size":"auto","background-attachment":"scroll","background-type":"","background-media":"","overlay-type":"","overlay-color":"","overlay-opacity":"","overlay-gradient":""}},"footnotes":""},"categories":[513,100,29,301],"tags":[],"class_list":["post-6360","post","type-post","status-publish","format-standard","has-post-thumbnail","hentry","category-2020-21","category-infipri","category-portada","category-secundaria"],"post_mailing_queue_ids":[],"_links":{"self":[{"href":"https:\/\/agora.xtec.cat\/ielesvinyes\/wp-json\/wp\/v2\/posts\/6360","targetHints":{"allow":["GET"]}}],"collection":[{"href":"https:\/\/agora.xtec.cat\/ielesvinyes\/wp-json\/wp\/v2\/posts"}],"about":[{"href":"https:\/\/agora.xtec.cat\/ielesvinyes\/wp-json\/wp\/v2\/types\/post"}],"author":[{"embeddable":true,"href":"https:\/\/agora.xtec.cat\/ielesvinyes\/wp-json\/wp\/v2\/users\/6"}],"replies":[{"embeddable":true,"href":"https:\/\/agora.xtec.cat\/ielesvinyes\/wp-json\/wp\/v2\/comments?post=6360"}],"version-history":[{"count":3,"href":"https:\/\/agora.xtec.cat\/ielesvinyes\/wp-json\/wp\/v2\/posts\/6360\/revisions"}],"predecessor-version":[{"id":6368,"href":"https:\/\/agora.xtec.cat\/ielesvinyes\/wp-json\/wp\/v2\/posts\/6360\/revisions\/6368"}],"wp:featuredmedia":[{"embeddable":true,"href":"https:\/\/agora.xtec.cat\/ielesvinyes\/wp-json\/wp\/v2\/media\/6369"}],"wp:attachment":[{"href":"https:\/\/agora.xtec.cat\/ielesvinyes\/wp-json\/wp\/v2\/media?parent=6360"}],"wp:term":[{"taxonomy":"category","embeddable":true,"href":"https:\/\/agora.xtec.cat\/ielesvinyes\/wp-json\/wp\/v2\/categories?post=6360"},{"taxonomy":"post_tag","embeddable":true,"href":"https:\/\/agora.xtec.cat\/ielesvinyes\/wp-json\/wp\/v2\/tags?post=6360"}],"curies":[{"name":"wp","href":"https:\/\/api.w.org\/{rel}","templated":true}]}}