{"id":6316,"date":"2020-06-02T23:58:02","date_gmt":"2020-06-02T21:58:02","guid":{"rendered":"http:\/\/agora.xtec.cat\/ielesvinyes\/?p=6316"},"modified":"2020-06-03T00:00:00","modified_gmt":"2020-06-02T22:00:00","slug":"pla-de-reobertura-de-centre-juny-2020","status":"publish","type":"post","link":"https:\/\/agora.xtec.cat\/ielesvinyes\/general\/pla-de-reobertura-de-centre-juny-2020\/","title":{"rendered":"Pla de reobertura de centre &#8211; juny 2020"},"content":{"rendered":"<p>Des del passat dia 20 de maig del 2020 tenim la informaci\u00f3 que els centres educatius han de redactar un Pla de Reobertura de centre per al mes de juny sempre i quan el territori al que pertanyen es trobi en fase 2 de desconfinament.<\/p>\n<p>Com a centre i davant aquesta immediatesa prevista a partir del dilluns 8 de juny, us presentem el Pla de Reobertura que hem estat elaborant, consensuat amb Inspecci\u00f3 Educativa i presentat al Consell Escolar del centre.<\/p>\n<p>El Pla de Reobertura de Centres Educatius en Fase 2 de desescalada incorpora un seguit de mesures espec\u00edfiques emeses per les autoritats sanit\u00e0ries i el PROCICAT referents a les distancies socials, l&#8217;adequaci\u00f3 i ocupaci\u00f3 d&#8217;espais, mesures higi\u00e8niques, nombre de docents, i sempre tenint en compte la vulnerablitat de l&#8217;alumnat i el personal docent i no docent del centre. Davant a aquestes premises, des de l&#8217;Institut-Escola Les Vinyes creiem convenient minimitzar l&#8217;obertura del nostre centre educatiu a partir del moment que el territori passi a fase 2 per evitar els possibles riscos de contagis o focus actius de la COVID-19.<\/p>\n<p>Per a tenir tota la informaci\u00f3 podeu consultar el nostre <a href=\"https:\/\/agora.xtec.cat\/ielesvinyes\/wp-content\/uploads\/usu1433\/2020\/06\/Pla-de-reobertura_juny2020_IELesVinyes-2.pdf\">Pla de reobertura_juny2020_IELesVinyes (2)<\/a><\/p>\n<p>&nbsp;<\/p>\n","protected":false},"excerpt":{"rendered":"<p>Des del passat dia 20 de maig del 2020 tenim la informaci\u00f3 que els centres educatius han de redactar un Pla de Reobertura de centre per al mes de juny sempre i quan el territori al que pertanyen es trobi en fase 2 de desconfinament. Com a centre i davant aquesta immediatesa prevista a partir [&hellip;]<\/p>\n","protected":false},"author":6,"featured_media":6317,"comment_status":"open","ping_status":"closed","sticky":false,"template":"","format":"standard","meta":{"_bbp_topic_count":0,"_bbp_reply_count":0,"_bbp_total_topic_count":0,"_bbp_total_reply_count":0,"_bbp_voice_count":0,"_bbp_anonymous_reply_count":0,"_bbp_topic_count_hidden":0,"_bbp_reply_count_hidden":0,"_bbp_forum_subforum_count":0,"site-sidebar-layout":"default","site-content-layout":"","ast-site-content-layout":"","site-content-style":"default","site-sidebar-style":"default","ast-global-header-display":"","ast-banner-title-visibility":"","ast-main-header-display":"","ast-hfb-above-header-display":"","ast-hfb-below-header-display":"","ast-hfb-mobile-header-display":"","site-post-title":"","ast-breadcrumbs-content":"","ast-featured-img":"","footer-sml-layout":"","theme-transparent-header-meta":"","adv-header-id-meta":"","stick-header-meta":"","header-above-stick-meta":"","header-main-stick-meta":"","header-below-stick-meta":"","astra-migrate-meta-layouts":"default","ast-page-background-enabled":"default","ast-page-background-meta":{"desktop":{"background-color":"var(--ast-global-color-4)","background-image":"","background-repeat":"repeat","background-position":"center center","background-size":"auto","background-attachment":"scroll","background-type":"","background-media":"","overlay-type":"","overlay-color":"","overlay-opacity":"","overlay-gradient":""},"tablet":{"background-color":"","background-image":"","background-repeat":"repeat","background-position":"center center","background-size":"auto","background-attachment":"scroll","background-type":"","background-media":"","overlay-type":"","overlay-color":"","overlay-opacity":"","overlay-gradient":""},"mobile":{"background-color":"","background-image":"","background-repeat":"repeat","background-position":"center center","background-size":"auto","background-attachment":"scroll","background-type":"","background-media":"","overlay-type":"","overlay-color":"","overlay-opacity":"","overlay-gradient":""}},"ast-content-background-meta":{"desktop":{"background-color":"var(--ast-global-color-5)","background-image":"","background-repeat":"repeat","background-position":"center center","background-size":"auto","background-attachment":"scroll","background-type":"","background-media":"","overlay-type":"","overlay-color":"","overlay-opacity":"","overlay-gradient":""},"tablet":{"background-color":"var(--ast-global-color-5)","background-image":"","background-repeat":"repeat","background-position":"center center","background-size":"auto","background-attachment":"scroll","background-type":"","background-media":"","overlay-type":"","overlay-color":"","overlay-opacity":"","overlay-gradient":""},"mobile":{"background-color":"var(--ast-global-color-5)","background-image":"","background-repeat":"repeat","background-position":"center center","background-size":"auto","background-attachment":"scroll","background-type":"","background-media":"","overlay-type":"","overlay-color":"","overlay-opacity":"","overlay-gradient":""}},"footnotes":""},"categories":[413,1,100,29,301],"tags":[],"class_list":["post-6316","post","type-post","status-publish","format-standard","has-post-thumbnail","hentry","category-2019-20","category-general","category-infipri","category-portada","category-secundaria"],"post_mailing_queue_ids":[],"_links":{"self":[{"href":"https:\/\/agora.xtec.cat\/ielesvinyes\/wp-json\/wp\/v2\/posts\/6316","targetHints":{"allow":["GET"]}}],"collection":[{"href":"https:\/\/agora.xtec.cat\/ielesvinyes\/wp-json\/wp\/v2\/posts"}],"about":[{"href":"https:\/\/agora.xtec.cat\/ielesvinyes\/wp-json\/wp\/v2\/types\/post"}],"author":[{"embeddable":true,"href":"https:\/\/agora.xtec.cat\/ielesvinyes\/wp-json\/wp\/v2\/users\/6"}],"replies":[{"embeddable":true,"href":"https:\/\/agora.xtec.cat\/ielesvinyes\/wp-json\/wp\/v2\/comments?post=6316"}],"version-history":[{"count":2,"href":"https:\/\/agora.xtec.cat\/ielesvinyes\/wp-json\/wp\/v2\/posts\/6316\/revisions"}],"predecessor-version":[{"id":6320,"href":"https:\/\/agora.xtec.cat\/ielesvinyes\/wp-json\/wp\/v2\/posts\/6316\/revisions\/6320"}],"wp:featuredmedia":[{"embeddable":true,"href":"https:\/\/agora.xtec.cat\/ielesvinyes\/wp-json\/wp\/v2\/media\/6317"}],"wp:attachment":[{"href":"https:\/\/agora.xtec.cat\/ielesvinyes\/wp-json\/wp\/v2\/media?parent=6316"}],"wp:term":[{"taxonomy":"category","embeddable":true,"href":"https:\/\/agora.xtec.cat\/ielesvinyes\/wp-json\/wp\/v2\/categories?post=6316"},{"taxonomy":"post_tag","embeddable":true,"href":"https:\/\/agora.xtec.cat\/ielesvinyes\/wp-json\/wp\/v2\/tags?post=6316"}],"curies":[{"name":"wp","href":"https:\/\/api.w.org\/{rel}","templated":true}]}}