{"id":6312,"date":"2020-05-28T17:44:37","date_gmt":"2020-05-28T15:44:37","guid":{"rendered":"http:\/\/agora.xtec.cat\/ielesvinyes\/?p=6312"},"modified":"2020-10-06T11:48:55","modified_gmt":"2020-10-06T09:48:55","slug":"la-nova-escola-reflexions-sobre-la-transformacio-educativa","status":"publish","type":"post","link":"https:\/\/agora.xtec.cat\/ielesvinyes\/portada\/la-nova-escola-reflexions-sobre-la-transformacio-educativa\/","title":{"rendered":"La nova escola &#8211; reflexions sobre la transformaci\u00f3 educativa"},"content":{"rendered":"<p><img loading=\"lazy\" decoding=\"async\" class=\"alignleft  wp-image-6313\" src=\"https:\/\/agora.xtec.cat\/ielesvinyes\/wp-content\/uploads\/usu1433\/2020\/05\/sven-scheuermeier-XCBW03rNaNQ-unsplash-150x150.jpg\" alt=\"\" width=\"263\" height=\"263\" \/><\/p>\n<p>Al llarg dels tres anys d&#8217;<strong>Escola Nova 21<\/strong>, <strong>Nanouk Films<\/strong> va coproduir amb TV3 el documental <strong>&#8220;La nova escola&#8221;<\/strong>, que reflexiona sobre la transformaci\u00f3 educativa.El nostre centre hi va participar i en surten imatges tot reflexionant sobre el model pedag\u00f2gic del nostre centre i d&#8217;altres centres que estan en aquest cam\u00ed de la transformaci\u00f3 educativa.<\/p>\n<p>Aquest documental est\u00e0 disponible de forma gratu\u00efta fins el diumenge dia 31 de maig a les 20h del vespre al web\u00a0 <a style=\"color: #2795b6;\" href=\"https:\/\/docsbarcelona.com\/pellicules\/la-nova-escola\" target=\"_blank\" rel=\"noopener noreferrer\" data-saferedirecturl=\"https:\/\/www.google.com\/url?q=https:\/\/docsbarcelona.com\/pellicules\/la-nova-escola&amp;source=gmail&amp;ust=1590848365499000&amp;usg=AFQjCNHuWEOjIX4jZW_pouriR6qYyC1tCA\">https:\/\/docsbarcelona.com\/<wbr \/>pellicules\/la-nova-escola<\/a><\/p>\n<p>Est\u00e0 previst que d&#8217;aqu\u00ed a un temps hi hagi una versi\u00f3 m\u00e9s redu\u00efda al programa Sense ficci\u00f3 de TV3.<\/p>\n","protected":false},"excerpt":{"rendered":"<p>Al llarg dels tres anys d&#8217;Escola Nova 21, Nanouk Films va coproduir amb TV3 el documental &#8220;La nova escola&#8221;, que reflexiona sobre la transformaci\u00f3 educativa.El nostre centre hi va participar i en surten imatges tot reflexionant sobre el model pedag\u00f2gic del nostre centre i d&#8217;altres centres que estan en aquest cam\u00ed de la transformaci\u00f3 educativa. [&hellip;]<\/p>\n","protected":false},"author":6,"featured_media":6313,"comment_status":"open","ping_status":"closed","sticky":false,"template":"","format":"standard","meta":{"_bbp_topic_count":0,"_bbp_reply_count":0,"_bbp_total_topic_count":0,"_bbp_total_reply_count":0,"_bbp_voice_count":0,"_bbp_anonymous_reply_count":0,"_bbp_topic_count_hidden":0,"_bbp_reply_count_hidden":0,"_bbp_forum_subforum_count":0,"site-sidebar-layout":"default","site-content-layout":"","ast-site-content-layout":"","site-content-style":"default","site-sidebar-style":"default","ast-global-header-display":"","ast-banner-title-visibility":"","ast-main-header-display":"","ast-hfb-above-header-display":"","ast-hfb-below-header-display":"","ast-hfb-mobile-header-display":"","site-post-title":"","ast-breadcrumbs-content":"","ast-featured-img":"","footer-sml-layout":"","theme-transparent-header-meta":"","adv-header-id-meta":"","stick-header-meta":"","header-above-stick-meta":"","header-main-stick-meta":"","header-below-stick-meta":"","astra-migrate-meta-layouts":"default","ast-page-background-enabled":"default","ast-page-background-meta":{"desktop":{"background-color":"var(--ast-global-color-4)","background-image":"","background-repeat":"repeat","background-position":"center center","background-size":"auto","background-attachment":"scroll","background-type":"","background-media":"","overlay-type":"","overlay-color":"","overlay-opacity":"","overlay-gradient":""},"tablet":{"background-color":"","background-image":"","background-repeat":"repeat","background-position":"center center","background-size":"auto","background-attachment":"scroll","background-type":"","background-media":"","overlay-type":"","overlay-color":"","overlay-opacity":"","overlay-gradient":""},"mobile":{"background-color":"","background-image":"","background-repeat":"repeat","background-position":"center center","background-size":"auto","background-attachment":"scroll","background-type":"","background-media":"","overlay-type":"","overlay-color":"","overlay-opacity":"","overlay-gradient":""}},"ast-content-background-meta":{"desktop":{"background-color":"var(--ast-global-color-5)","background-image":"","background-repeat":"repeat","background-position":"center center","background-size":"auto","background-attachment":"scroll","background-type":"","background-media":"","overlay-type":"","overlay-color":"","overlay-opacity":"","overlay-gradient":""},"tablet":{"background-color":"var(--ast-global-color-5)","background-image":"","background-repeat":"repeat","background-position":"center center","background-size":"auto","background-attachment":"scroll","background-type":"","background-media":"","overlay-type":"","overlay-color":"","overlay-opacity":"","overlay-gradient":""},"mobile":{"background-color":"var(--ast-global-color-5)","background-image":"","background-repeat":"repeat","background-position":"center center","background-size":"auto","background-attachment":"scroll","background-type":"","background-media":"","overlay-type":"","overlay-color":"","overlay-opacity":"","overlay-gradient":""}},"footnotes":""},"categories":[413,100,29,375,301],"tags":[],"class_list":["post-6312","post","type-post","status-publish","format-standard","has-post-thumbnail","hentry","category-2019-20","category-infipri","category-portada","category-projecte-educatiu","category-secundaria"],"post_mailing_queue_ids":[],"_links":{"self":[{"href":"https:\/\/agora.xtec.cat\/ielesvinyes\/wp-json\/wp\/v2\/posts\/6312","targetHints":{"allow":["GET"]}}],"collection":[{"href":"https:\/\/agora.xtec.cat\/ielesvinyes\/wp-json\/wp\/v2\/posts"}],"about":[{"href":"https:\/\/agora.xtec.cat\/ielesvinyes\/wp-json\/wp\/v2\/types\/post"}],"author":[{"embeddable":true,"href":"https:\/\/agora.xtec.cat\/ielesvinyes\/wp-json\/wp\/v2\/users\/6"}],"replies":[{"embeddable":true,"href":"https:\/\/agora.xtec.cat\/ielesvinyes\/wp-json\/wp\/v2\/comments?post=6312"}],"version-history":[{"count":3,"href":"https:\/\/agora.xtec.cat\/ielesvinyes\/wp-json\/wp\/v2\/posts\/6312\/revisions"}],"predecessor-version":[{"id":6481,"href":"https:\/\/agora.xtec.cat\/ielesvinyes\/wp-json\/wp\/v2\/posts\/6312\/revisions\/6481"}],"wp:featuredmedia":[{"embeddable":true,"href":"https:\/\/agora.xtec.cat\/ielesvinyes\/wp-json\/wp\/v2\/media\/6313"}],"wp:attachment":[{"href":"https:\/\/agora.xtec.cat\/ielesvinyes\/wp-json\/wp\/v2\/media?parent=6312"}],"wp:term":[{"taxonomy":"category","embeddable":true,"href":"https:\/\/agora.xtec.cat\/ielesvinyes\/wp-json\/wp\/v2\/categories?post=6312"},{"taxonomy":"post_tag","embeddable":true,"href":"https:\/\/agora.xtec.cat\/ielesvinyes\/wp-json\/wp\/v2\/tags?post=6312"}],"curies":[{"name":"wp","href":"https:\/\/api.w.org\/{rel}","templated":true}]}}