{"id":6287,"date":"2020-05-07T09:02:18","date_gmt":"2020-05-07T07:02:18","guid":{"rendered":"http:\/\/agora.xtec.cat\/ielesvinyes\/?p=6287"},"modified":"2022-09-28T07:03:28","modified_gmt":"2022-09-28T05:03:28","slug":"hem-guanyat-el-premi-baldiri-connexions","status":"publish","type":"post","link":"https:\/\/agora.xtec.cat\/ielesvinyes\/general\/hem-guanyat-el-premi-baldiri-connexions\/","title":{"rendered":"Hem guanyat el premi Baldiri Connexions"},"content":{"rendered":"<p><img loading=\"lazy\" decoding=\"async\" class=\"alignleft wp-image-6286 size-medium\" src=\"https:\/\/agora.xtec.cat\/ielesvinyes\/wp-content\/uploads\/usu1433\/2020\/05\/premiBaldiri-263x300.jpeg\" alt=\"\" width=\"263\" height=\"300\" srcset=\"https:\/\/agora.xtec.cat\/ielesvinyes\/wp-content\/uploads\/usu1433\/2020\/05\/premiBaldiri-263x300.jpeg 263w, https:\/\/agora.xtec.cat\/ielesvinyes\/wp-content\/uploads\/usu1433\/2020\/05\/premiBaldiri-768x877.jpeg 768w, https:\/\/agora.xtec.cat\/ielesvinyes\/wp-content\/uploads\/usu1433\/2020\/05\/premiBaldiri-896x1024.jpeg 896w, https:\/\/agora.xtec.cat\/ielesvinyes\/wp-content\/uploads\/usu1433\/2020\/05\/premiBaldiri.jpeg 1200w\" sizes=\"auto, (max-width: 263px) 100vw, 263px\" \/>\u00c9s una alegria compartir amb vosaltres que hem guanyat un dels Premis Baldiri Connexions d&#8217;aquest any. Aquest premi, convocat per Fundaci\u00f3 Carulla, pret\u00e9n impulsar i valorar propostes que parteixin d&#8217;una col\u00b7laboraci\u00f3 estreta entre centres educatius i entitats culturals i art\u00edstiques.<\/p>\n<p>El projecte premiat \u00e9s &#8220;El teatre de la mem\u00f2ria&#8221; que han dut a terme els i les alumnes de 3er d&#8217;ESO des de l&#8217;\u00e0mbit SAE (social, art\u00edstic i expressiu). Amb aquest projecte els nois i les noies han creat i representat una obra de teatre a partir de la recuperaci\u00f3 de les hist\u00f2ries de vida dels seus avis i \u00e0vies. Per dur-lo a terme hem comptat amb l&#8217;acompanyament de l&#8217;artista local Txell Torres, qui ens ha ajudat a eixamplar els llenguatges expressius i a portar a escena aprenentatges, experi\u00e8ncies, silencis i sobretot la nostra mem\u00f2ria hist\u00f2rica.<\/p>\n<p>Ha estat un proc\u00e9s intens, profund i transformador que ens confirma, un cop m\u00e9s, que l&#8217;aprenentatge i la cultura transforma i ens transforma.<\/p>\n<p>Us deixem un tastet del projecte a trav\u00e9s d&#8217;aquest v\u00eddeo de l&#8217;InkoK on els nois i les noies expliquen el proc\u00e9s. Esperem que us el gaudiu molt.<\/p>\n<p>#somLesVinyes<\/p>\n<p style=\"text-align: center;\">\u00a0<iframe loading=\"lazy\" src=\"https:\/\/www.ccma.cat\/video\/embed\/super3\/5986147\/\" width=\"500px\" height=\"281px\" frameborder=\"0\" data-mce-fragment=\"1\"><\/iframe><\/p>\n","protected":false},"excerpt":{"rendered":"<p>\u00c9s una alegria compartir amb vosaltres que hem guanyat un dels Premis Baldiri Connexions d&#8217;aquest any. Aquest premi, convocat per Fundaci\u00f3 Carulla, pret\u00e9n impulsar i valorar propostes que parteixin d&#8217;una col\u00b7laboraci\u00f3 estreta entre centres educatius i entitats culturals i art\u00edstiques. El projecte premiat \u00e9s &#8220;El teatre de la mem\u00f2ria&#8221; que han dut a terme els [&hellip;]<\/p>\n","protected":false},"author":1,"featured_media":6286,"comment_status":"open","ping_status":"closed","sticky":false,"template":"","format":"standard","meta":{"_bbp_topic_count":0,"_bbp_reply_count":0,"_bbp_total_topic_count":0,"_bbp_total_reply_count":0,"_bbp_voice_count":0,"_bbp_anonymous_reply_count":0,"_bbp_topic_count_hidden":0,"_bbp_reply_count_hidden":0,"_bbp_forum_subforum_count":0,"site-sidebar-layout":"default","site-content-layout":"","ast-site-content-layout":"","site-content-style":"default","site-sidebar-style":"default","ast-global-header-display":"","ast-banner-title-visibility":"","ast-main-header-display":"","ast-hfb-above-header-display":"","ast-hfb-below-header-display":"","ast-hfb-mobile-header-display":"","site-post-title":"","ast-breadcrumbs-content":"","ast-featured-img":"","footer-sml-layout":"","theme-transparent-header-meta":"","adv-header-id-meta":"","stick-header-meta":"","header-above-stick-meta":"","header-main-stick-meta":"","header-below-stick-meta":"","astra-migrate-meta-layouts":"default","ast-page-background-enabled":"default","ast-page-background-meta":{"desktop":{"background-color":"var(--ast-global-color-4)","background-image":"","background-repeat":"repeat","background-position":"center center","background-size":"auto","background-attachment":"scroll","background-type":"","background-media":"","overlay-type":"","overlay-color":"","overlay-opacity":"","overlay-gradient":""},"tablet":{"background-color":"","background-image":"","background-repeat":"repeat","background-position":"center center","background-size":"auto","background-attachment":"scroll","background-type":"","background-media":"","overlay-type":"","overlay-color":"","overlay-opacity":"","overlay-gradient":""},"mobile":{"background-color":"","background-image":"","background-repeat":"repeat","background-position":"center center","background-size":"auto","background-attachment":"scroll","background-type":"","background-media":"","overlay-type":"","overlay-color":"","overlay-opacity":"","overlay-gradient":""}},"ast-content-background-meta":{"desktop":{"background-color":"var(--ast-global-color-5)","background-image":"","background-repeat":"repeat","background-position":"center center","background-size":"auto","background-attachment":"scroll","background-type":"","background-media":"","overlay-type":"","overlay-color":"","overlay-opacity":"","overlay-gradient":""},"tablet":{"background-color":"var(--ast-global-color-5)","background-image":"","background-repeat":"repeat","background-position":"center center","background-size":"auto","background-attachment":"scroll","background-type":"","background-media":"","overlay-type":"","overlay-color":"","overlay-opacity":"","overlay-gradient":""},"mobile":{"background-color":"var(--ast-global-color-5)","background-image":"","background-repeat":"repeat","background-position":"center center","background-size":"auto","background-attachment":"scroll","background-type":"","background-media":"","overlay-type":"","overlay-color":"","overlay-opacity":"","overlay-gradient":""}},"footnotes":""},"categories":[413,1,29,373,301],"tags":[],"class_list":["post-6287","post","type-post","status-publish","format-standard","has-post-thumbnail","hentry","category-2019-20","category-general","category-portada","category-premis","category-secundaria"],"post_mailing_queue_ids":[],"_links":{"self":[{"href":"https:\/\/agora.xtec.cat\/ielesvinyes\/wp-json\/wp\/v2\/posts\/6287","targetHints":{"allow":["GET"]}}],"collection":[{"href":"https:\/\/agora.xtec.cat\/ielesvinyes\/wp-json\/wp\/v2\/posts"}],"about":[{"href":"https:\/\/agora.xtec.cat\/ielesvinyes\/wp-json\/wp\/v2\/types\/post"}],"author":[{"embeddable":true,"href":"https:\/\/agora.xtec.cat\/ielesvinyes\/wp-json\/wp\/v2\/users\/1"}],"replies":[{"embeddable":true,"href":"https:\/\/agora.xtec.cat\/ielesvinyes\/wp-json\/wp\/v2\/comments?post=6287"}],"version-history":[{"count":3,"href":"https:\/\/agora.xtec.cat\/ielesvinyes\/wp-json\/wp\/v2\/posts\/6287\/revisions"}],"predecessor-version":[{"id":6292,"href":"https:\/\/agora.xtec.cat\/ielesvinyes\/wp-json\/wp\/v2\/posts\/6287\/revisions\/6292"}],"wp:featuredmedia":[{"embeddable":true,"href":"https:\/\/agora.xtec.cat\/ielesvinyes\/wp-json\/wp\/v2\/media\/6286"}],"wp:attachment":[{"href":"https:\/\/agora.xtec.cat\/ielesvinyes\/wp-json\/wp\/v2\/media?parent=6287"}],"wp:term":[{"taxonomy":"category","embeddable":true,"href":"https:\/\/agora.xtec.cat\/ielesvinyes\/wp-json\/wp\/v2\/categories?post=6287"},{"taxonomy":"post_tag","embeddable":true,"href":"https:\/\/agora.xtec.cat\/ielesvinyes\/wp-json\/wp\/v2\/tags?post=6287"}],"curies":[{"name":"wp","href":"https:\/\/api.w.org\/{rel}","templated":true}]}}